{"id":1037,"date":"2025-09-04T19:26:35","date_gmt":"2025-09-04T19:26:35","guid":{"rendered":"https:\/\/fundasp.org.br\/radar\/?p=1037"},"modified":"2025-10-01T13:38:40","modified_gmt":"2025-10-01T13:38:40","slug":"cursos-de-pos-graduacao-in-company-fundasp-tem-novas-turmas","status":"publish","type":"post","link":"https:\/\/fundasp.org.br\/radar\/cursos-de-pos-graduacao-in-company-fundasp-tem-novas-turmas\/","title":{"rendered":"Cursos de P\u00f3s-Gradua\u00e7\u00e3o \u201cIn Company\u201d FUNDASP t\u00eam novas turmas"},"content":{"rendered":"<p>Foi realizada na manh\u00e3 do dia 29\/8 a Aula Magna presencial dos cursos \u201cin company\u201d de P\u00f3s-Gradua\u00e7\u00e3o, Lato Sensu, oferecidos pelo Centro Universit\u00e1rio Assun\u00e7\u00e3o. O encontro ocorreu no audit\u00f3rio Cardeal Arns, no pr\u00e9dio-sede da Funda\u00e7\u00e3o S\u00e3o Paulo.<\/p>\n<p>Participaram alunos ingressantes, que est\u00e3o em curso e outros que j\u00e1 conclu\u00edram a Especializa\u00e7\u00e3o em Hist\u00f3ria da \u00c1frica \u2013 Educa\u00e7\u00e3o, Cultura e Rela\u00e7\u00f5es Internacionais e Pensamento Pol\u00edtico Contempor\u00e2neo. A P\u00f3s-Gradua\u00e7\u00e3o \u00e9 oferecida pela FUNDASP (bolsa 100%) a todos os funcion\u00e1rios com gradua\u00e7\u00e3o das Mantidas e Unidades Suplementares.<\/p>\n<p>Nicole Bonassi, auxiliar de biblioteca no campus Ipiranga da PUC-SP, \u00e9 ingressante no curso Pensamento Pol\u00edtico Contempor\u00e2neo. Ela revela que a expectativa \u00e9 alta. \u201cMe sinto muito animada. Acredito que o conte\u00fado contribui para a constru\u00e7\u00e3o de um pensamento cr\u00edtico e leva \u00e0 forma\u00e7\u00e3o de opini\u00f5es embasadas em fatos que marcam o pensamento pol\u00edtico. Ao analisar a grade de disciplinas eu tamb\u00e9m imagino que ser\u00e1 poss\u00edvel adquirir muito repert\u00f3rio hist\u00f3rico, pol\u00edtico e cultural, bem como compreender como as pautas pol\u00edticas poder\u00e3o ser aplicadas em meu ambiente de trabalho\u201d, destaca.<\/p>\n<p>Daniken Domene, auxiliar acad\u00eamico da Faculdade de Ci\u00eancias Sociais da PUC-SP, est\u00e1 no \u00faltimo semestre e ressalta a qualidade do curso PPC. \u201cO corpo docente \u00e9 excelente. A grade do curso aborda temas hist\u00f3ricos e filos\u00f3ficos da pol\u00edtica, com refer\u00eancia de autores cl\u00e1ssicos e contempor\u00e2neos, e a partir disso, os professores aproximam o conte\u00fado de quest\u00f5es e desafios atuais. Essa experi\u00eancia tem enriquecido meu repert\u00f3rio e vocabul\u00e1rio pol\u00edtico, fortalecendo a minha trajet\u00f3ria profissional. Para al\u00e9m da minha trajet\u00f3ria acad\u00eamica, essa p\u00f3s est\u00e1 aprimorando minha capacidade de an\u00e1lise cr\u00edtica sobre diversos temas contempor\u00e2neos com embasamento cient\u00edfico. Tem sido uma oportunidade \u00edmpar que recomendo a todas e todos os colegas de trabalho.<\/p>\n<p>As aulas acontecem \u00e0s sextas-feiras, em per\u00edodo integral, de forma remota e a cada semestre haver\u00e1 pelo menos um encontro presencial obrigat\u00f3rio. Os cursos t\u00eam dura\u00e7\u00e3o de tr\u00eas semestres letivos, com carga hor\u00e1ria total de 360 horas.<\/p>\n","protected":false},"excerpt":{"rendered":"<p>Foi realizada na manh\u00e3 do dia 29\/8 a Aula Magna presencial dos cursos \u201cin company\u201d de P\u00f3s-Gradua\u00e7\u00e3o, Lato Sensu, oferecidos pelo Centro Universit\u00e1rio Assun\u00e7\u00e3o. O encontro ocorreu no audit\u00f3rio Cardeal Arns, no pr\u00e9dio-sede da Funda\u00e7\u00e3o S\u00e3o Paulo. Participaram alunos ingressantes, que est\u00e3o em curso e outros que j\u00e1 conclu\u00edram a Especializa\u00e7\u00e3o em Hist\u00f3ria da \u00c1frica [&hellip;]<\/p>\n","protected":false},"author":3,"featured_media":1039,"comment_status":"closed","ping_status":"closed","sticky":false,"template":"","format":"standard","meta":{"footnotes":""},"categories":[7],"tags":[],"class_list":["post-1037","post","type-post","status-publish","format-standard","has-post-thumbnail","hentry","category-dh"],"yoast_head":"<!-- This site is optimized with the Yoast SEO plugin v27.2 - https:\/\/yoast.com\/product\/yoast-seo-wordpress\/ -->\n<title>Cursos de P\u00f3s-Gradua\u00e7\u00e3o \u201cIn Company\u201d FUNDASP t\u00eam novas turmas | Radar FUNDASP<\/title>\n<meta name=\"description\" content=\"Foi realizada na manh\u00e3 do dia 29\/8 a Aula Magna presencial dos cursos \u201cin company\u201d de P\u00f3s-Gradua\u00e7\u00e3o, Lato Sensu, oferecidos pelo Centro Universit\u00e1rio\" \/>\n<meta name=\"robots\" content=\"index, follow, max-snippet:-1, max-image-preview:large, max-video-preview:-1\" \/>\n<link rel=\"canonical\" href=\"https:\/\/fundasp.org.br\/radar\/cursos-de-pos-graduacao-in-company-fundasp-tem-novas-turmas\/\" \/>\n<meta property=\"og:locale\" content=\"en_US\" \/>\n<meta property=\"og:type\" content=\"article\" \/>\n<meta property=\"og:title\" content=\"Cursos de P\u00f3s-Gradua\u00e7\u00e3o \u201cIn Company\u201d FUNDASP t\u00eam novas turmas | Radar FUNDASP\" \/>\n<meta property=\"og:description\" content=\"Foi realizada na manh\u00e3 do dia 29\/8 a Aula Magna presencial dos cursos \u201cin company\u201d de P\u00f3s-Gradua\u00e7\u00e3o, Lato Sensu, oferecidos pelo Centro Universit\u00e1rio\" \/>\n<meta property=\"og:url\" content=\"https:\/\/fundasp.org.br\/radar\/cursos-de-pos-graduacao-in-company-fundasp-tem-novas-turmas\/\" \/>\n<meta property=\"og:site_name\" content=\"Radar FUNDASP\" \/>\n<meta property=\"article:publisher\" content=\"https:\/\/www.facebook.com\/Fundasp\/\" \/>\n<meta property=\"article:published_time\" content=\"2025-09-04T19:26:35+00:00\" \/>\n<meta property=\"article:modified_time\" content=\"2025-10-01T13:38:40+00:00\" \/>\n<meta property=\"og:image\" content=\"https:\/\/radar.fundasp.org.br\/wp-content\/uploads\/2025\/09\/DSC_1729-scaled-e1757013982135.jpg\" \/>\n\t<meta property=\"og:image:width\" content=\"2560\" \/>\n\t<meta property=\"og:image:height\" content=\"1420\" \/>\n\t<meta property=\"og:image:type\" content=\"image\/jpeg\" \/>\n<meta name=\"author\" content=\"cjbraga\" \/>\n<meta name=\"twitter:card\" content=\"summary_large_image\" \/>\n<script type=\"application\/ld+json\" class=\"yoast-schema-graph\">{\"@context\":\"https:\/\/schema.org\",\"@graph\":[{\"@type\":\"Article\",\"@id\":\"https:\/\/fundasp.org.br\/radar\/cursos-de-pos-graduacao-in-company-fundasp-tem-novas-turmas\/#article\",\"isPartOf\":{\"@id\":\"https:\/\/fundasp.org.br\/radar\/cursos-de-pos-graduacao-in-company-fundasp-tem-novas-turmas\/\"},\"author\":{\"name\":\"cjbraga\",\"@id\":\"https:\/\/fundasp.org.br\/radar\/#\/schema\/person\/62a91b27992430f374cc86ce652c28a1\"},\"headline\":\"Cursos de P\u00f3s-Gradua\u00e7\u00e3o \u201cIn Company\u201d FUNDASP t\u00eam novas turmas\",\"datePublished\":\"2025-09-04T19:26:35+00:00\",\"dateModified\":\"2025-10-01T13:38:40+00:00\",\"mainEntityOfPage\":{\"@id\":\"https:\/\/fundasp.org.br\/radar\/cursos-de-pos-graduacao-in-company-fundasp-tem-novas-turmas\/\"},\"wordCount\":387,\"publisher\":{\"@id\":\"https:\/\/fundasp.org.br\/radar\/#organization\"},\"image\":{\"@id\":\"https:\/\/fundasp.org.br\/radar\/cursos-de-pos-graduacao-in-company-fundasp-tem-novas-turmas\/#primaryimage\"},\"thumbnailUrl\":\"https:\/\/radar.fundasp.org.br\/wp-content\/uploads\/2025\/09\/DSC_1729-scaled-e1757013982135.jpg\",\"articleSection\":[\"DH\"],\"inLanguage\":\"pt-BR\"},{\"@type\":\"WebPage\",\"@id\":\"https:\/\/fundasp.org.br\/radar\/cursos-de-pos-graduacao-in-company-fundasp-tem-novas-turmas\/\",\"url\":\"https:\/\/fundasp.org.br\/radar\/cursos-de-pos-graduacao-in-company-fundasp-tem-novas-turmas\/\",\"name\":\"Cursos de P\u00f3s-Gradua\u00e7\u00e3o \u201cIn Company\u201d FUNDASP t\u00eam novas turmas | Radar FUNDASP\",\"isPartOf\":{\"@id\":\"https:\/\/fundasp.org.br\/radar\/#website\"},\"primaryImageOfPage\":{\"@id\":\"https:\/\/fundasp.org.br\/radar\/cursos-de-pos-graduacao-in-company-fundasp-tem-novas-turmas\/#primaryimage\"},\"image\":{\"@id\":\"https:\/\/fundasp.org.br\/radar\/cursos-de-pos-graduacao-in-company-fundasp-tem-novas-turmas\/#primaryimage\"},\"thumbnailUrl\":\"https:\/\/radar.fundasp.org.br\/wp-content\/uploads\/2025\/09\/DSC_1729-scaled-e1757013982135.jpg\",\"datePublished\":\"2025-09-04T19:26:35+00:00\",\"dateModified\":\"2025-10-01T13:38:40+00:00\",\"description\":\"Foi realizada na manh\u00e3 do dia 29\/8 a Aula Magna presencial dos cursos \u201cin company\u201d de P\u00f3s-Gradua\u00e7\u00e3o, Lato Sensu, oferecidos pelo Centro Universit\u00e1rio\",\"breadcrumb\":{\"@id\":\"https:\/\/fundasp.org.br\/radar\/cursos-de-pos-graduacao-in-company-fundasp-tem-novas-turmas\/#breadcrumb\"},\"inLanguage\":\"pt-BR\",\"potentialAction\":[{\"@type\":\"ReadAction\",\"target\":[\"https:\/\/fundasp.org.br\/radar\/cursos-de-pos-graduacao-in-company-fundasp-tem-novas-turmas\/\"]}]},{\"@type\":\"ImageObject\",\"inLanguage\":\"pt-BR\",\"@id\":\"https:\/\/fundasp.org.br\/radar\/cursos-de-pos-graduacao-in-company-fundasp-tem-novas-turmas\/#primaryimage\",\"url\":\"https:\/\/radar.fundasp.org.br\/wp-content\/uploads\/2025\/09\/DSC_1729-scaled-e1757013982135.jpg\",\"contentUrl\":\"https:\/\/radar.fundasp.org.br\/wp-content\/uploads\/2025\/09\/DSC_1729-scaled-e1757013982135.jpg\",\"width\":2560,\"height\":1420},{\"@type\":\"BreadcrumbList\",\"@id\":\"https:\/\/fundasp.org.br\/radar\/cursos-de-pos-graduacao-in-company-fundasp-tem-novas-turmas\/#breadcrumb\",\"itemListElement\":[{\"@type\":\"ListItem\",\"position\":1,\"name\":\"Home\",\"item\":\"https:\/\/fundasp.org.br\/radar\/\"},{\"@type\":\"ListItem\",\"position\":2,\"name\":\"Cursos de P\u00f3s-Gradua\u00e7\u00e3o \u201cIn Company\u201d FUNDASP t\u00eam novas turmas\"}]},{\"@type\":\"WebSite\",\"@id\":\"https:\/\/fundasp.org.br\/radar\/#website\",\"url\":\"https:\/\/fundasp.org.br\/radar\/\",\"name\":\"RADAR | Funda\u00e7\u00e3o S\u00e3o Paulo - FUNDASP\",\"description\":\"A FUNDA\u00c7\u00c3O S\u00c3O PAULO, Mantenedora da Pontif\u00edcia Universidade Cat\u00f3lica de S\u00e3o Paulo e desde 2019 do Centro Universit\u00e1rio Assun\u00e7\u00e3o, \u00e9 pessoa jur\u00eddica de fins n\u00e3o econ\u00f4micos, tendo sua sede na Capital do Estado de S\u00e3o Paulo.\",\"publisher\":{\"@id\":\"https:\/\/fundasp.org.br\/radar\/#organization\"},\"alternateName\":\"fundasp.org.br\/radar\/\",\"potentialAction\":[{\"@type\":\"SearchAction\",\"target\":{\"@type\":\"EntryPoint\",\"urlTemplate\":\"https:\/\/fundasp.org.br\/radar\/?s={search_term_string}\"},\"query-input\":{\"@type\":\"PropertyValueSpecification\",\"valueRequired\":true,\"valueName\":\"search_term_string\"}}],\"inLanguage\":\"pt-BR\"},{\"@type\":\"Organization\",\"@id\":\"https:\/\/fundasp.org.br\/radar\/#organization\",\"name\":\"RADAR | Funda\u00e7\u00e3o S\u00e3o Paulo - FUNDASP\",\"url\":\"https:\/\/fundasp.org.br\/radar\/\",\"logo\":{\"@type\":\"ImageObject\",\"inLanguage\":\"pt-BR\",\"@id\":\"https:\/\/fundasp.org.br\/radar\/#\/schema\/logo\/image\/\",\"url\":\"https:\/\/radar.fundasp.org.br\/wp-content\/uploads\/2025\/02\/img50.webp\",\"contentUrl\":\"https:\/\/radar.fundasp.org.br\/wp-content\/uploads\/2025\/02\/img50.webp\",\"width\":650,\"height\":360,\"caption\":\"RADAR | Funda\u00e7\u00e3o S\u00e3o Paulo - FUNDASP\"},\"image\":{\"@id\":\"https:\/\/fundasp.org.br\/radar\/#\/schema\/logo\/image\/\"},\"sameAs\":[\"https:\/\/www.facebook.com\/Fundasp\/\",\"https:\/\/www.instagram.com\/fundacaosaopaulo\/\",\"https:\/\/br.linkedin.com\/company\/funda\u00e7\u00e3o-s\u00e3o-paulo\"]},{\"@type\":\"Person\",\"@id\":\"https:\/\/fundasp.org.br\/radar\/#\/schema\/person\/62a91b27992430f374cc86ce652c28a1\",\"name\":\"cjbraga\",\"image\":{\"@type\":\"ImageObject\",\"inLanguage\":\"pt-BR\",\"@id\":\"https:\/\/secure.gravatar.com\/avatar\/f4ae8f4f19168adb99903e9ebd528cb40a0df6da3d912d7b72a5f9403f6294fe?s=96&d=mm&r=g\",\"url\":\"https:\/\/secure.gravatar.com\/avatar\/f4ae8f4f19168adb99903e9ebd528cb40a0df6da3d912d7b72a5f9403f6294fe?s=96&d=mm&r=g\",\"contentUrl\":\"https:\/\/secure.gravatar.com\/avatar\/f4ae8f4f19168adb99903e9ebd528cb40a0df6da3d912d7b72a5f9403f6294fe?s=96&d=mm&r=g\",\"caption\":\"cjbraga\"},\"url\":\"https:\/\/fundasp.org.br\/radar\/author\/cjbraga\/\"}]}<\/script>\n<!-- \/ Yoast SEO plugin. -->","yoast_head_json":{"title":"Cursos de P\u00f3s-Gradua\u00e7\u00e3o \u201cIn Company\u201d FUNDASP t\u00eam novas turmas | Radar FUNDASP","description":"Foi realizada na manh\u00e3 do dia 29\/8 a Aula Magna presencial dos cursos \u201cin company\u201d de P\u00f3s-Gradua\u00e7\u00e3o, Lato Sensu, oferecidos pelo Centro Universit\u00e1rio","robots":{"index":"index","follow":"follow","max-snippet":"max-snippet:-1","max-image-preview":"max-image-preview:large","max-video-preview":"max-video-preview:-1"},"canonical":"https:\/\/fundasp.org.br\/radar\/cursos-de-pos-graduacao-in-company-fundasp-tem-novas-turmas\/","og_locale":"en_US","og_type":"article","og_title":"Cursos de P\u00f3s-Gradua\u00e7\u00e3o \u201cIn Company\u201d FUNDASP t\u00eam novas turmas | Radar FUNDASP","og_description":"Foi realizada na manh\u00e3 do dia 29\/8 a Aula Magna presencial dos cursos \u201cin company\u201d de P\u00f3s-Gradua\u00e7\u00e3o, Lato Sensu, oferecidos pelo Centro Universit\u00e1rio","og_url":"https:\/\/fundasp.org.br\/radar\/cursos-de-pos-graduacao-in-company-fundasp-tem-novas-turmas\/","og_site_name":"Radar FUNDASP","article_publisher":"https:\/\/www.facebook.com\/Fundasp\/","article_published_time":"2025-09-04T19:26:35+00:00","article_modified_time":"2025-10-01T13:38:40+00:00","og_image":[{"width":2560,"height":1420,"url":"https:\/\/radar.fundasp.org.br\/wp-content\/uploads\/2025\/09\/DSC_1729-scaled-e1757013982135.jpg","type":"image\/jpeg"}],"author":"cjbraga","twitter_card":"summary_large_image","schema":{"@context":"https:\/\/schema.org","@graph":[{"@type":"Article","@id":"https:\/\/fundasp.org.br\/radar\/cursos-de-pos-graduacao-in-company-fundasp-tem-novas-turmas\/#article","isPartOf":{"@id":"https:\/\/fundasp.org.br\/radar\/cursos-de-pos-graduacao-in-company-fundasp-tem-novas-turmas\/"},"author":{"name":"cjbraga","@id":"https:\/\/fundasp.org.br\/radar\/#\/schema\/person\/62a91b27992430f374cc86ce652c28a1"},"headline":"Cursos de P\u00f3s-Gradua\u00e7\u00e3o \u201cIn Company\u201d FUNDASP t\u00eam novas turmas","datePublished":"2025-09-04T19:26:35+00:00","dateModified":"2025-10-01T13:38:40+00:00","mainEntityOfPage":{"@id":"https:\/\/fundasp.org.br\/radar\/cursos-de-pos-graduacao-in-company-fundasp-tem-novas-turmas\/"},"wordCount":387,"publisher":{"@id":"https:\/\/fundasp.org.br\/radar\/#organization"},"image":{"@id":"https:\/\/fundasp.org.br\/radar\/cursos-de-pos-graduacao-in-company-fundasp-tem-novas-turmas\/#primaryimage"},"thumbnailUrl":"https:\/\/radar.fundasp.org.br\/wp-content\/uploads\/2025\/09\/DSC_1729-scaled-e1757013982135.jpg","articleSection":["DH"],"inLanguage":"pt-BR"},{"@type":"WebPage","@id":"https:\/\/fundasp.org.br\/radar\/cursos-de-pos-graduacao-in-company-fundasp-tem-novas-turmas\/","url":"https:\/\/fundasp.org.br\/radar\/cursos-de-pos-graduacao-in-company-fundasp-tem-novas-turmas\/","name":"Cursos de P\u00f3s-Gradua\u00e7\u00e3o \u201cIn Company\u201d FUNDASP t\u00eam novas turmas | Radar FUNDASP","isPartOf":{"@id":"https:\/\/fundasp.org.br\/radar\/#website"},"primaryImageOfPage":{"@id":"https:\/\/fundasp.org.br\/radar\/cursos-de-pos-graduacao-in-company-fundasp-tem-novas-turmas\/#primaryimage"},"image":{"@id":"https:\/\/fundasp.org.br\/radar\/cursos-de-pos-graduacao-in-company-fundasp-tem-novas-turmas\/#primaryimage"},"thumbnailUrl":"https:\/\/radar.fundasp.org.br\/wp-content\/uploads\/2025\/09\/DSC_1729-scaled-e1757013982135.jpg","datePublished":"2025-09-04T19:26:35+00:00","dateModified":"2025-10-01T13:38:40+00:00","description":"Foi realizada na manh\u00e3 do dia 29\/8 a Aula Magna presencial dos cursos \u201cin company\u201d de P\u00f3s-Gradua\u00e7\u00e3o, Lato Sensu, oferecidos pelo Centro Universit\u00e1rio","breadcrumb":{"@id":"https:\/\/fundasp.org.br\/radar\/cursos-de-pos-graduacao-in-company-fundasp-tem-novas-turmas\/#breadcrumb"},"inLanguage":"pt-BR","potentialAction":[{"@type":"ReadAction","target":["https:\/\/fundasp.org.br\/radar\/cursos-de-pos-graduacao-in-company-fundasp-tem-novas-turmas\/"]}]},{"@type":"ImageObject","inLanguage":"pt-BR","@id":"https:\/\/fundasp.org.br\/radar\/cursos-de-pos-graduacao-in-company-fundasp-tem-novas-turmas\/#primaryimage","url":"https:\/\/radar.fundasp.org.br\/wp-content\/uploads\/2025\/09\/DSC_1729-scaled-e1757013982135.jpg","contentUrl":"https:\/\/radar.fundasp.org.br\/wp-content\/uploads\/2025\/09\/DSC_1729-scaled-e1757013982135.jpg","width":2560,"height":1420},{"@type":"BreadcrumbList","@id":"https:\/\/fundasp.org.br\/radar\/cursos-de-pos-graduacao-in-company-fundasp-tem-novas-turmas\/#breadcrumb","itemListElement":[{"@type":"ListItem","position":1,"name":"Home","item":"https:\/\/fundasp.org.br\/radar\/"},{"@type":"ListItem","position":2,"name":"Cursos de P\u00f3s-Gradua\u00e7\u00e3o \u201cIn Company\u201d FUNDASP t\u00eam novas turmas"}]},{"@type":"WebSite","@id":"https:\/\/fundasp.org.br\/radar\/#website","url":"https:\/\/fundasp.org.br\/radar\/","name":"RADAR | Funda\u00e7\u00e3o S\u00e3o Paulo - FUNDASP","description":"A FUNDA\u00c7\u00c3O S\u00c3O PAULO, Mantenedora da Pontif\u00edcia Universidade Cat\u00f3lica de S\u00e3o Paulo e desde 2019 do Centro Universit\u00e1rio Assun\u00e7\u00e3o, \u00e9 pessoa jur\u00eddica de fins n\u00e3o econ\u00f4micos, tendo sua sede na Capital do Estado de S\u00e3o Paulo.","publisher":{"@id":"https:\/\/fundasp.org.br\/radar\/#organization"},"alternateName":"fundasp.org.br\/radar\/","potentialAction":[{"@type":"SearchAction","target":{"@type":"EntryPoint","urlTemplate":"https:\/\/fundasp.org.br\/radar\/?s={search_term_string}"},"query-input":{"@type":"PropertyValueSpecification","valueRequired":true,"valueName":"search_term_string"}}],"inLanguage":"pt-BR"},{"@type":"Organization","@id":"https:\/\/fundasp.org.br\/radar\/#organization","name":"RADAR | Funda\u00e7\u00e3o S\u00e3o Paulo - FUNDASP","url":"https:\/\/fundasp.org.br\/radar\/","logo":{"@type":"ImageObject","inLanguage":"pt-BR","@id":"https:\/\/fundasp.org.br\/radar\/#\/schema\/logo\/image\/","url":"https:\/\/radar.fundasp.org.br\/wp-content\/uploads\/2025\/02\/img50.webp","contentUrl":"https:\/\/radar.fundasp.org.br\/wp-content\/uploads\/2025\/02\/img50.webp","width":650,"height":360,"caption":"RADAR | Funda\u00e7\u00e3o S\u00e3o Paulo - FUNDASP"},"image":{"@id":"https:\/\/fundasp.org.br\/radar\/#\/schema\/logo\/image\/"},"sameAs":["https:\/\/www.facebook.com\/Fundasp\/","https:\/\/www.instagram.com\/fundacaosaopaulo\/","https:\/\/br.linkedin.com\/company\/funda\u00e7\u00e3o-s\u00e3o-paulo"]},{"@type":"Person","@id":"https:\/\/fundasp.org.br\/radar\/#\/schema\/person\/62a91b27992430f374cc86ce652c28a1","name":"cjbraga","image":{"@type":"ImageObject","inLanguage":"pt-BR","@id":"https:\/\/secure.gravatar.com\/avatar\/f4ae8f4f19168adb99903e9ebd528cb40a0df6da3d912d7b72a5f9403f6294fe?s=96&d=mm&r=g","url":"https:\/\/secure.gravatar.com\/avatar\/f4ae8f4f19168adb99903e9ebd528cb40a0df6da3d912d7b72a5f9403f6294fe?s=96&d=mm&r=g","contentUrl":"https:\/\/secure.gravatar.com\/avatar\/f4ae8f4f19168adb99903e9ebd528cb40a0df6da3d912d7b72a5f9403f6294fe?s=96&d=mm&r=g","caption":"cjbraga"},"url":"https:\/\/fundasp.org.br\/radar\/author\/cjbraga\/"}]}},"_links":{"self":[{"href":"https:\/\/fundasp.org.br\/radar\/wp-json\/wp\/v2\/posts\/1037","targetHints":{"allow":["GET"]}}],"collection":[{"href":"https:\/\/fundasp.org.br\/radar\/wp-json\/wp\/v2\/posts"}],"about":[{"href":"https:\/\/fundasp.org.br\/radar\/wp-json\/wp\/v2\/types\/post"}],"author":[{"embeddable":true,"href":"https:\/\/fundasp.org.br\/radar\/wp-json\/wp\/v2\/users\/3"}],"replies":[{"embeddable":true,"href":"https:\/\/fundasp.org.br\/radar\/wp-json\/wp\/v2\/comments?post=1037"}],"version-history":[{"count":1,"href":"https:\/\/fundasp.org.br\/radar\/wp-json\/wp\/v2\/posts\/1037\/revisions"}],"predecessor-version":[{"id":1040,"href":"https:\/\/fundasp.org.br\/radar\/wp-json\/wp\/v2\/posts\/1037\/revisions\/1040"}],"wp:featuredmedia":[{"embeddable":true,"href":"https:\/\/fundasp.org.br\/radar\/wp-json\/wp\/v2\/media\/1039"}],"wp:attachment":[{"href":"https:\/\/fundasp.org.br\/radar\/wp-json\/wp\/v2\/media?parent=1037"}],"wp:term":[{"taxonomy":"category","embeddable":true,"href":"https:\/\/fundasp.org.br\/radar\/wp-json\/wp\/v2\/categories?post=1037"},{"taxonomy":"post_tag","embeddable":true,"href":"https:\/\/fundasp.org.br\/radar\/wp-json\/wp\/v2\/tags?post=1037"}],"curies":[{"name":"wp","href":"https:\/\/api.w.org\/{rel}","templated":true}]}}