{"id":1869,"date":"2025-12-01T18:53:48","date_gmt":"2025-12-01T18:53:48","guid":{"rendered":"https:\/\/fundasp.org.br\/radar\/?p=1869"},"modified":"2025-12-02T13:18:01","modified_gmt":"2025-12-02T13:18:01","slug":"1869-2","status":"publish","type":"post","link":"https:\/\/fundasp.org.br\/radar\/1869-2\/","title":{"rendered":"C\u00e1tedra de Cultura Judaica promove evento h\u00edbrido em 05\/12"},"content":{"rendered":"<p><strong>A C\u00e1tedra de Cultura Judaica, com apoio do N\u00facleo Lumen, vai realizar o \u00faltimo encontro especial, em formato h\u00edbrido, com o tema \u201cPor que estudar a Tor\u00e1 no S\u00e9culo XXI?\u201d.<\/strong><\/p>\n<p><strong>\u00a0<\/strong><strong>O convidado ser\u00e1 Mor\u00e9 Theo Hotz \u2013 historiador, hebra\u00edsta, rabino em forma\u00e7\u00e3o e apresentador do podcast <a href=\"https:\/\/open.spotify.com\/show\/5TMZSgxzeQMBuDnSCb6qNS\">Tor\u00e1 com Fritas<\/a>.<\/strong><\/p>\n<p><strong>\u00a0<\/strong><strong>A palestra abordar\u00e1 a relev\u00e2ncia do estudo da Tor\u00e1 no s\u00e9culo XXI, discutindo seus significados, seu impacto cultural e espiritual e sua import\u00e2ncia no mundo contempor\u00e2neo.<\/strong><\/p>\n<p><strong>\u00a0<\/strong><strong>O evento ser\u00e1 em 05\/12, 10h, na sala 134C do campus Perdizes da PUC-SP. <\/strong><\/p>\n<p><a href=\"https:\/\/eventos.pucsp.br\/porque-estudar-tora\/\"><strong>Clique aqui para fazer a inscri\u00e7\u00e3o.\u00a0\u00a0<\/strong><\/a><\/p>\n<p>&nbsp;<\/p>\n<p><strong>\u00a0<\/strong><\/p>\n","protected":false},"excerpt":{"rendered":"<p>A C\u00e1tedra de Cultura Judaica, com apoio do N\u00facleo Lumen, vai realizar o \u00faltimo encontro especial, em formato h\u00edbrido, com o tema \u201cPor que estudar a Tor\u00e1 no S\u00e9culo XXI?\u201d. \u00a0O convidado ser\u00e1 Mor\u00e9 Theo Hotz \u2013 historiador, hebra\u00edsta, rabino em forma\u00e7\u00e3o e apresentador do podcast Tor\u00e1 com Fritas. \u00a0A palestra abordar\u00e1 a relev\u00e2ncia do [&hellip;]<\/p>\n","protected":false},"author":3,"featured_media":1905,"comment_status":"open","ping_status":"open","sticky":false,"template":"","format":"standard","meta":{"footnotes":""},"categories":[9,13],"tags":[],"class_list":["post-1869","post","type-post","status-publish","format-standard","has-post-thumbnail","hentry","category-fundasp","category-lumen"],"yoast_head":"<!-- This site is optimized with the Yoast SEO plugin v27.2 - https:\/\/yoast.com\/product\/yoast-seo-wordpress\/ -->\n<title>C\u00e1tedra de Cultura Judaica promove evento h\u00edbrido em 05\/12 | Radar FUNDASP<\/title>\n<meta name=\"description\" content=\"A C\u00e1tedra de Cultura Judaica, com apoio do N\u00facleo Lumen, vai realizar o \u00faltimo encontro especial, em formato h\u00edbrido, com o tema \u201cPor que estudar a Tor\u00e1\" \/>\n<meta name=\"robots\" content=\"index, follow, max-snippet:-1, max-image-preview:large, max-video-preview:-1\" \/>\n<link rel=\"canonical\" href=\"https:\/\/fundasp.org.br\/radar\/1869-2\/\" \/>\n<meta property=\"og:locale\" content=\"en_US\" \/>\n<meta property=\"og:type\" content=\"article\" \/>\n<meta property=\"og:title\" content=\"C\u00e1tedra de Cultura Judaica promove evento h\u00edbrido em 05\/12 | Radar FUNDASP\" \/>\n<meta property=\"og:description\" content=\"A C\u00e1tedra de Cultura Judaica, com apoio do N\u00facleo Lumen, vai realizar o \u00faltimo encontro especial, em formato h\u00edbrido, com o tema \u201cPor que estudar a Tor\u00e1\" \/>\n<meta property=\"og:url\" content=\"https:\/\/fundasp.org.br\/radar\/1869-2\/\" \/>\n<meta property=\"og:site_name\" content=\"Radar FUNDASP\" \/>\n<meta property=\"article:publisher\" content=\"https:\/\/www.facebook.com\/Fundasp\/\" \/>\n<meta property=\"article:published_time\" content=\"2025-12-01T18:53:48+00:00\" \/>\n<meta property=\"article:modified_time\" content=\"2025-12-02T13:18:01+00:00\" \/>\n<meta property=\"og:image\" content=\"https:\/\/radar.fundasp.org.br\/wp-content\/uploads\/2025\/12\/02122025-ajuste-site.jpg\" \/>\n\t<meta property=\"og:image:width\" content=\"650\" \/>\n\t<meta property=\"og:image:height\" content=\"360\" \/>\n\t<meta property=\"og:image:type\" content=\"image\/jpeg\" \/>\n<meta name=\"author\" content=\"cjbraga\" \/>\n<meta name=\"twitter:card\" content=\"summary_large_image\" \/>\n<script type=\"application\/ld+json\" class=\"yoast-schema-graph\">{\"@context\":\"https:\/\/schema.org\",\"@graph\":[{\"@type\":\"Article\",\"@id\":\"https:\/\/fundasp.org.br\/radar\/1869-2\/#article\",\"isPartOf\":{\"@id\":\"https:\/\/fundasp.org.br\/radar\/1869-2\/\"},\"author\":{\"name\":\"cjbraga\",\"@id\":\"https:\/\/fundasp.org.br\/radar\/#\/schema\/person\/62a91b27992430f374cc86ce652c28a1\"},\"headline\":\"C\u00e1tedra de Cultura Judaica promove evento h\u00edbrido em 05\/12\",\"datePublished\":\"2025-12-01T18:53:48+00:00\",\"dateModified\":\"2025-12-02T13:18:01+00:00\",\"mainEntityOfPage\":{\"@id\":\"https:\/\/fundasp.org.br\/radar\/1869-2\/\"},\"wordCount\":115,\"commentCount\":0,\"publisher\":{\"@id\":\"https:\/\/fundasp.org.br\/radar\/#organization\"},\"image\":{\"@id\":\"https:\/\/fundasp.org.br\/radar\/1869-2\/#primaryimage\"},\"thumbnailUrl\":\"https:\/\/radar.fundasp.org.br\/wp-content\/uploads\/2025\/12\/02122025-ajuste-site.jpg\",\"articleSection\":[\"fundasp\",\"Lumen\"],\"inLanguage\":\"pt-BR\",\"potentialAction\":[{\"@type\":\"CommentAction\",\"name\":\"Comment\",\"target\":[\"https:\/\/fundasp.org.br\/radar\/1869-2\/#respond\"]}]},{\"@type\":\"WebPage\",\"@id\":\"https:\/\/fundasp.org.br\/radar\/1869-2\/\",\"url\":\"https:\/\/fundasp.org.br\/radar\/1869-2\/\",\"name\":\"C\u00e1tedra de Cultura Judaica promove evento h\u00edbrido em 05\/12 | Radar FUNDASP\",\"isPartOf\":{\"@id\":\"https:\/\/fundasp.org.br\/radar\/#website\"},\"primaryImageOfPage\":{\"@id\":\"https:\/\/fundasp.org.br\/radar\/1869-2\/#primaryimage\"},\"image\":{\"@id\":\"https:\/\/fundasp.org.br\/radar\/1869-2\/#primaryimage\"},\"thumbnailUrl\":\"https:\/\/radar.fundasp.org.br\/wp-content\/uploads\/2025\/12\/02122025-ajuste-site.jpg\",\"datePublished\":\"2025-12-01T18:53:48+00:00\",\"dateModified\":\"2025-12-02T13:18:01+00:00\",\"description\":\"A C\u00e1tedra de Cultura Judaica, com apoio do N\u00facleo Lumen, vai realizar o \u00faltimo encontro especial, em formato h\u00edbrido, com o tema \u201cPor que estudar a Tor\u00e1\",\"breadcrumb\":{\"@id\":\"https:\/\/fundasp.org.br\/radar\/1869-2\/#breadcrumb\"},\"inLanguage\":\"pt-BR\",\"potentialAction\":[{\"@type\":\"ReadAction\",\"target\":[\"https:\/\/fundasp.org.br\/radar\/1869-2\/\"]}]},{\"@type\":\"ImageObject\",\"inLanguage\":\"pt-BR\",\"@id\":\"https:\/\/fundasp.org.br\/radar\/1869-2\/#primaryimage\",\"url\":\"https:\/\/radar.fundasp.org.br\/wp-content\/uploads\/2025\/12\/02122025-ajuste-site.jpg\",\"contentUrl\":\"https:\/\/radar.fundasp.org.br\/wp-content\/uploads\/2025\/12\/02122025-ajuste-site.jpg\",\"width\":650,\"height\":360},{\"@type\":\"BreadcrumbList\",\"@id\":\"https:\/\/fundasp.org.br\/radar\/1869-2\/#breadcrumb\",\"itemListElement\":[{\"@type\":\"ListItem\",\"position\":1,\"name\":\"Home\",\"item\":\"https:\/\/fundasp.org.br\/radar\/\"},{\"@type\":\"ListItem\",\"position\":2,\"name\":\"C\u00e1tedra de Cultura Judaica promove evento h\u00edbrido em 05\/12\"}]},{\"@type\":\"WebSite\",\"@id\":\"https:\/\/fundasp.org.br\/radar\/#website\",\"url\":\"https:\/\/fundasp.org.br\/radar\/\",\"name\":\"RADAR | Funda\u00e7\u00e3o S\u00e3o Paulo - FUNDASP\",\"description\":\"A FUNDA\u00c7\u00c3O S\u00c3O PAULO, Mantenedora da Pontif\u00edcia Universidade Cat\u00f3lica de S\u00e3o Paulo e desde 2019 do Centro Universit\u00e1rio Assun\u00e7\u00e3o, \u00e9 pessoa jur\u00eddica de fins n\u00e3o econ\u00f4micos, tendo sua sede na Capital do Estado de S\u00e3o Paulo.\",\"publisher\":{\"@id\":\"https:\/\/fundasp.org.br\/radar\/#organization\"},\"alternateName\":\"fundasp.org.br\/radar\/\",\"potentialAction\":[{\"@type\":\"SearchAction\",\"target\":{\"@type\":\"EntryPoint\",\"urlTemplate\":\"https:\/\/fundasp.org.br\/radar\/?s={search_term_string}\"},\"query-input\":{\"@type\":\"PropertyValueSpecification\",\"valueRequired\":true,\"valueName\":\"search_term_string\"}}],\"inLanguage\":\"pt-BR\"},{\"@type\":\"Organization\",\"@id\":\"https:\/\/fundasp.org.br\/radar\/#organization\",\"name\":\"RADAR | Funda\u00e7\u00e3o S\u00e3o Paulo - FUNDASP\",\"url\":\"https:\/\/fundasp.org.br\/radar\/\",\"logo\":{\"@type\":\"ImageObject\",\"inLanguage\":\"pt-BR\",\"@id\":\"https:\/\/fundasp.org.br\/radar\/#\/schema\/logo\/image\/\",\"url\":\"https:\/\/radar.fundasp.org.br\/wp-content\/uploads\/2025\/02\/img50.webp\",\"contentUrl\":\"https:\/\/radar.fundasp.org.br\/wp-content\/uploads\/2025\/02\/img50.webp\",\"width\":650,\"height\":360,\"caption\":\"RADAR | Funda\u00e7\u00e3o S\u00e3o Paulo - FUNDASP\"},\"image\":{\"@id\":\"https:\/\/fundasp.org.br\/radar\/#\/schema\/logo\/image\/\"},\"sameAs\":[\"https:\/\/www.facebook.com\/Fundasp\/\",\"https:\/\/www.instagram.com\/fundacaosaopaulo\/\",\"https:\/\/br.linkedin.com\/company\/funda\u00e7\u00e3o-s\u00e3o-paulo\"]},{\"@type\":\"Person\",\"@id\":\"https:\/\/fundasp.org.br\/radar\/#\/schema\/person\/62a91b27992430f374cc86ce652c28a1\",\"name\":\"cjbraga\",\"image\":{\"@type\":\"ImageObject\",\"inLanguage\":\"pt-BR\",\"@id\":\"https:\/\/secure.gravatar.com\/avatar\/f4ae8f4f19168adb99903e9ebd528cb40a0df6da3d912d7b72a5f9403f6294fe?s=96&d=mm&r=g\",\"url\":\"https:\/\/secure.gravatar.com\/avatar\/f4ae8f4f19168adb99903e9ebd528cb40a0df6da3d912d7b72a5f9403f6294fe?s=96&d=mm&r=g\",\"contentUrl\":\"https:\/\/secure.gravatar.com\/avatar\/f4ae8f4f19168adb99903e9ebd528cb40a0df6da3d912d7b72a5f9403f6294fe?s=96&d=mm&r=g\",\"caption\":\"cjbraga\"},\"url\":\"https:\/\/fundasp.org.br\/radar\/author\/cjbraga\/\"}]}<\/script>\n<!-- \/ Yoast SEO plugin. -->","yoast_head_json":{"title":"C\u00e1tedra de Cultura Judaica promove evento h\u00edbrido em 05\/12 | Radar FUNDASP","description":"A C\u00e1tedra de Cultura Judaica, com apoio do N\u00facleo Lumen, vai realizar o \u00faltimo encontro especial, em formato h\u00edbrido, com o tema \u201cPor que estudar a Tor\u00e1","robots":{"index":"index","follow":"follow","max-snippet":"max-snippet:-1","max-image-preview":"max-image-preview:large","max-video-preview":"max-video-preview:-1"},"canonical":"https:\/\/fundasp.org.br\/radar\/1869-2\/","og_locale":"en_US","og_type":"article","og_title":"C\u00e1tedra de Cultura Judaica promove evento h\u00edbrido em 05\/12 | Radar FUNDASP","og_description":"A C\u00e1tedra de Cultura Judaica, com apoio do N\u00facleo Lumen, vai realizar o \u00faltimo encontro especial, em formato h\u00edbrido, com o tema \u201cPor que estudar a Tor\u00e1","og_url":"https:\/\/fundasp.org.br\/radar\/1869-2\/","og_site_name":"Radar FUNDASP","article_publisher":"https:\/\/www.facebook.com\/Fundasp\/","article_published_time":"2025-12-01T18:53:48+00:00","article_modified_time":"2025-12-02T13:18:01+00:00","og_image":[{"width":650,"height":360,"url":"https:\/\/radar.fundasp.org.br\/wp-content\/uploads\/2025\/12\/02122025-ajuste-site.jpg","type":"image\/jpeg"}],"author":"cjbraga","twitter_card":"summary_large_image","schema":{"@context":"https:\/\/schema.org","@graph":[{"@type":"Article","@id":"https:\/\/fundasp.org.br\/radar\/1869-2\/#article","isPartOf":{"@id":"https:\/\/fundasp.org.br\/radar\/1869-2\/"},"author":{"name":"cjbraga","@id":"https:\/\/fundasp.org.br\/radar\/#\/schema\/person\/62a91b27992430f374cc86ce652c28a1"},"headline":"C\u00e1tedra de Cultura Judaica promove evento h\u00edbrido em 05\/12","datePublished":"2025-12-01T18:53:48+00:00","dateModified":"2025-12-02T13:18:01+00:00","mainEntityOfPage":{"@id":"https:\/\/fundasp.org.br\/radar\/1869-2\/"},"wordCount":115,"commentCount":0,"publisher":{"@id":"https:\/\/fundasp.org.br\/radar\/#organization"},"image":{"@id":"https:\/\/fundasp.org.br\/radar\/1869-2\/#primaryimage"},"thumbnailUrl":"https:\/\/radar.fundasp.org.br\/wp-content\/uploads\/2025\/12\/02122025-ajuste-site.jpg","articleSection":["fundasp","Lumen"],"inLanguage":"pt-BR","potentialAction":[{"@type":"CommentAction","name":"Comment","target":["https:\/\/fundasp.org.br\/radar\/1869-2\/#respond"]}]},{"@type":"WebPage","@id":"https:\/\/fundasp.org.br\/radar\/1869-2\/","url":"https:\/\/fundasp.org.br\/radar\/1869-2\/","name":"C\u00e1tedra de Cultura Judaica promove evento h\u00edbrido em 05\/12 | Radar FUNDASP","isPartOf":{"@id":"https:\/\/fundasp.org.br\/radar\/#website"},"primaryImageOfPage":{"@id":"https:\/\/fundasp.org.br\/radar\/1869-2\/#primaryimage"},"image":{"@id":"https:\/\/fundasp.org.br\/radar\/1869-2\/#primaryimage"},"thumbnailUrl":"https:\/\/radar.fundasp.org.br\/wp-content\/uploads\/2025\/12\/02122025-ajuste-site.jpg","datePublished":"2025-12-01T18:53:48+00:00","dateModified":"2025-12-02T13:18:01+00:00","description":"A C\u00e1tedra de Cultura Judaica, com apoio do N\u00facleo Lumen, vai realizar o \u00faltimo encontro especial, em formato h\u00edbrido, com o tema \u201cPor que estudar a Tor\u00e1","breadcrumb":{"@id":"https:\/\/fundasp.org.br\/radar\/1869-2\/#breadcrumb"},"inLanguage":"pt-BR","potentialAction":[{"@type":"ReadAction","target":["https:\/\/fundasp.org.br\/radar\/1869-2\/"]}]},{"@type":"ImageObject","inLanguage":"pt-BR","@id":"https:\/\/fundasp.org.br\/radar\/1869-2\/#primaryimage","url":"https:\/\/radar.fundasp.org.br\/wp-content\/uploads\/2025\/12\/02122025-ajuste-site.jpg","contentUrl":"https:\/\/radar.fundasp.org.br\/wp-content\/uploads\/2025\/12\/02122025-ajuste-site.jpg","width":650,"height":360},{"@type":"BreadcrumbList","@id":"https:\/\/fundasp.org.br\/radar\/1869-2\/#breadcrumb","itemListElement":[{"@type":"ListItem","position":1,"name":"Home","item":"https:\/\/fundasp.org.br\/radar\/"},{"@type":"ListItem","position":2,"name":"C\u00e1tedra de Cultura Judaica promove evento h\u00edbrido em 05\/12"}]},{"@type":"WebSite","@id":"https:\/\/fundasp.org.br\/radar\/#website","url":"https:\/\/fundasp.org.br\/radar\/","name":"RADAR | Funda\u00e7\u00e3o S\u00e3o Paulo - FUNDASP","description":"A FUNDA\u00c7\u00c3O S\u00c3O PAULO, Mantenedora da Pontif\u00edcia Universidade Cat\u00f3lica de S\u00e3o Paulo e desde 2019 do Centro Universit\u00e1rio Assun\u00e7\u00e3o, \u00e9 pessoa jur\u00eddica de fins n\u00e3o econ\u00f4micos, tendo sua sede na Capital do Estado de S\u00e3o Paulo.","publisher":{"@id":"https:\/\/fundasp.org.br\/radar\/#organization"},"alternateName":"fundasp.org.br\/radar\/","potentialAction":[{"@type":"SearchAction","target":{"@type":"EntryPoint","urlTemplate":"https:\/\/fundasp.org.br\/radar\/?s={search_term_string}"},"query-input":{"@type":"PropertyValueSpecification","valueRequired":true,"valueName":"search_term_string"}}],"inLanguage":"pt-BR"},{"@type":"Organization","@id":"https:\/\/fundasp.org.br\/radar\/#organization","name":"RADAR | Funda\u00e7\u00e3o S\u00e3o Paulo - FUNDASP","url":"https:\/\/fundasp.org.br\/radar\/","logo":{"@type":"ImageObject","inLanguage":"pt-BR","@id":"https:\/\/fundasp.org.br\/radar\/#\/schema\/logo\/image\/","url":"https:\/\/radar.fundasp.org.br\/wp-content\/uploads\/2025\/02\/img50.webp","contentUrl":"https:\/\/radar.fundasp.org.br\/wp-content\/uploads\/2025\/02\/img50.webp","width":650,"height":360,"caption":"RADAR | Funda\u00e7\u00e3o S\u00e3o Paulo - FUNDASP"},"image":{"@id":"https:\/\/fundasp.org.br\/radar\/#\/schema\/logo\/image\/"},"sameAs":["https:\/\/www.facebook.com\/Fundasp\/","https:\/\/www.instagram.com\/fundacaosaopaulo\/","https:\/\/br.linkedin.com\/company\/funda\u00e7\u00e3o-s\u00e3o-paulo"]},{"@type":"Person","@id":"https:\/\/fundasp.org.br\/radar\/#\/schema\/person\/62a91b27992430f374cc86ce652c28a1","name":"cjbraga","image":{"@type":"ImageObject","inLanguage":"pt-BR","@id":"https:\/\/secure.gravatar.com\/avatar\/f4ae8f4f19168adb99903e9ebd528cb40a0df6da3d912d7b72a5f9403f6294fe?s=96&d=mm&r=g","url":"https:\/\/secure.gravatar.com\/avatar\/f4ae8f4f19168adb99903e9ebd528cb40a0df6da3d912d7b72a5f9403f6294fe?s=96&d=mm&r=g","contentUrl":"https:\/\/secure.gravatar.com\/avatar\/f4ae8f4f19168adb99903e9ebd528cb40a0df6da3d912d7b72a5f9403f6294fe?s=96&d=mm&r=g","caption":"cjbraga"},"url":"https:\/\/fundasp.org.br\/radar\/author\/cjbraga\/"}]}},"_links":{"self":[{"href":"https:\/\/fundasp.org.br\/radar\/wp-json\/wp\/v2\/posts\/1869","targetHints":{"allow":["GET"]}}],"collection":[{"href":"https:\/\/fundasp.org.br\/radar\/wp-json\/wp\/v2\/posts"}],"about":[{"href":"https:\/\/fundasp.org.br\/radar\/wp-json\/wp\/v2\/types\/post"}],"author":[{"embeddable":true,"href":"https:\/\/fundasp.org.br\/radar\/wp-json\/wp\/v2\/users\/3"}],"replies":[{"embeddable":true,"href":"https:\/\/fundasp.org.br\/radar\/wp-json\/wp\/v2\/comments?post=1869"}],"version-history":[{"count":7,"href":"https:\/\/fundasp.org.br\/radar\/wp-json\/wp\/v2\/posts\/1869\/revisions"}],"predecessor-version":[{"id":1906,"href":"https:\/\/fundasp.org.br\/radar\/wp-json\/wp\/v2\/posts\/1869\/revisions\/1906"}],"wp:featuredmedia":[{"embeddable":true,"href":"https:\/\/fundasp.org.br\/radar\/wp-json\/wp\/v2\/media\/1905"}],"wp:attachment":[{"href":"https:\/\/fundasp.org.br\/radar\/wp-json\/wp\/v2\/media?parent=1869"}],"wp:term":[{"taxonomy":"category","embeddable":true,"href":"https:\/\/fundasp.org.br\/radar\/wp-json\/wp\/v2\/categories?post=1869"},{"taxonomy":"post_tag","embeddable":true,"href":"https:\/\/fundasp.org.br\/radar\/wp-json\/wp\/v2\/tags?post=1869"}],"curies":[{"name":"wp","href":"https:\/\/api.w.org\/{rel}","templated":true}]}}