{"id":2650,"date":"2026-03-24T07:39:24","date_gmt":"2026-03-24T07:39:24","guid":{"rendered":"https:\/\/fundasp.org.br\/radar\/?p=2650"},"modified":"2026-03-27T19:34:14","modified_gmt":"2026-03-27T19:34:14","slug":"nucleo-lumem-palestra-aberta-sobre-politica-de-ciencia-e-tecnologia-no-brasil","status":"publish","type":"post","link":"https:\/\/fundasp.org.br\/radar\/nucleo-lumem-palestra-aberta-sobre-politica-de-ciencia-e-tecnologia-no-brasil\/","title":{"rendered":"N\u00facleo Lumem: Palestra aberta nesta sexta (27) sobre Ci\u00eancia e Tecnologia no Brasil"},"content":{"rendered":"<p>O N\u00facleo de Humanidades para Ci\u00eancia e Tecnologia da Funda\u00e7\u00e3o S\u00e3o Paulo (N\u00facleo Lumen), em conjunto com a Faculdade de Ci\u00eancias Exatas e Tecnologia (FCET) da PUC-SP, abre suas atividades em 2026 com a confer\u00eancia <strong>\u201cPol\u00edtica de Ci\u00eancia e Tecnologia no Brasil\u201d<\/strong>, que ser\u00e1 ministrada pelo presidente do Conselho Nacional de Desenvolvimento Cient\u00edfico e Tecnol\u00f3gico, Prof. Dr. Olival Freire.<\/p>\n<p>O evento marca o esfor\u00e7o do Lumen em promover e incentivar o debate qualificado sobre ci\u00eancia e tecnologia na atualidade, fortalecendo o di\u00e1logo entre universidade, pol\u00edticas p\u00fablicas e desenvolvimento nacional.<\/p>\n<p>A palestra \u00e9 aberta, gratuita e acontecer\u00e1 presencialmente, no dia 27\/3, das 10h \u00e0s 12h, na PUC-SP \u2013 Audit\u00f3rio 333 (Rua Ministro God\u00f3i, 969).<\/p>\n<p>Atual presidente do Conselho Nacional de Desenvolvimento Cient\u00edfico e Tecnol\u00f3gico, Olival Freire \u00e9 historiador da ci\u00eancia e pesquisador com proje\u00e7\u00e3o internacional. Doutor pela Universidade de S\u00e3o Paulo, \u00e9 coautor de Teoria qu\u00e2ntica: estudos hist\u00f3ricos e implica\u00e7\u00f5es culturais, obra vencedora do Pr\u00eamio Jabuti. Publicou ainda pela Springer e pela editora da Universidade de Oxford.<\/p>\n<p><a href=\"https:\/\/eventos.pucsp.br\/politica-de-ciencia-e-tecnologia\/\"><strong>Inscreva-se aqui.<\/strong><\/a><\/p>\n<p>&nbsp;<\/p>\n<p><img loading=\"lazy\" decoding=\"async\" class=\"alignnone size-medium wp-image-2816\" src=\"https:\/\/radar.fundasp.org.br\/wp-content\/uploads\/2026\/03\/WhatsApp-Image-2026-03-23-at-10.43.43-254x360.jpeg\" alt=\"\" width=\"254\" height=\"360\" srcset=\"https:\/\/radar.fundasp.org.br\/wp-content\/uploads\/2026\/03\/WhatsApp-Image-2026-03-23-at-10.43.43-254x360.jpeg 254w, https:\/\/radar.fundasp.org.br\/wp-content\/uploads\/2026\/03\/WhatsApp-Image-2026-03-23-at-10.43.43-353x500.jpeg 353w, https:\/\/radar.fundasp.org.br\/wp-content\/uploads\/2026\/03\/WhatsApp-Image-2026-03-23-at-10.43.43-768x1086.jpeg 768w, https:\/\/radar.fundasp.org.br\/wp-content\/uploads\/2026\/03\/WhatsApp-Image-2026-03-23-at-10.43.43-1086x1536.jpeg 1086w, https:\/\/radar.fundasp.org.br\/wp-content\/uploads\/2026\/03\/WhatsApp-Image-2026-03-23-at-10.43.43-177x250.jpeg 177w, https:\/\/radar.fundasp.org.br\/wp-content\/uploads\/2026\/03\/WhatsApp-Image-2026-03-23-at-10.43.43.jpeg 1131w\" sizes=\"auto, (max-width: 254px) 100vw, 254px\" \/><\/p>\n<p>&nbsp;<\/p>\n","protected":false},"excerpt":{"rendered":"<p>O N\u00facleo de Humanidades para Ci\u00eancia e Tecnologia da Funda\u00e7\u00e3o S\u00e3o Paulo (N\u00facleo Lumen), em conjunto com a Faculdade de Ci\u00eancias Exatas e Tecnologia (FCET) da PUC-SP, abre suas atividades em 2026 com a confer\u00eancia \u201cPol\u00edtica de Ci\u00eancia e Tecnologia no Brasil\u201d, que ser\u00e1 ministrada pelo presidente do Conselho Nacional de Desenvolvimento Cient\u00edfico e Tecnol\u00f3gico, [&hellip;]<\/p>\n","protected":false},"author":3,"featured_media":2814,"comment_status":"open","ping_status":"open","sticky":false,"template":"","format":"standard","meta":{"footnotes":""},"categories":[13],"tags":[],"class_list":["post-2650","post","type-post","status-publish","format-standard","has-post-thumbnail","hentry","category-lumen"],"yoast_head":"<!-- This site is optimized with the Yoast SEO plugin v27.2 - https:\/\/yoast.com\/product\/yoast-seo-wordpress\/ -->\n<title>N\u00facleo Lumem: Palestra aberta nesta sexta (27) sobre Ci\u00eancia e Tecnologia no Brasil | Radar FUNDASP<\/title>\n<meta name=\"description\" content=\"O N\u00facleo de Humanidades para Ci\u00eancia e Tecnologia da Funda\u00e7\u00e3o S\u00e3o Paulo (N\u00facleo Lumen), em conjunto com a Faculdade de Ci\u00eancias Exatas e Tecnologia (FCET)\" \/>\n<meta name=\"robots\" content=\"index, follow, max-snippet:-1, max-image-preview:large, max-video-preview:-1\" \/>\n<link rel=\"canonical\" href=\"https:\/\/fundasp.org.br\/radar\/nucleo-lumem-palestra-aberta-sobre-politica-de-ciencia-e-tecnologia-no-brasil\/\" \/>\n<meta property=\"og:locale\" content=\"en_US\" \/>\n<meta property=\"og:type\" content=\"article\" \/>\n<meta property=\"og:title\" content=\"N\u00facleo Lumem: Palestra aberta nesta sexta (27) sobre Ci\u00eancia e Tecnologia no Brasil | Radar FUNDASP\" \/>\n<meta property=\"og:description\" content=\"O N\u00facleo de Humanidades para Ci\u00eancia e Tecnologia da Funda\u00e7\u00e3o S\u00e3o Paulo (N\u00facleo Lumen), em conjunto com a Faculdade de Ci\u00eancias Exatas e Tecnologia (FCET)\" \/>\n<meta property=\"og:url\" content=\"https:\/\/fundasp.org.br\/radar\/nucleo-lumem-palestra-aberta-sobre-politica-de-ciencia-e-tecnologia-no-brasil\/\" \/>\n<meta property=\"og:site_name\" content=\"Radar FUNDASP\" \/>\n<meta property=\"article:publisher\" content=\"https:\/\/www.facebook.com\/Fundasp\/\" \/>\n<meta property=\"article:published_time\" content=\"2026-03-24T07:39:24+00:00\" \/>\n<meta property=\"article:modified_time\" content=\"2026-03-27T19:34:14+00:00\" \/>\n<meta property=\"og:image\" content=\"https:\/\/radar.fundasp.org.br\/wp-content\/uploads\/2026\/03\/23032026-Palestra-Lumen_Site-scaled-e1774281736890.jpg\" \/>\n\t<meta property=\"og:image:width\" content=\"2560\" \/>\n\t<meta property=\"og:image:height\" content=\"1417\" \/>\n\t<meta property=\"og:image:type\" content=\"image\/jpeg\" \/>\n<meta name=\"author\" content=\"cjbraga\" \/>\n<meta name=\"twitter:card\" content=\"summary_large_image\" \/>\n<script type=\"application\/ld+json\" class=\"yoast-schema-graph\">{\"@context\":\"https:\/\/schema.org\",\"@graph\":[{\"@type\":\"Article\",\"@id\":\"https:\/\/fundasp.org.br\/radar\/nucleo-lumem-palestra-aberta-sobre-politica-de-ciencia-e-tecnologia-no-brasil\/#article\",\"isPartOf\":{\"@id\":\"https:\/\/fundasp.org.br\/radar\/nucleo-lumem-palestra-aberta-sobre-politica-de-ciencia-e-tecnologia-no-brasil\/\"},\"author\":{\"name\":\"cjbraga\",\"@id\":\"https:\/\/fundasp.org.br\/radar\/#\/schema\/person\/62a91b27992430f374cc86ce652c28a1\"},\"headline\":\"N\u00facleo Lumem: Palestra aberta nesta sexta (27) sobre Ci\u00eancia e Tecnologia no Brasil\",\"datePublished\":\"2026-03-24T07:39:24+00:00\",\"dateModified\":\"2026-03-27T19:34:14+00:00\",\"mainEntityOfPage\":{\"@id\":\"https:\/\/fundasp.org.br\/radar\/nucleo-lumem-palestra-aberta-sobre-politica-de-ciencia-e-tecnologia-no-brasil\/\"},\"wordCount\":203,\"commentCount\":0,\"publisher\":{\"@id\":\"https:\/\/fundasp.org.br\/radar\/#organization\"},\"image\":{\"@id\":\"https:\/\/fundasp.org.br\/radar\/nucleo-lumem-palestra-aberta-sobre-politica-de-ciencia-e-tecnologia-no-brasil\/#primaryimage\"},\"thumbnailUrl\":\"https:\/\/radar.fundasp.org.br\/wp-content\/uploads\/2026\/03\/23032026-Palestra-Lumen_Site-scaled-e1774281736890.jpg\",\"articleSection\":[\"Lumen\"],\"inLanguage\":\"pt-BR\",\"potentialAction\":[{\"@type\":\"CommentAction\",\"name\":\"Comment\",\"target\":[\"https:\/\/fundasp.org.br\/radar\/nucleo-lumem-palestra-aberta-sobre-politica-de-ciencia-e-tecnologia-no-brasil\/#respond\"]}]},{\"@type\":\"WebPage\",\"@id\":\"https:\/\/fundasp.org.br\/radar\/nucleo-lumem-palestra-aberta-sobre-politica-de-ciencia-e-tecnologia-no-brasil\/\",\"url\":\"https:\/\/fundasp.org.br\/radar\/nucleo-lumem-palestra-aberta-sobre-politica-de-ciencia-e-tecnologia-no-brasil\/\",\"name\":\"N\u00facleo Lumem: Palestra aberta nesta sexta (27) sobre Ci\u00eancia e Tecnologia no Brasil | Radar FUNDASP\",\"isPartOf\":{\"@id\":\"https:\/\/fundasp.org.br\/radar\/#website\"},\"primaryImageOfPage\":{\"@id\":\"https:\/\/fundasp.org.br\/radar\/nucleo-lumem-palestra-aberta-sobre-politica-de-ciencia-e-tecnologia-no-brasil\/#primaryimage\"},\"image\":{\"@id\":\"https:\/\/fundasp.org.br\/radar\/nucleo-lumem-palestra-aberta-sobre-politica-de-ciencia-e-tecnologia-no-brasil\/#primaryimage\"},\"thumbnailUrl\":\"https:\/\/radar.fundasp.org.br\/wp-content\/uploads\/2026\/03\/23032026-Palestra-Lumen_Site-scaled-e1774281736890.jpg\",\"datePublished\":\"2026-03-24T07:39:24+00:00\",\"dateModified\":\"2026-03-27T19:34:14+00:00\",\"description\":\"O N\u00facleo de Humanidades para Ci\u00eancia e Tecnologia da Funda\u00e7\u00e3o S\u00e3o Paulo (N\u00facleo Lumen), em conjunto com a Faculdade de Ci\u00eancias Exatas e Tecnologia (FCET)\",\"breadcrumb\":{\"@id\":\"https:\/\/fundasp.org.br\/radar\/nucleo-lumem-palestra-aberta-sobre-politica-de-ciencia-e-tecnologia-no-brasil\/#breadcrumb\"},\"inLanguage\":\"pt-BR\",\"potentialAction\":[{\"@type\":\"ReadAction\",\"target\":[\"https:\/\/fundasp.org.br\/radar\/nucleo-lumem-palestra-aberta-sobre-politica-de-ciencia-e-tecnologia-no-brasil\/\"]}]},{\"@type\":\"ImageObject\",\"inLanguage\":\"pt-BR\",\"@id\":\"https:\/\/fundasp.org.br\/radar\/nucleo-lumem-palestra-aberta-sobre-politica-de-ciencia-e-tecnologia-no-brasil\/#primaryimage\",\"url\":\"https:\/\/radar.fundasp.org.br\/wp-content\/uploads\/2026\/03\/23032026-Palestra-Lumen_Site-scaled-e1774281736890.jpg\",\"contentUrl\":\"https:\/\/radar.fundasp.org.br\/wp-content\/uploads\/2026\/03\/23032026-Palestra-Lumen_Site-scaled-e1774281736890.jpg\",\"width\":2560,\"height\":1417},{\"@type\":\"BreadcrumbList\",\"@id\":\"https:\/\/fundasp.org.br\/radar\/nucleo-lumem-palestra-aberta-sobre-politica-de-ciencia-e-tecnologia-no-brasil\/#breadcrumb\",\"itemListElement\":[{\"@type\":\"ListItem\",\"position\":1,\"name\":\"Home\",\"item\":\"https:\/\/fundasp.org.br\/radar\/\"},{\"@type\":\"ListItem\",\"position\":2,\"name\":\"N\u00facleo Lumem: Palestra aberta nesta sexta (27) sobre Ci\u00eancia e Tecnologia no Brasil\"}]},{\"@type\":\"WebSite\",\"@id\":\"https:\/\/fundasp.org.br\/radar\/#website\",\"url\":\"https:\/\/fundasp.org.br\/radar\/\",\"name\":\"RADAR | Funda\u00e7\u00e3o S\u00e3o Paulo - FUNDASP\",\"description\":\"A FUNDA\u00c7\u00c3O S\u00c3O PAULO, Mantenedora da Pontif\u00edcia Universidade Cat\u00f3lica de S\u00e3o Paulo e desde 2019 do Centro Universit\u00e1rio Assun\u00e7\u00e3o, \u00e9 pessoa jur\u00eddica de fins n\u00e3o econ\u00f4micos, tendo sua sede na Capital do Estado de S\u00e3o Paulo.\",\"publisher\":{\"@id\":\"https:\/\/fundasp.org.br\/radar\/#organization\"},\"alternateName\":\"fundasp.org.br\/radar\/\",\"potentialAction\":[{\"@type\":\"SearchAction\",\"target\":{\"@type\":\"EntryPoint\",\"urlTemplate\":\"https:\/\/fundasp.org.br\/radar\/?s={search_term_string}\"},\"query-input\":{\"@type\":\"PropertyValueSpecification\",\"valueRequired\":true,\"valueName\":\"search_term_string\"}}],\"inLanguage\":\"pt-BR\"},{\"@type\":\"Organization\",\"@id\":\"https:\/\/fundasp.org.br\/radar\/#organization\",\"name\":\"RADAR | Funda\u00e7\u00e3o S\u00e3o Paulo - FUNDASP\",\"url\":\"https:\/\/fundasp.org.br\/radar\/\",\"logo\":{\"@type\":\"ImageObject\",\"inLanguage\":\"pt-BR\",\"@id\":\"https:\/\/fundasp.org.br\/radar\/#\/schema\/logo\/image\/\",\"url\":\"https:\/\/radar.fundasp.org.br\/wp-content\/uploads\/2025\/02\/img50.webp\",\"contentUrl\":\"https:\/\/radar.fundasp.org.br\/wp-content\/uploads\/2025\/02\/img50.webp\",\"width\":650,\"height\":360,\"caption\":\"RADAR | Funda\u00e7\u00e3o S\u00e3o Paulo - FUNDASP\"},\"image\":{\"@id\":\"https:\/\/fundasp.org.br\/radar\/#\/schema\/logo\/image\/\"},\"sameAs\":[\"https:\/\/www.facebook.com\/Fundasp\/\",\"https:\/\/www.instagram.com\/fundacaosaopaulo\/\",\"https:\/\/br.linkedin.com\/company\/funda\u00e7\u00e3o-s\u00e3o-paulo\"]},{\"@type\":\"Person\",\"@id\":\"https:\/\/fundasp.org.br\/radar\/#\/schema\/person\/62a91b27992430f374cc86ce652c28a1\",\"name\":\"cjbraga\",\"image\":{\"@type\":\"ImageObject\",\"inLanguage\":\"pt-BR\",\"@id\":\"https:\/\/secure.gravatar.com\/avatar\/f4ae8f4f19168adb99903e9ebd528cb40a0df6da3d912d7b72a5f9403f6294fe?s=96&d=mm&r=g\",\"url\":\"https:\/\/secure.gravatar.com\/avatar\/f4ae8f4f19168adb99903e9ebd528cb40a0df6da3d912d7b72a5f9403f6294fe?s=96&d=mm&r=g\",\"contentUrl\":\"https:\/\/secure.gravatar.com\/avatar\/f4ae8f4f19168adb99903e9ebd528cb40a0df6da3d912d7b72a5f9403f6294fe?s=96&d=mm&r=g\",\"caption\":\"cjbraga\"},\"url\":\"https:\/\/fundasp.org.br\/radar\/author\/cjbraga\/\"}]}<\/script>\n<!-- \/ Yoast SEO plugin. -->","yoast_head_json":{"title":"N\u00facleo Lumem: Palestra aberta nesta sexta (27) sobre Ci\u00eancia e Tecnologia no Brasil | Radar FUNDASP","description":"O N\u00facleo de Humanidades para Ci\u00eancia e Tecnologia da Funda\u00e7\u00e3o S\u00e3o Paulo (N\u00facleo Lumen), em conjunto com a Faculdade de Ci\u00eancias Exatas e Tecnologia (FCET)","robots":{"index":"index","follow":"follow","max-snippet":"max-snippet:-1","max-image-preview":"max-image-preview:large","max-video-preview":"max-video-preview:-1"},"canonical":"https:\/\/fundasp.org.br\/radar\/nucleo-lumem-palestra-aberta-sobre-politica-de-ciencia-e-tecnologia-no-brasil\/","og_locale":"en_US","og_type":"article","og_title":"N\u00facleo Lumem: Palestra aberta nesta sexta (27) sobre Ci\u00eancia e Tecnologia no Brasil | Radar FUNDASP","og_description":"O N\u00facleo de Humanidades para Ci\u00eancia e Tecnologia da Funda\u00e7\u00e3o S\u00e3o Paulo (N\u00facleo Lumen), em conjunto com a Faculdade de Ci\u00eancias Exatas e Tecnologia (FCET)","og_url":"https:\/\/fundasp.org.br\/radar\/nucleo-lumem-palestra-aberta-sobre-politica-de-ciencia-e-tecnologia-no-brasil\/","og_site_name":"Radar FUNDASP","article_publisher":"https:\/\/www.facebook.com\/Fundasp\/","article_published_time":"2026-03-24T07:39:24+00:00","article_modified_time":"2026-03-27T19:34:14+00:00","og_image":[{"width":2560,"height":1417,"url":"https:\/\/radar.fundasp.org.br\/wp-content\/uploads\/2026\/03\/23032026-Palestra-Lumen_Site-scaled-e1774281736890.jpg","type":"image\/jpeg"}],"author":"cjbraga","twitter_card":"summary_large_image","schema":{"@context":"https:\/\/schema.org","@graph":[{"@type":"Article","@id":"https:\/\/fundasp.org.br\/radar\/nucleo-lumem-palestra-aberta-sobre-politica-de-ciencia-e-tecnologia-no-brasil\/#article","isPartOf":{"@id":"https:\/\/fundasp.org.br\/radar\/nucleo-lumem-palestra-aberta-sobre-politica-de-ciencia-e-tecnologia-no-brasil\/"},"author":{"name":"cjbraga","@id":"https:\/\/fundasp.org.br\/radar\/#\/schema\/person\/62a91b27992430f374cc86ce652c28a1"},"headline":"N\u00facleo Lumem: Palestra aberta nesta sexta (27) sobre Ci\u00eancia e Tecnologia no Brasil","datePublished":"2026-03-24T07:39:24+00:00","dateModified":"2026-03-27T19:34:14+00:00","mainEntityOfPage":{"@id":"https:\/\/fundasp.org.br\/radar\/nucleo-lumem-palestra-aberta-sobre-politica-de-ciencia-e-tecnologia-no-brasil\/"},"wordCount":203,"commentCount":0,"publisher":{"@id":"https:\/\/fundasp.org.br\/radar\/#organization"},"image":{"@id":"https:\/\/fundasp.org.br\/radar\/nucleo-lumem-palestra-aberta-sobre-politica-de-ciencia-e-tecnologia-no-brasil\/#primaryimage"},"thumbnailUrl":"https:\/\/radar.fundasp.org.br\/wp-content\/uploads\/2026\/03\/23032026-Palestra-Lumen_Site-scaled-e1774281736890.jpg","articleSection":["Lumen"],"inLanguage":"pt-BR","potentialAction":[{"@type":"CommentAction","name":"Comment","target":["https:\/\/fundasp.org.br\/radar\/nucleo-lumem-palestra-aberta-sobre-politica-de-ciencia-e-tecnologia-no-brasil\/#respond"]}]},{"@type":"WebPage","@id":"https:\/\/fundasp.org.br\/radar\/nucleo-lumem-palestra-aberta-sobre-politica-de-ciencia-e-tecnologia-no-brasil\/","url":"https:\/\/fundasp.org.br\/radar\/nucleo-lumem-palestra-aberta-sobre-politica-de-ciencia-e-tecnologia-no-brasil\/","name":"N\u00facleo Lumem: Palestra aberta nesta sexta (27) sobre Ci\u00eancia e Tecnologia no Brasil | Radar FUNDASP","isPartOf":{"@id":"https:\/\/fundasp.org.br\/radar\/#website"},"primaryImageOfPage":{"@id":"https:\/\/fundasp.org.br\/radar\/nucleo-lumem-palestra-aberta-sobre-politica-de-ciencia-e-tecnologia-no-brasil\/#primaryimage"},"image":{"@id":"https:\/\/fundasp.org.br\/radar\/nucleo-lumem-palestra-aberta-sobre-politica-de-ciencia-e-tecnologia-no-brasil\/#primaryimage"},"thumbnailUrl":"https:\/\/radar.fundasp.org.br\/wp-content\/uploads\/2026\/03\/23032026-Palestra-Lumen_Site-scaled-e1774281736890.jpg","datePublished":"2026-03-24T07:39:24+00:00","dateModified":"2026-03-27T19:34:14+00:00","description":"O N\u00facleo de Humanidades para Ci\u00eancia e Tecnologia da Funda\u00e7\u00e3o S\u00e3o Paulo (N\u00facleo Lumen), em conjunto com a Faculdade de Ci\u00eancias Exatas e Tecnologia (FCET)","breadcrumb":{"@id":"https:\/\/fundasp.org.br\/radar\/nucleo-lumem-palestra-aberta-sobre-politica-de-ciencia-e-tecnologia-no-brasil\/#breadcrumb"},"inLanguage":"pt-BR","potentialAction":[{"@type":"ReadAction","target":["https:\/\/fundasp.org.br\/radar\/nucleo-lumem-palestra-aberta-sobre-politica-de-ciencia-e-tecnologia-no-brasil\/"]}]},{"@type":"ImageObject","inLanguage":"pt-BR","@id":"https:\/\/fundasp.org.br\/radar\/nucleo-lumem-palestra-aberta-sobre-politica-de-ciencia-e-tecnologia-no-brasil\/#primaryimage","url":"https:\/\/radar.fundasp.org.br\/wp-content\/uploads\/2026\/03\/23032026-Palestra-Lumen_Site-scaled-e1774281736890.jpg","contentUrl":"https:\/\/radar.fundasp.org.br\/wp-content\/uploads\/2026\/03\/23032026-Palestra-Lumen_Site-scaled-e1774281736890.jpg","width":2560,"height":1417},{"@type":"BreadcrumbList","@id":"https:\/\/fundasp.org.br\/radar\/nucleo-lumem-palestra-aberta-sobre-politica-de-ciencia-e-tecnologia-no-brasil\/#breadcrumb","itemListElement":[{"@type":"ListItem","position":1,"name":"Home","item":"https:\/\/fundasp.org.br\/radar\/"},{"@type":"ListItem","position":2,"name":"N\u00facleo Lumem: Palestra aberta nesta sexta (27) sobre Ci\u00eancia e Tecnologia no Brasil"}]},{"@type":"WebSite","@id":"https:\/\/fundasp.org.br\/radar\/#website","url":"https:\/\/fundasp.org.br\/radar\/","name":"RADAR | Funda\u00e7\u00e3o S\u00e3o Paulo - FUNDASP","description":"A FUNDA\u00c7\u00c3O S\u00c3O PAULO, Mantenedora da Pontif\u00edcia Universidade Cat\u00f3lica de S\u00e3o Paulo e desde 2019 do Centro Universit\u00e1rio Assun\u00e7\u00e3o, \u00e9 pessoa jur\u00eddica de fins n\u00e3o econ\u00f4micos, tendo sua sede na Capital do Estado de S\u00e3o Paulo.","publisher":{"@id":"https:\/\/fundasp.org.br\/radar\/#organization"},"alternateName":"fundasp.org.br\/radar\/","potentialAction":[{"@type":"SearchAction","target":{"@type":"EntryPoint","urlTemplate":"https:\/\/fundasp.org.br\/radar\/?s={search_term_string}"},"query-input":{"@type":"PropertyValueSpecification","valueRequired":true,"valueName":"search_term_string"}}],"inLanguage":"pt-BR"},{"@type":"Organization","@id":"https:\/\/fundasp.org.br\/radar\/#organization","name":"RADAR | Funda\u00e7\u00e3o S\u00e3o Paulo - FUNDASP","url":"https:\/\/fundasp.org.br\/radar\/","logo":{"@type":"ImageObject","inLanguage":"pt-BR","@id":"https:\/\/fundasp.org.br\/radar\/#\/schema\/logo\/image\/","url":"https:\/\/radar.fundasp.org.br\/wp-content\/uploads\/2025\/02\/img50.webp","contentUrl":"https:\/\/radar.fundasp.org.br\/wp-content\/uploads\/2025\/02\/img50.webp","width":650,"height":360,"caption":"RADAR | Funda\u00e7\u00e3o S\u00e3o Paulo - FUNDASP"},"image":{"@id":"https:\/\/fundasp.org.br\/radar\/#\/schema\/logo\/image\/"},"sameAs":["https:\/\/www.facebook.com\/Fundasp\/","https:\/\/www.instagram.com\/fundacaosaopaulo\/","https:\/\/br.linkedin.com\/company\/funda\u00e7\u00e3o-s\u00e3o-paulo"]},{"@type":"Person","@id":"https:\/\/fundasp.org.br\/radar\/#\/schema\/person\/62a91b27992430f374cc86ce652c28a1","name":"cjbraga","image":{"@type":"ImageObject","inLanguage":"pt-BR","@id":"https:\/\/secure.gravatar.com\/avatar\/f4ae8f4f19168adb99903e9ebd528cb40a0df6da3d912d7b72a5f9403f6294fe?s=96&d=mm&r=g","url":"https:\/\/secure.gravatar.com\/avatar\/f4ae8f4f19168adb99903e9ebd528cb40a0df6da3d912d7b72a5f9403f6294fe?s=96&d=mm&r=g","contentUrl":"https:\/\/secure.gravatar.com\/avatar\/f4ae8f4f19168adb99903e9ebd528cb40a0df6da3d912d7b72a5f9403f6294fe?s=96&d=mm&r=g","caption":"cjbraga"},"url":"https:\/\/fundasp.org.br\/radar\/author\/cjbraga\/"}]}},"_links":{"self":[{"href":"https:\/\/fundasp.org.br\/radar\/wp-json\/wp\/v2\/posts\/2650","targetHints":{"allow":["GET"]}}],"collection":[{"href":"https:\/\/fundasp.org.br\/radar\/wp-json\/wp\/v2\/posts"}],"about":[{"href":"https:\/\/fundasp.org.br\/radar\/wp-json\/wp\/v2\/types\/post"}],"author":[{"embeddable":true,"href":"https:\/\/fundasp.org.br\/radar\/wp-json\/wp\/v2\/users\/3"}],"replies":[{"embeddable":true,"href":"https:\/\/fundasp.org.br\/radar\/wp-json\/wp\/v2\/comments?post=2650"}],"version-history":[{"count":4,"href":"https:\/\/fundasp.org.br\/radar\/wp-json\/wp\/v2\/posts\/2650\/revisions"}],"predecessor-version":[{"id":2870,"href":"https:\/\/fundasp.org.br\/radar\/wp-json\/wp\/v2\/posts\/2650\/revisions\/2870"}],"wp:featuredmedia":[{"embeddable":true,"href":"https:\/\/fundasp.org.br\/radar\/wp-json\/wp\/v2\/media\/2814"}],"wp:attachment":[{"href":"https:\/\/fundasp.org.br\/radar\/wp-json\/wp\/v2\/media?parent=2650"}],"wp:term":[{"taxonomy":"category","embeddable":true,"href":"https:\/\/fundasp.org.br\/radar\/wp-json\/wp\/v2\/categories?post=2650"},{"taxonomy":"post_tag","embeddable":true,"href":"https:\/\/fundasp.org.br\/radar\/wp-json\/wp\/v2\/tags?post=2650"}],"curies":[{"name":"wp","href":"https:\/\/api.w.org\/{rel}","templated":true}]}}