{"id":2895,"date":"2026-03-27T14:33:29","date_gmt":"2026-03-27T14:33:29","guid":{"rendered":"https:\/\/fundasp.org.br\/radar\/?p=2895"},"modified":"2026-03-31T20:04:54","modified_gmt":"2026-03-31T20:04:54","slug":"nucleo-lumen-presidente-do-cnpq-participa-de-palestra-na-puc-sp","status":"publish","type":"post","link":"https:\/\/fundasp.org.br\/radar\/nucleo-lumen-presidente-do-cnpq-participa-de-palestra-na-puc-sp\/","title":{"rendered":"N\u00facleo Lumen: presidente do CNPq participa de palestra na PUC-SP"},"content":{"rendered":"<p>O <strong><a href=\"https:\/\/www.pucsp.br\/lumen\">N\u00facleo Lumen<\/a><\/strong> recebeu nesta sexta-feira (27\/3) o presidente do <strong><a href=\"https:\/\/www.gov.br\/cnpq\/pt-br\">Conselho Nacional de Desenvolvimento Cient\u00edfico e Tecnol\u00f3gico (CNPq)<\/a><\/strong>, Prof. Olival Freire, para palestra de abertura do semestre na PUC-SP &#8220;Pol\u00edtica de Ci\u00eancia e Tecnologia no Brasil&#8221;.<\/p>\n<p>Olival fez uma an\u00e1lise hist\u00f3rica das institui\u00e7\u00f5es de incentivo a pesquisa cient\u00edfica no Brasil desde o final da segunda guerra mundial at\u00e9 nossos dias demonstrando a crescente valoriza\u00e7\u00e3o da ci\u00eancia e da tecnologia no pa\u00eds.<\/p>\n<p>Ele apontou tamb\u00e9m os n\u00fameros dos investimentos na \u00e1rea nos \u00faltimos 10 anos com pequenas varia\u00e7\u00f5es e indicando a necessidade de maior aten\u00e7\u00e3o \u00e0 \u00e1rea no Brasil.<\/p>\n<p>A plateia fez v\u00e1rias observa\u00e7\u00f5es ao palestrante no final de sua apresenta\u00e7\u00e3o e o Prof. Olival destacou o carinho e aten\u00e7\u00e3o recebidos na Universidade.<\/p>\n<p>O Prof. Jos\u00e9 Luiz Goldfarb, coordenador do Lumen, ressaltou a relev\u00e2ncia do encontro. &#8220;Fiquei muito satisfeito com a presen\u00e7a do presidente do CNPq na PUC-SP. Uma demonstra\u00e7\u00e3o de que nosso N\u00facleo j\u00e1 faz a diferen\u00e7a promovendo o encontro entre as humanidades, ci\u00eancias e tecnologias em nossa Universidade\u201d, comemorou.<\/p>\n<p><strong><a href=\"https:\/\/www.youtube.com\/watch?v=JnD4NCaAfVk\">Acesse aqui o evento na \u00edntegra.\u00a0<\/a><\/strong><\/p>\n","protected":false},"excerpt":{"rendered":"<p>O N\u00facleo Lumen recebeu nesta sexta-feira (27\/3) o presidente do Conselho Nacional de Desenvolvimento Cient\u00edfico e Tecnol\u00f3gico (CNPq), Prof. Olival Freire, para palestra de abertura do semestre na PUC-SP &#8220;Pol\u00edtica de Ci\u00eancia e Tecnologia no Brasil&#8221;. Olival fez uma an\u00e1lise hist\u00f3rica das institui\u00e7\u00f5es de incentivo a pesquisa cient\u00edfica no Brasil desde o final da segunda [&hellip;]<\/p>\n","protected":false},"author":3,"featured_media":2898,"comment_status":"open","ping_status":"open","sticky":false,"template":"","format":"standard","meta":{"footnotes":""},"categories":[13],"tags":[],"class_list":["post-2895","post","type-post","status-publish","format-standard","has-post-thumbnail","hentry","category-lumen"],"yoast_head":"<!-- This site is optimized with the Yoast SEO plugin v27.2 - https:\/\/yoast.com\/product\/yoast-seo-wordpress\/ -->\n<title>N\u00facleo Lumen: presidente do CNPq participa de palestra na PUC-SP | Radar FUNDASP<\/title>\n<meta name=\"description\" content=\"O N\u00facleo Lumen recebeu nesta sexta-feira (27\/3) o presidente do Conselho Nacional de Desenvolvimento Cient\u00edfico e Tecnol\u00f3gico (CNPq), Prof. Olival Freire,\" \/>\n<meta name=\"robots\" content=\"index, follow, max-snippet:-1, max-image-preview:large, max-video-preview:-1\" \/>\n<link rel=\"canonical\" href=\"https:\/\/fundasp.org.br\/radar\/nucleo-lumen-presidente-do-cnpq-participa-de-palestra-na-puc-sp\/\" \/>\n<meta property=\"og:locale\" content=\"en_US\" \/>\n<meta property=\"og:type\" content=\"article\" \/>\n<meta property=\"og:title\" content=\"N\u00facleo Lumen: presidente do CNPq participa de palestra na PUC-SP | Radar FUNDASP\" \/>\n<meta property=\"og:description\" content=\"O N\u00facleo Lumen recebeu nesta sexta-feira (27\/3) o presidente do Conselho Nacional de Desenvolvimento Cient\u00edfico e Tecnol\u00f3gico (CNPq), Prof. Olival Freire,\" \/>\n<meta property=\"og:url\" content=\"https:\/\/fundasp.org.br\/radar\/nucleo-lumen-presidente-do-cnpq-participa-de-palestra-na-puc-sp\/\" \/>\n<meta property=\"og:site_name\" content=\"Radar FUNDASP\" \/>\n<meta property=\"article:publisher\" content=\"https:\/\/www.facebook.com\/Fundasp\/\" \/>\n<meta property=\"article:published_time\" content=\"2026-03-27T14:33:29+00:00\" \/>\n<meta property=\"article:modified_time\" content=\"2026-03-31T20:04:54+00:00\" \/>\n<meta property=\"og:image\" content=\"https:\/\/radar.fundasp.org.br\/wp-content\/uploads\/2026\/03\/WhatsApp-Image-2026-03-27-at-12.08.59-e1774639295347.jpeg\" \/>\n\t<meta property=\"og:image:width\" content=\"1280\" \/>\n\t<meta property=\"og:image:height\" content=\"710\" \/>\n\t<meta property=\"og:image:type\" content=\"image\/jpeg\" \/>\n<meta name=\"author\" content=\"cjbraga\" \/>\n<meta name=\"twitter:card\" content=\"summary_large_image\" \/>\n<script type=\"application\/ld+json\" class=\"yoast-schema-graph\">{\"@context\":\"https:\/\/schema.org\",\"@graph\":[{\"@type\":\"Article\",\"@id\":\"https:\/\/fundasp.org.br\/radar\/nucleo-lumen-presidente-do-cnpq-participa-de-palestra-na-puc-sp\/#article\",\"isPartOf\":{\"@id\":\"https:\/\/fundasp.org.br\/radar\/nucleo-lumen-presidente-do-cnpq-participa-de-palestra-na-puc-sp\/\"},\"author\":{\"name\":\"cjbraga\",\"@id\":\"https:\/\/fundasp.org.br\/radar\/#\/schema\/person\/62a91b27992430f374cc86ce652c28a1\"},\"headline\":\"N\u00facleo Lumen: presidente do CNPq participa de palestra na PUC-SP\",\"datePublished\":\"2026-03-27T14:33:29+00:00\",\"dateModified\":\"2026-03-31T20:04:54+00:00\",\"mainEntityOfPage\":{\"@id\":\"https:\/\/fundasp.org.br\/radar\/nucleo-lumen-presidente-do-cnpq-participa-de-palestra-na-puc-sp\/\"},\"wordCount\":210,\"commentCount\":0,\"publisher\":{\"@id\":\"https:\/\/fundasp.org.br\/radar\/#organization\"},\"image\":{\"@id\":\"https:\/\/fundasp.org.br\/radar\/nucleo-lumen-presidente-do-cnpq-participa-de-palestra-na-puc-sp\/#primaryimage\"},\"thumbnailUrl\":\"https:\/\/radar.fundasp.org.br\/wp-content\/uploads\/2026\/03\/WhatsApp-Image-2026-03-27-at-12.08.59-e1774639295347.jpeg\",\"articleSection\":[\"Lumen\"],\"inLanguage\":\"pt-BR\",\"potentialAction\":[{\"@type\":\"CommentAction\",\"name\":\"Comment\",\"target\":[\"https:\/\/fundasp.org.br\/radar\/nucleo-lumen-presidente-do-cnpq-participa-de-palestra-na-puc-sp\/#respond\"]}]},{\"@type\":\"WebPage\",\"@id\":\"https:\/\/fundasp.org.br\/radar\/nucleo-lumen-presidente-do-cnpq-participa-de-palestra-na-puc-sp\/\",\"url\":\"https:\/\/fundasp.org.br\/radar\/nucleo-lumen-presidente-do-cnpq-participa-de-palestra-na-puc-sp\/\",\"name\":\"N\u00facleo Lumen: presidente do CNPq participa de palestra na PUC-SP | Radar FUNDASP\",\"isPartOf\":{\"@id\":\"https:\/\/fundasp.org.br\/radar\/#website\"},\"primaryImageOfPage\":{\"@id\":\"https:\/\/fundasp.org.br\/radar\/nucleo-lumen-presidente-do-cnpq-participa-de-palestra-na-puc-sp\/#primaryimage\"},\"image\":{\"@id\":\"https:\/\/fundasp.org.br\/radar\/nucleo-lumen-presidente-do-cnpq-participa-de-palestra-na-puc-sp\/#primaryimage\"},\"thumbnailUrl\":\"https:\/\/radar.fundasp.org.br\/wp-content\/uploads\/2026\/03\/WhatsApp-Image-2026-03-27-at-12.08.59-e1774639295347.jpeg\",\"datePublished\":\"2026-03-27T14:33:29+00:00\",\"dateModified\":\"2026-03-31T20:04:54+00:00\",\"description\":\"O N\u00facleo Lumen recebeu nesta sexta-feira (27\/3) o presidente do Conselho Nacional de Desenvolvimento Cient\u00edfico e Tecnol\u00f3gico (CNPq), Prof. Olival Freire,\",\"breadcrumb\":{\"@id\":\"https:\/\/fundasp.org.br\/radar\/nucleo-lumen-presidente-do-cnpq-participa-de-palestra-na-puc-sp\/#breadcrumb\"},\"inLanguage\":\"pt-BR\",\"potentialAction\":[{\"@type\":\"ReadAction\",\"target\":[\"https:\/\/fundasp.org.br\/radar\/nucleo-lumen-presidente-do-cnpq-participa-de-palestra-na-puc-sp\/\"]}]},{\"@type\":\"ImageObject\",\"inLanguage\":\"pt-BR\",\"@id\":\"https:\/\/fundasp.org.br\/radar\/nucleo-lumen-presidente-do-cnpq-participa-de-palestra-na-puc-sp\/#primaryimage\",\"url\":\"https:\/\/radar.fundasp.org.br\/wp-content\/uploads\/2026\/03\/WhatsApp-Image-2026-03-27-at-12.08.59-e1774639295347.jpeg\",\"contentUrl\":\"https:\/\/radar.fundasp.org.br\/wp-content\/uploads\/2026\/03\/WhatsApp-Image-2026-03-27-at-12.08.59-e1774639295347.jpeg\",\"width\":1280,\"height\":710},{\"@type\":\"BreadcrumbList\",\"@id\":\"https:\/\/fundasp.org.br\/radar\/nucleo-lumen-presidente-do-cnpq-participa-de-palestra-na-puc-sp\/#breadcrumb\",\"itemListElement\":[{\"@type\":\"ListItem\",\"position\":1,\"name\":\"Home\",\"item\":\"https:\/\/fundasp.org.br\/radar\/\"},{\"@type\":\"ListItem\",\"position\":2,\"name\":\"N\u00facleo Lumen: presidente do CNPq participa de palestra na PUC-SP\"}]},{\"@type\":\"WebSite\",\"@id\":\"https:\/\/fundasp.org.br\/radar\/#website\",\"url\":\"https:\/\/fundasp.org.br\/radar\/\",\"name\":\"RADAR | Funda\u00e7\u00e3o S\u00e3o Paulo - FUNDASP\",\"description\":\"A FUNDA\u00c7\u00c3O S\u00c3O PAULO, Mantenedora da Pontif\u00edcia Universidade Cat\u00f3lica de S\u00e3o Paulo e desde 2019 do Centro Universit\u00e1rio Assun\u00e7\u00e3o, \u00e9 pessoa jur\u00eddica de fins n\u00e3o econ\u00f4micos, tendo sua sede na Capital do Estado de S\u00e3o Paulo.\",\"publisher\":{\"@id\":\"https:\/\/fundasp.org.br\/radar\/#organization\"},\"alternateName\":\"fundasp.org.br\/radar\/\",\"potentialAction\":[{\"@type\":\"SearchAction\",\"target\":{\"@type\":\"EntryPoint\",\"urlTemplate\":\"https:\/\/fundasp.org.br\/radar\/?s={search_term_string}\"},\"query-input\":{\"@type\":\"PropertyValueSpecification\",\"valueRequired\":true,\"valueName\":\"search_term_string\"}}],\"inLanguage\":\"pt-BR\"},{\"@type\":\"Organization\",\"@id\":\"https:\/\/fundasp.org.br\/radar\/#organization\",\"name\":\"RADAR | Funda\u00e7\u00e3o S\u00e3o Paulo - FUNDASP\",\"url\":\"https:\/\/fundasp.org.br\/radar\/\",\"logo\":{\"@type\":\"ImageObject\",\"inLanguage\":\"pt-BR\",\"@id\":\"https:\/\/fundasp.org.br\/radar\/#\/schema\/logo\/image\/\",\"url\":\"https:\/\/radar.fundasp.org.br\/wp-content\/uploads\/2025\/02\/img50.webp\",\"contentUrl\":\"https:\/\/radar.fundasp.org.br\/wp-content\/uploads\/2025\/02\/img50.webp\",\"width\":650,\"height\":360,\"caption\":\"RADAR | Funda\u00e7\u00e3o S\u00e3o Paulo - FUNDASP\"},\"image\":{\"@id\":\"https:\/\/fundasp.org.br\/radar\/#\/schema\/logo\/image\/\"},\"sameAs\":[\"https:\/\/www.facebook.com\/Fundasp\/\",\"https:\/\/www.instagram.com\/fundacaosaopaulo\/\",\"https:\/\/br.linkedin.com\/company\/funda\u00e7\u00e3o-s\u00e3o-paulo\"]},{\"@type\":\"Person\",\"@id\":\"https:\/\/fundasp.org.br\/radar\/#\/schema\/person\/62a91b27992430f374cc86ce652c28a1\",\"name\":\"cjbraga\",\"image\":{\"@type\":\"ImageObject\",\"inLanguage\":\"pt-BR\",\"@id\":\"https:\/\/secure.gravatar.com\/avatar\/f4ae8f4f19168adb99903e9ebd528cb40a0df6da3d912d7b72a5f9403f6294fe?s=96&d=mm&r=g\",\"url\":\"https:\/\/secure.gravatar.com\/avatar\/f4ae8f4f19168adb99903e9ebd528cb40a0df6da3d912d7b72a5f9403f6294fe?s=96&d=mm&r=g\",\"contentUrl\":\"https:\/\/secure.gravatar.com\/avatar\/f4ae8f4f19168adb99903e9ebd528cb40a0df6da3d912d7b72a5f9403f6294fe?s=96&d=mm&r=g\",\"caption\":\"cjbraga\"},\"url\":\"https:\/\/fundasp.org.br\/radar\/author\/cjbraga\/\"}]}<\/script>\n<!-- \/ Yoast SEO plugin. -->","yoast_head_json":{"title":"N\u00facleo Lumen: presidente do CNPq participa de palestra na PUC-SP | Radar FUNDASP","description":"O N\u00facleo Lumen recebeu nesta sexta-feira (27\/3) o presidente do Conselho Nacional de Desenvolvimento Cient\u00edfico e Tecnol\u00f3gico (CNPq), Prof. Olival Freire,","robots":{"index":"index","follow":"follow","max-snippet":"max-snippet:-1","max-image-preview":"max-image-preview:large","max-video-preview":"max-video-preview:-1"},"canonical":"https:\/\/fundasp.org.br\/radar\/nucleo-lumen-presidente-do-cnpq-participa-de-palestra-na-puc-sp\/","og_locale":"en_US","og_type":"article","og_title":"N\u00facleo Lumen: presidente do CNPq participa de palestra na PUC-SP | Radar FUNDASP","og_description":"O N\u00facleo Lumen recebeu nesta sexta-feira (27\/3) o presidente do Conselho Nacional de Desenvolvimento Cient\u00edfico e Tecnol\u00f3gico (CNPq), Prof. Olival Freire,","og_url":"https:\/\/fundasp.org.br\/radar\/nucleo-lumen-presidente-do-cnpq-participa-de-palestra-na-puc-sp\/","og_site_name":"Radar FUNDASP","article_publisher":"https:\/\/www.facebook.com\/Fundasp\/","article_published_time":"2026-03-27T14:33:29+00:00","article_modified_time":"2026-03-31T20:04:54+00:00","og_image":[{"width":1280,"height":710,"url":"https:\/\/radar.fundasp.org.br\/wp-content\/uploads\/2026\/03\/WhatsApp-Image-2026-03-27-at-12.08.59-e1774639295347.jpeg","type":"image\/jpeg"}],"author":"cjbraga","twitter_card":"summary_large_image","schema":{"@context":"https:\/\/schema.org","@graph":[{"@type":"Article","@id":"https:\/\/fundasp.org.br\/radar\/nucleo-lumen-presidente-do-cnpq-participa-de-palestra-na-puc-sp\/#article","isPartOf":{"@id":"https:\/\/fundasp.org.br\/radar\/nucleo-lumen-presidente-do-cnpq-participa-de-palestra-na-puc-sp\/"},"author":{"name":"cjbraga","@id":"https:\/\/fundasp.org.br\/radar\/#\/schema\/person\/62a91b27992430f374cc86ce652c28a1"},"headline":"N\u00facleo Lumen: presidente do CNPq participa de palestra na PUC-SP","datePublished":"2026-03-27T14:33:29+00:00","dateModified":"2026-03-31T20:04:54+00:00","mainEntityOfPage":{"@id":"https:\/\/fundasp.org.br\/radar\/nucleo-lumen-presidente-do-cnpq-participa-de-palestra-na-puc-sp\/"},"wordCount":210,"commentCount":0,"publisher":{"@id":"https:\/\/fundasp.org.br\/radar\/#organization"},"image":{"@id":"https:\/\/fundasp.org.br\/radar\/nucleo-lumen-presidente-do-cnpq-participa-de-palestra-na-puc-sp\/#primaryimage"},"thumbnailUrl":"https:\/\/radar.fundasp.org.br\/wp-content\/uploads\/2026\/03\/WhatsApp-Image-2026-03-27-at-12.08.59-e1774639295347.jpeg","articleSection":["Lumen"],"inLanguage":"pt-BR","potentialAction":[{"@type":"CommentAction","name":"Comment","target":["https:\/\/fundasp.org.br\/radar\/nucleo-lumen-presidente-do-cnpq-participa-de-palestra-na-puc-sp\/#respond"]}]},{"@type":"WebPage","@id":"https:\/\/fundasp.org.br\/radar\/nucleo-lumen-presidente-do-cnpq-participa-de-palestra-na-puc-sp\/","url":"https:\/\/fundasp.org.br\/radar\/nucleo-lumen-presidente-do-cnpq-participa-de-palestra-na-puc-sp\/","name":"N\u00facleo Lumen: presidente do CNPq participa de palestra na PUC-SP | Radar FUNDASP","isPartOf":{"@id":"https:\/\/fundasp.org.br\/radar\/#website"},"primaryImageOfPage":{"@id":"https:\/\/fundasp.org.br\/radar\/nucleo-lumen-presidente-do-cnpq-participa-de-palestra-na-puc-sp\/#primaryimage"},"image":{"@id":"https:\/\/fundasp.org.br\/radar\/nucleo-lumen-presidente-do-cnpq-participa-de-palestra-na-puc-sp\/#primaryimage"},"thumbnailUrl":"https:\/\/radar.fundasp.org.br\/wp-content\/uploads\/2026\/03\/WhatsApp-Image-2026-03-27-at-12.08.59-e1774639295347.jpeg","datePublished":"2026-03-27T14:33:29+00:00","dateModified":"2026-03-31T20:04:54+00:00","description":"O N\u00facleo Lumen recebeu nesta sexta-feira (27\/3) o presidente do Conselho Nacional de Desenvolvimento Cient\u00edfico e Tecnol\u00f3gico (CNPq), Prof. Olival Freire,","breadcrumb":{"@id":"https:\/\/fundasp.org.br\/radar\/nucleo-lumen-presidente-do-cnpq-participa-de-palestra-na-puc-sp\/#breadcrumb"},"inLanguage":"pt-BR","potentialAction":[{"@type":"ReadAction","target":["https:\/\/fundasp.org.br\/radar\/nucleo-lumen-presidente-do-cnpq-participa-de-palestra-na-puc-sp\/"]}]},{"@type":"ImageObject","inLanguage":"pt-BR","@id":"https:\/\/fundasp.org.br\/radar\/nucleo-lumen-presidente-do-cnpq-participa-de-palestra-na-puc-sp\/#primaryimage","url":"https:\/\/radar.fundasp.org.br\/wp-content\/uploads\/2026\/03\/WhatsApp-Image-2026-03-27-at-12.08.59-e1774639295347.jpeg","contentUrl":"https:\/\/radar.fundasp.org.br\/wp-content\/uploads\/2026\/03\/WhatsApp-Image-2026-03-27-at-12.08.59-e1774639295347.jpeg","width":1280,"height":710},{"@type":"BreadcrumbList","@id":"https:\/\/fundasp.org.br\/radar\/nucleo-lumen-presidente-do-cnpq-participa-de-palestra-na-puc-sp\/#breadcrumb","itemListElement":[{"@type":"ListItem","position":1,"name":"Home","item":"https:\/\/fundasp.org.br\/radar\/"},{"@type":"ListItem","position":2,"name":"N\u00facleo Lumen: presidente do CNPq participa de palestra na PUC-SP"}]},{"@type":"WebSite","@id":"https:\/\/fundasp.org.br\/radar\/#website","url":"https:\/\/fundasp.org.br\/radar\/","name":"RADAR | Funda\u00e7\u00e3o S\u00e3o Paulo - FUNDASP","description":"A FUNDA\u00c7\u00c3O S\u00c3O PAULO, Mantenedora da Pontif\u00edcia Universidade Cat\u00f3lica de S\u00e3o Paulo e desde 2019 do Centro Universit\u00e1rio Assun\u00e7\u00e3o, \u00e9 pessoa jur\u00eddica de fins n\u00e3o econ\u00f4micos, tendo sua sede na Capital do Estado de S\u00e3o Paulo.","publisher":{"@id":"https:\/\/fundasp.org.br\/radar\/#organization"},"alternateName":"fundasp.org.br\/radar\/","potentialAction":[{"@type":"SearchAction","target":{"@type":"EntryPoint","urlTemplate":"https:\/\/fundasp.org.br\/radar\/?s={search_term_string}"},"query-input":{"@type":"PropertyValueSpecification","valueRequired":true,"valueName":"search_term_string"}}],"inLanguage":"pt-BR"},{"@type":"Organization","@id":"https:\/\/fundasp.org.br\/radar\/#organization","name":"RADAR | Funda\u00e7\u00e3o S\u00e3o Paulo - FUNDASP","url":"https:\/\/fundasp.org.br\/radar\/","logo":{"@type":"ImageObject","inLanguage":"pt-BR","@id":"https:\/\/fundasp.org.br\/radar\/#\/schema\/logo\/image\/","url":"https:\/\/radar.fundasp.org.br\/wp-content\/uploads\/2025\/02\/img50.webp","contentUrl":"https:\/\/radar.fundasp.org.br\/wp-content\/uploads\/2025\/02\/img50.webp","width":650,"height":360,"caption":"RADAR | Funda\u00e7\u00e3o S\u00e3o Paulo - FUNDASP"},"image":{"@id":"https:\/\/fundasp.org.br\/radar\/#\/schema\/logo\/image\/"},"sameAs":["https:\/\/www.facebook.com\/Fundasp\/","https:\/\/www.instagram.com\/fundacaosaopaulo\/","https:\/\/br.linkedin.com\/company\/funda\u00e7\u00e3o-s\u00e3o-paulo"]},{"@type":"Person","@id":"https:\/\/fundasp.org.br\/radar\/#\/schema\/person\/62a91b27992430f374cc86ce652c28a1","name":"cjbraga","image":{"@type":"ImageObject","inLanguage":"pt-BR","@id":"https:\/\/secure.gravatar.com\/avatar\/f4ae8f4f19168adb99903e9ebd528cb40a0df6da3d912d7b72a5f9403f6294fe?s=96&d=mm&r=g","url":"https:\/\/secure.gravatar.com\/avatar\/f4ae8f4f19168adb99903e9ebd528cb40a0df6da3d912d7b72a5f9403f6294fe?s=96&d=mm&r=g","contentUrl":"https:\/\/secure.gravatar.com\/avatar\/f4ae8f4f19168adb99903e9ebd528cb40a0df6da3d912d7b72a5f9403f6294fe?s=96&d=mm&r=g","caption":"cjbraga"},"url":"https:\/\/fundasp.org.br\/radar\/author\/cjbraga\/"}]}},"_links":{"self":[{"href":"https:\/\/fundasp.org.br\/radar\/wp-json\/wp\/v2\/posts\/2895","targetHints":{"allow":["GET"]}}],"collection":[{"href":"https:\/\/fundasp.org.br\/radar\/wp-json\/wp\/v2\/posts"}],"about":[{"href":"https:\/\/fundasp.org.br\/radar\/wp-json\/wp\/v2\/types\/post"}],"author":[{"embeddable":true,"href":"https:\/\/fundasp.org.br\/radar\/wp-json\/wp\/v2\/users\/3"}],"replies":[{"embeddable":true,"href":"https:\/\/fundasp.org.br\/radar\/wp-json\/wp\/v2\/comments?post=2895"}],"version-history":[{"count":6,"href":"https:\/\/fundasp.org.br\/radar\/wp-json\/wp\/v2\/posts\/2895\/revisions"}],"predecessor-version":[{"id":2907,"href":"https:\/\/fundasp.org.br\/radar\/wp-json\/wp\/v2\/posts\/2895\/revisions\/2907"}],"wp:featuredmedia":[{"embeddable":true,"href":"https:\/\/fundasp.org.br\/radar\/wp-json\/wp\/v2\/media\/2898"}],"wp:attachment":[{"href":"https:\/\/fundasp.org.br\/radar\/wp-json\/wp\/v2\/media?parent=2895"}],"wp:term":[{"taxonomy":"category","embeddable":true,"href":"https:\/\/fundasp.org.br\/radar\/wp-json\/wp\/v2\/categories?post=2895"},{"taxonomy":"post_tag","embeddable":true,"href":"https:\/\/fundasp.org.br\/radar\/wp-json\/wp\/v2\/tags?post=2895"}],"curies":[{"name":"wp","href":"https:\/\/api.w.org\/{rel}","templated":true}]}}