{"id":3095,"date":"2026-04-27T17:05:53","date_gmt":"2026-04-27T17:05:53","guid":{"rendered":"https:\/\/fundasp.org.br\/radar\/?p=3095"},"modified":"2026-04-27T20:18:40","modified_gmt":"2026-04-27T20:18:40","slug":"parceria-fundasp-e-prefeitura-seminario-apresenta-resultados-de-projeto-voltado-a-idosos","status":"publish","type":"post","link":"https:\/\/fundasp.org.br\/radar\/parceria-fundasp-e-prefeitura-seminario-apresenta-resultados-de-projeto-voltado-a-idosos\/","title":{"rendered":"Parceria FUNDASP, PUC-SP e PMSP: evento apresenta resultados de projeto voltado a idosos"},"content":{"rendered":"<p>No pr\u00f3ximo dia 28\/4, se realiza o <em>Semin\u00e1rio de Presta\u00e7\u00e3o de Contas P\u00fablicas<\/em> do <strong><a href=\"https:\/\/www.fundasp.org.br\/radar\/puc-sp-lanca-curso-ead-a-partir-de-parceria-entre-a-fundasp-e-a-pmsp\/\">curso EAD\u00a0<em>Participa\u00e7\u00e3o Social e Cidadania ao Longo da Vida<\/em><\/a><\/strong>. O projeto foi desenvolvido em parceria entre a Funda\u00e7\u00e3o S\u00e3o Paulo e o Fundo Municipal do Idoso (FMID) e envolveu a Secretaria Municipal dos Direitos Humanos e Cidadania\/Fundo Municipal da Pessoa Idosa e a PUC-SP, por meio da Coordenadoria de Estudos e Desenvolvimento de Projetos Especiais.<\/p>\n<p>O encontro apresentar\u00e1 os principais resultados do projeto, voltado \u00e0 promo\u00e7\u00e3o dos direitos da pessoa idosa, com \u00eanfase na participa\u00e7\u00e3o cidad\u00e3, no processo de envelhecimento e na valoriza\u00e7\u00e3o de uma vida longa com qualidade.<\/p>\n<h6><strong>Participe<\/strong><\/h6>\n<p>Data: 28 de abril de 2026<br \/>\nHor\u00e1rio: das 10h \u00e0s 12h<br \/>\nLocal: PUC-SP \u2013 Edif\u00edcio Reitor Bandeira de Melo<br \/>\nRua Ministro Godoi, 969 \u2013 Audit\u00f3rio 117 \u2013 A<br \/>\nTransmiss\u00e3o ao vivo <strong><a href=\"https:\/\/www.youtube.com\/@dtiaovivo\/streams\">neste link<\/a><\/strong>.<\/p>\n","protected":false},"excerpt":{"rendered":"<p>No pr\u00f3ximo dia 28\/4, se realiza o Semin\u00e1rio de Presta\u00e7\u00e3o de Contas P\u00fablicas do curso EAD\u00a0Participa\u00e7\u00e3o Social e Cidadania ao Longo da Vida. O projeto foi desenvolvido em parceria entre a Funda\u00e7\u00e3o S\u00e3o Paulo e o Fundo Municipal do Idoso (FMID) e envolveu a Secretaria Municipal dos Direitos Humanos e Cidadania\/Fundo Municipal da Pessoa Idosa [&hellip;]<\/p>\n","protected":false},"author":11,"featured_media":1823,"comment_status":"open","ping_status":"open","sticky":false,"template":"","format":"standard","meta":{"footnotes":""},"categories":[9,14],"tags":[],"class_list":["post-3095","post","type-post","status-publish","format-standard","has-post-thumbnail","hentry","category-fundasp","category-puc-sp"],"yoast_head":"<!-- This site is optimized with the Yoast SEO plugin v27.2 - https:\/\/yoast.com\/product\/yoast-seo-wordpress\/ -->\n<title>Parceria FUNDASP, PUC-SP e PMSP: evento apresenta resultados de projeto voltado a idosos | Radar FUNDASP<\/title>\n<meta name=\"description\" content=\"No pr\u00f3ximo dia 28\/4, se realiza o Semin\u00e1rio de Presta\u00e7\u00e3o de Contas P\u00fablicas do curso EAD\u00a0Participa\u00e7\u00e3o Social e Cidadania ao Longo da Vida. O projeto foi\" \/>\n<meta name=\"robots\" content=\"index, follow, max-snippet:-1, max-image-preview:large, max-video-preview:-1\" \/>\n<link rel=\"canonical\" href=\"https:\/\/fundasp.org.br\/radar\/parceria-fundasp-e-prefeitura-seminario-apresenta-resultados-de-projeto-voltado-a-idosos\/\" \/>\n<meta property=\"og:locale\" content=\"en_US\" \/>\n<meta property=\"og:type\" content=\"article\" \/>\n<meta property=\"og:title\" content=\"Parceria FUNDASP, PUC-SP e PMSP: evento apresenta resultados de projeto voltado a idosos | Radar FUNDASP\" \/>\n<meta property=\"og:description\" content=\"No pr\u00f3ximo dia 28\/4, se realiza o Semin\u00e1rio de Presta\u00e7\u00e3o de Contas P\u00fablicas do curso EAD\u00a0Participa\u00e7\u00e3o Social e Cidadania ao Longo da Vida. O projeto foi\" \/>\n<meta property=\"og:url\" content=\"https:\/\/fundasp.org.br\/radar\/parceria-fundasp-e-prefeitura-seminario-apresenta-resultados-de-projeto-voltado-a-idosos\/\" \/>\n<meta property=\"og:site_name\" content=\"Radar FUNDASP\" \/>\n<meta property=\"article:publisher\" content=\"https:\/\/www.facebook.com\/Fundasp\/\" \/>\n<meta property=\"article:published_time\" content=\"2026-04-27T17:05:53+00:00\" \/>\n<meta property=\"article:modified_time\" content=\"2026-04-27T20:18:40+00:00\" \/>\n<meta property=\"og:image\" content=\"https:\/\/radar.fundasp.org.br\/wp-content\/uploads\/2025\/11\/17112025-FUNDASP-EAD-idosos-site.jpg\" \/>\n\t<meta property=\"og:image:width\" content=\"650\" \/>\n\t<meta property=\"og:image:height\" content=\"360\" \/>\n\t<meta property=\"og:image:type\" content=\"image\/jpeg\" \/>\n<meta name=\"author\" content=\"thais polato\" \/>\n<meta name=\"twitter:card\" content=\"summary_large_image\" \/>\n<script type=\"application\/ld+json\" class=\"yoast-schema-graph\">{\"@context\":\"https:\/\/schema.org\",\"@graph\":[{\"@type\":\"Article\",\"@id\":\"https:\/\/fundasp.org.br\/radar\/parceria-fundasp-e-prefeitura-seminario-apresenta-resultados-de-projeto-voltado-a-idosos\/#article\",\"isPartOf\":{\"@id\":\"https:\/\/fundasp.org.br\/radar\/parceria-fundasp-e-prefeitura-seminario-apresenta-resultados-de-projeto-voltado-a-idosos\/\"},\"author\":{\"name\":\"thais polato\",\"@id\":\"https:\/\/fundasp.org.br\/radar\/#\/schema\/person\/8c9e3deb42dccae5f4f7b7e796cfa03e\"},\"headline\":\"Parceria FUNDASP, PUC-SP e PMSP: evento apresenta resultados de projeto voltado a idosos\",\"datePublished\":\"2026-04-27T17:05:53+00:00\",\"dateModified\":\"2026-04-27T20:18:40+00:00\",\"mainEntityOfPage\":{\"@id\":\"https:\/\/fundasp.org.br\/radar\/parceria-fundasp-e-prefeitura-seminario-apresenta-resultados-de-projeto-voltado-a-idosos\/\"},\"wordCount\":157,\"commentCount\":0,\"publisher\":{\"@id\":\"https:\/\/fundasp.org.br\/radar\/#organization\"},\"image\":{\"@id\":\"https:\/\/fundasp.org.br\/radar\/parceria-fundasp-e-prefeitura-seminario-apresenta-resultados-de-projeto-voltado-a-idosos\/#primaryimage\"},\"thumbnailUrl\":\"https:\/\/radar.fundasp.org.br\/wp-content\/uploads\/2025\/11\/17112025-FUNDASP-EAD-idosos-site.jpg\",\"articleSection\":[\"fundasp\",\"PUC - SP\"],\"inLanguage\":\"pt-BR\",\"potentialAction\":[{\"@type\":\"CommentAction\",\"name\":\"Comment\",\"target\":[\"https:\/\/fundasp.org.br\/radar\/parceria-fundasp-e-prefeitura-seminario-apresenta-resultados-de-projeto-voltado-a-idosos\/#respond\"]}]},{\"@type\":\"WebPage\",\"@id\":\"https:\/\/fundasp.org.br\/radar\/parceria-fundasp-e-prefeitura-seminario-apresenta-resultados-de-projeto-voltado-a-idosos\/\",\"url\":\"https:\/\/fundasp.org.br\/radar\/parceria-fundasp-e-prefeitura-seminario-apresenta-resultados-de-projeto-voltado-a-idosos\/\",\"name\":\"Parceria FUNDASP, PUC-SP e PMSP: evento apresenta resultados de projeto voltado a idosos | Radar FUNDASP\",\"isPartOf\":{\"@id\":\"https:\/\/fundasp.org.br\/radar\/#website\"},\"primaryImageOfPage\":{\"@id\":\"https:\/\/fundasp.org.br\/radar\/parceria-fundasp-e-prefeitura-seminario-apresenta-resultados-de-projeto-voltado-a-idosos\/#primaryimage\"},\"image\":{\"@id\":\"https:\/\/fundasp.org.br\/radar\/parceria-fundasp-e-prefeitura-seminario-apresenta-resultados-de-projeto-voltado-a-idosos\/#primaryimage\"},\"thumbnailUrl\":\"https:\/\/radar.fundasp.org.br\/wp-content\/uploads\/2025\/11\/17112025-FUNDASP-EAD-idosos-site.jpg\",\"datePublished\":\"2026-04-27T17:05:53+00:00\",\"dateModified\":\"2026-04-27T20:18:40+00:00\",\"description\":\"No pr\u00f3ximo dia 28\/4, se realiza o Semin\u00e1rio de Presta\u00e7\u00e3o de Contas P\u00fablicas do curso EAD\u00a0Participa\u00e7\u00e3o Social e Cidadania ao Longo da Vida. O projeto foi\",\"breadcrumb\":{\"@id\":\"https:\/\/fundasp.org.br\/radar\/parceria-fundasp-e-prefeitura-seminario-apresenta-resultados-de-projeto-voltado-a-idosos\/#breadcrumb\"},\"inLanguage\":\"pt-BR\",\"potentialAction\":[{\"@type\":\"ReadAction\",\"target\":[\"https:\/\/fundasp.org.br\/radar\/parceria-fundasp-e-prefeitura-seminario-apresenta-resultados-de-projeto-voltado-a-idosos\/\"]}]},{\"@type\":\"ImageObject\",\"inLanguage\":\"pt-BR\",\"@id\":\"https:\/\/fundasp.org.br\/radar\/parceria-fundasp-e-prefeitura-seminario-apresenta-resultados-de-projeto-voltado-a-idosos\/#primaryimage\",\"url\":\"https:\/\/radar.fundasp.org.br\/wp-content\/uploads\/2025\/11\/17112025-FUNDASP-EAD-idosos-site.jpg\",\"contentUrl\":\"https:\/\/radar.fundasp.org.br\/wp-content\/uploads\/2025\/11\/17112025-FUNDASP-EAD-idosos-site.jpg\",\"width\":650,\"height\":360},{\"@type\":\"BreadcrumbList\",\"@id\":\"https:\/\/fundasp.org.br\/radar\/parceria-fundasp-e-prefeitura-seminario-apresenta-resultados-de-projeto-voltado-a-idosos\/#breadcrumb\",\"itemListElement\":[{\"@type\":\"ListItem\",\"position\":1,\"name\":\"Home\",\"item\":\"https:\/\/fundasp.org.br\/radar\/\"},{\"@type\":\"ListItem\",\"position\":2,\"name\":\"Parceria FUNDASP, PUC-SP e PMSP: evento apresenta resultados de projeto voltado a idosos\"}]},{\"@type\":\"WebSite\",\"@id\":\"https:\/\/fundasp.org.br\/radar\/#website\",\"url\":\"https:\/\/fundasp.org.br\/radar\/\",\"name\":\"RADAR | Funda\u00e7\u00e3o S\u00e3o Paulo - FUNDASP\",\"description\":\"A FUNDA\u00c7\u00c3O S\u00c3O PAULO, Mantenedora da Pontif\u00edcia Universidade Cat\u00f3lica de S\u00e3o Paulo e desde 2019 do Centro Universit\u00e1rio Assun\u00e7\u00e3o, \u00e9 pessoa jur\u00eddica de fins n\u00e3o econ\u00f4micos, tendo sua sede na Capital do Estado de S\u00e3o Paulo.\",\"publisher\":{\"@id\":\"https:\/\/fundasp.org.br\/radar\/#organization\"},\"alternateName\":\"fundasp.org.br\/radar\/\",\"potentialAction\":[{\"@type\":\"SearchAction\",\"target\":{\"@type\":\"EntryPoint\",\"urlTemplate\":\"https:\/\/fundasp.org.br\/radar\/?s={search_term_string}\"},\"query-input\":{\"@type\":\"PropertyValueSpecification\",\"valueRequired\":true,\"valueName\":\"search_term_string\"}}],\"inLanguage\":\"pt-BR\"},{\"@type\":\"Organization\",\"@id\":\"https:\/\/fundasp.org.br\/radar\/#organization\",\"name\":\"RADAR | Funda\u00e7\u00e3o S\u00e3o Paulo - FUNDASP\",\"url\":\"https:\/\/fundasp.org.br\/radar\/\",\"logo\":{\"@type\":\"ImageObject\",\"inLanguage\":\"pt-BR\",\"@id\":\"https:\/\/fundasp.org.br\/radar\/#\/schema\/logo\/image\/\",\"url\":\"https:\/\/radar.fundasp.org.br\/wp-content\/uploads\/2025\/02\/img50.webp\",\"contentUrl\":\"https:\/\/radar.fundasp.org.br\/wp-content\/uploads\/2025\/02\/img50.webp\",\"width\":650,\"height\":360,\"caption\":\"RADAR | Funda\u00e7\u00e3o S\u00e3o Paulo - FUNDASP\"},\"image\":{\"@id\":\"https:\/\/fundasp.org.br\/radar\/#\/schema\/logo\/image\/\"},\"sameAs\":[\"https:\/\/www.facebook.com\/Fundasp\/\",\"https:\/\/www.instagram.com\/fundacaosaopaulo\/\",\"https:\/\/br.linkedin.com\/company\/funda\u00e7\u00e3o-s\u00e3o-paulo\"]},{\"@type\":\"Person\",\"@id\":\"https:\/\/fundasp.org.br\/radar\/#\/schema\/person\/8c9e3deb42dccae5f4f7b7e796cfa03e\",\"name\":\"thais polato\",\"image\":{\"@type\":\"ImageObject\",\"inLanguage\":\"pt-BR\",\"@id\":\"https:\/\/secure.gravatar.com\/avatar\/ac558950c2302ee2529eec70b158436d8c86be25a46585805f7a070e213ff767?s=96&d=mm&r=g\",\"url\":\"https:\/\/secure.gravatar.com\/avatar\/ac558950c2302ee2529eec70b158436d8c86be25a46585805f7a070e213ff767?s=96&d=mm&r=g\",\"contentUrl\":\"https:\/\/secure.gravatar.com\/avatar\/ac558950c2302ee2529eec70b158436d8c86be25a46585805f7a070e213ff767?s=96&d=mm&r=g\",\"caption\":\"thais polato\"},\"url\":\"https:\/\/fundasp.org.br\/radar\/author\/thais-polato\/\"}]}<\/script>\n<!-- \/ Yoast SEO plugin. -->","yoast_head_json":{"title":"Parceria FUNDASP, PUC-SP e PMSP: evento apresenta resultados de projeto voltado a idosos | Radar FUNDASP","description":"No pr\u00f3ximo dia 28\/4, se realiza o Semin\u00e1rio de Presta\u00e7\u00e3o de Contas P\u00fablicas do curso EAD\u00a0Participa\u00e7\u00e3o Social e Cidadania ao Longo da Vida. O projeto foi","robots":{"index":"index","follow":"follow","max-snippet":"max-snippet:-1","max-image-preview":"max-image-preview:large","max-video-preview":"max-video-preview:-1"},"canonical":"https:\/\/fundasp.org.br\/radar\/parceria-fundasp-e-prefeitura-seminario-apresenta-resultados-de-projeto-voltado-a-idosos\/","og_locale":"en_US","og_type":"article","og_title":"Parceria FUNDASP, PUC-SP e PMSP: evento apresenta resultados de projeto voltado a idosos | Radar FUNDASP","og_description":"No pr\u00f3ximo dia 28\/4, se realiza o Semin\u00e1rio de Presta\u00e7\u00e3o de Contas P\u00fablicas do curso EAD\u00a0Participa\u00e7\u00e3o Social e Cidadania ao Longo da Vida. O projeto foi","og_url":"https:\/\/fundasp.org.br\/radar\/parceria-fundasp-e-prefeitura-seminario-apresenta-resultados-de-projeto-voltado-a-idosos\/","og_site_name":"Radar FUNDASP","article_publisher":"https:\/\/www.facebook.com\/Fundasp\/","article_published_time":"2026-04-27T17:05:53+00:00","article_modified_time":"2026-04-27T20:18:40+00:00","og_image":[{"width":650,"height":360,"url":"https:\/\/radar.fundasp.org.br\/wp-content\/uploads\/2025\/11\/17112025-FUNDASP-EAD-idosos-site.jpg","type":"image\/jpeg"}],"author":"thais polato","twitter_card":"summary_large_image","schema":{"@context":"https:\/\/schema.org","@graph":[{"@type":"Article","@id":"https:\/\/fundasp.org.br\/radar\/parceria-fundasp-e-prefeitura-seminario-apresenta-resultados-de-projeto-voltado-a-idosos\/#article","isPartOf":{"@id":"https:\/\/fundasp.org.br\/radar\/parceria-fundasp-e-prefeitura-seminario-apresenta-resultados-de-projeto-voltado-a-idosos\/"},"author":{"name":"thais polato","@id":"https:\/\/fundasp.org.br\/radar\/#\/schema\/person\/8c9e3deb42dccae5f4f7b7e796cfa03e"},"headline":"Parceria FUNDASP, PUC-SP e PMSP: evento apresenta resultados de projeto voltado a idosos","datePublished":"2026-04-27T17:05:53+00:00","dateModified":"2026-04-27T20:18:40+00:00","mainEntityOfPage":{"@id":"https:\/\/fundasp.org.br\/radar\/parceria-fundasp-e-prefeitura-seminario-apresenta-resultados-de-projeto-voltado-a-idosos\/"},"wordCount":157,"commentCount":0,"publisher":{"@id":"https:\/\/fundasp.org.br\/radar\/#organization"},"image":{"@id":"https:\/\/fundasp.org.br\/radar\/parceria-fundasp-e-prefeitura-seminario-apresenta-resultados-de-projeto-voltado-a-idosos\/#primaryimage"},"thumbnailUrl":"https:\/\/radar.fundasp.org.br\/wp-content\/uploads\/2025\/11\/17112025-FUNDASP-EAD-idosos-site.jpg","articleSection":["fundasp","PUC - SP"],"inLanguage":"pt-BR","potentialAction":[{"@type":"CommentAction","name":"Comment","target":["https:\/\/fundasp.org.br\/radar\/parceria-fundasp-e-prefeitura-seminario-apresenta-resultados-de-projeto-voltado-a-idosos\/#respond"]}]},{"@type":"WebPage","@id":"https:\/\/fundasp.org.br\/radar\/parceria-fundasp-e-prefeitura-seminario-apresenta-resultados-de-projeto-voltado-a-idosos\/","url":"https:\/\/fundasp.org.br\/radar\/parceria-fundasp-e-prefeitura-seminario-apresenta-resultados-de-projeto-voltado-a-idosos\/","name":"Parceria FUNDASP, PUC-SP e PMSP: evento apresenta resultados de projeto voltado a idosos | Radar FUNDASP","isPartOf":{"@id":"https:\/\/fundasp.org.br\/radar\/#website"},"primaryImageOfPage":{"@id":"https:\/\/fundasp.org.br\/radar\/parceria-fundasp-e-prefeitura-seminario-apresenta-resultados-de-projeto-voltado-a-idosos\/#primaryimage"},"image":{"@id":"https:\/\/fundasp.org.br\/radar\/parceria-fundasp-e-prefeitura-seminario-apresenta-resultados-de-projeto-voltado-a-idosos\/#primaryimage"},"thumbnailUrl":"https:\/\/radar.fundasp.org.br\/wp-content\/uploads\/2025\/11\/17112025-FUNDASP-EAD-idosos-site.jpg","datePublished":"2026-04-27T17:05:53+00:00","dateModified":"2026-04-27T20:18:40+00:00","description":"No pr\u00f3ximo dia 28\/4, se realiza o Semin\u00e1rio de Presta\u00e7\u00e3o de Contas P\u00fablicas do curso EAD\u00a0Participa\u00e7\u00e3o Social e Cidadania ao Longo da Vida. O projeto foi","breadcrumb":{"@id":"https:\/\/fundasp.org.br\/radar\/parceria-fundasp-e-prefeitura-seminario-apresenta-resultados-de-projeto-voltado-a-idosos\/#breadcrumb"},"inLanguage":"pt-BR","potentialAction":[{"@type":"ReadAction","target":["https:\/\/fundasp.org.br\/radar\/parceria-fundasp-e-prefeitura-seminario-apresenta-resultados-de-projeto-voltado-a-idosos\/"]}]},{"@type":"ImageObject","inLanguage":"pt-BR","@id":"https:\/\/fundasp.org.br\/radar\/parceria-fundasp-e-prefeitura-seminario-apresenta-resultados-de-projeto-voltado-a-idosos\/#primaryimage","url":"https:\/\/radar.fundasp.org.br\/wp-content\/uploads\/2025\/11\/17112025-FUNDASP-EAD-idosos-site.jpg","contentUrl":"https:\/\/radar.fundasp.org.br\/wp-content\/uploads\/2025\/11\/17112025-FUNDASP-EAD-idosos-site.jpg","width":650,"height":360},{"@type":"BreadcrumbList","@id":"https:\/\/fundasp.org.br\/radar\/parceria-fundasp-e-prefeitura-seminario-apresenta-resultados-de-projeto-voltado-a-idosos\/#breadcrumb","itemListElement":[{"@type":"ListItem","position":1,"name":"Home","item":"https:\/\/fundasp.org.br\/radar\/"},{"@type":"ListItem","position":2,"name":"Parceria FUNDASP, PUC-SP e PMSP: evento apresenta resultados de projeto voltado a idosos"}]},{"@type":"WebSite","@id":"https:\/\/fundasp.org.br\/radar\/#website","url":"https:\/\/fundasp.org.br\/radar\/","name":"RADAR | Funda\u00e7\u00e3o S\u00e3o Paulo - FUNDASP","description":"A FUNDA\u00c7\u00c3O S\u00c3O PAULO, Mantenedora da Pontif\u00edcia Universidade Cat\u00f3lica de S\u00e3o Paulo e desde 2019 do Centro Universit\u00e1rio Assun\u00e7\u00e3o, \u00e9 pessoa jur\u00eddica de fins n\u00e3o econ\u00f4micos, tendo sua sede na Capital do Estado de S\u00e3o Paulo.","publisher":{"@id":"https:\/\/fundasp.org.br\/radar\/#organization"},"alternateName":"fundasp.org.br\/radar\/","potentialAction":[{"@type":"SearchAction","target":{"@type":"EntryPoint","urlTemplate":"https:\/\/fundasp.org.br\/radar\/?s={search_term_string}"},"query-input":{"@type":"PropertyValueSpecification","valueRequired":true,"valueName":"search_term_string"}}],"inLanguage":"pt-BR"},{"@type":"Organization","@id":"https:\/\/fundasp.org.br\/radar\/#organization","name":"RADAR | Funda\u00e7\u00e3o S\u00e3o Paulo - FUNDASP","url":"https:\/\/fundasp.org.br\/radar\/","logo":{"@type":"ImageObject","inLanguage":"pt-BR","@id":"https:\/\/fundasp.org.br\/radar\/#\/schema\/logo\/image\/","url":"https:\/\/radar.fundasp.org.br\/wp-content\/uploads\/2025\/02\/img50.webp","contentUrl":"https:\/\/radar.fundasp.org.br\/wp-content\/uploads\/2025\/02\/img50.webp","width":650,"height":360,"caption":"RADAR | Funda\u00e7\u00e3o S\u00e3o Paulo - FUNDASP"},"image":{"@id":"https:\/\/fundasp.org.br\/radar\/#\/schema\/logo\/image\/"},"sameAs":["https:\/\/www.facebook.com\/Fundasp\/","https:\/\/www.instagram.com\/fundacaosaopaulo\/","https:\/\/br.linkedin.com\/company\/funda\u00e7\u00e3o-s\u00e3o-paulo"]},{"@type":"Person","@id":"https:\/\/fundasp.org.br\/radar\/#\/schema\/person\/8c9e3deb42dccae5f4f7b7e796cfa03e","name":"thais polato","image":{"@type":"ImageObject","inLanguage":"pt-BR","@id":"https:\/\/secure.gravatar.com\/avatar\/ac558950c2302ee2529eec70b158436d8c86be25a46585805f7a070e213ff767?s=96&d=mm&r=g","url":"https:\/\/secure.gravatar.com\/avatar\/ac558950c2302ee2529eec70b158436d8c86be25a46585805f7a070e213ff767?s=96&d=mm&r=g","contentUrl":"https:\/\/secure.gravatar.com\/avatar\/ac558950c2302ee2529eec70b158436d8c86be25a46585805f7a070e213ff767?s=96&d=mm&r=g","caption":"thais polato"},"url":"https:\/\/fundasp.org.br\/radar\/author\/thais-polato\/"}]}},"_links":{"self":[{"href":"https:\/\/fundasp.org.br\/radar\/wp-json\/wp\/v2\/posts\/3095","targetHints":{"allow":["GET"]}}],"collection":[{"href":"https:\/\/fundasp.org.br\/radar\/wp-json\/wp\/v2\/posts"}],"about":[{"href":"https:\/\/fundasp.org.br\/radar\/wp-json\/wp\/v2\/types\/post"}],"author":[{"embeddable":true,"href":"https:\/\/fundasp.org.br\/radar\/wp-json\/wp\/v2\/users\/11"}],"replies":[{"embeddable":true,"href":"https:\/\/fundasp.org.br\/radar\/wp-json\/wp\/v2\/comments?post=3095"}],"version-history":[{"count":8,"href":"https:\/\/fundasp.org.br\/radar\/wp-json\/wp\/v2\/posts\/3095\/revisions"}],"predecessor-version":[{"id":3129,"href":"https:\/\/fundasp.org.br\/radar\/wp-json\/wp\/v2\/posts\/3095\/revisions\/3129"}],"wp:featuredmedia":[{"embeddable":true,"href":"https:\/\/fundasp.org.br\/radar\/wp-json\/wp\/v2\/media\/1823"}],"wp:attachment":[{"href":"https:\/\/fundasp.org.br\/radar\/wp-json\/wp\/v2\/media?parent=3095"}],"wp:term":[{"taxonomy":"category","embeddable":true,"href":"https:\/\/fundasp.org.br\/radar\/wp-json\/wp\/v2\/categories?post=3095"},{"taxonomy":"post_tag","embeddable":true,"href":"https:\/\/fundasp.org.br\/radar\/wp-json\/wp\/v2\/tags?post=3095"}],"curies":[{"name":"wp","href":"https:\/\/api.w.org\/{rel}","templated":true}]}}