{"id":3104,"date":"2026-04-28T10:28:29","date_gmt":"2026-04-28T10:28:29","guid":{"rendered":"https:\/\/fundasp.org.br\/radar\/?p=3104"},"modified":"2026-04-28T15:47:33","modified_gmt":"2026-04-28T15:47:33","slug":"fundasp-presente-em-cerimonia-aos-martires-do-genocidio-armenio","status":"publish","type":"post","link":"https:\/\/fundasp.org.br\/radar\/fundasp-presente-em-cerimonia-aos-martires-do-genocidio-armenio\/","title":{"rendered":"FUNDASP presente em cerim\u00f4nia aos m\u00e1rtires do genoc\u00eddio arm\u00eanio"},"content":{"rendered":"<p>O presidente do Conselho Curador da FUNDASP, Cardeal Odilo Pedro Scherer, participou no \u00faltimo dia 24\/4 de evento realizado na Assembleia Legislativa do Estado de S\u00e3o Paulo em mem\u00f3ria aos 1.500.000 m\u00e1rtires arm\u00eanios do genoc\u00eddio de 1915. O cardeal foi nomeado pelo papa Le\u00e3o XIV, em mar\u00e7o de 2026, Administrador Apost\u00f3lico para os fi\u00e9is cat\u00f3licos de rito Arm\u00eanio no Brasil.<\/p>\n<p>A Funda\u00e7\u00e3o S\u00e3o Paulo foi representada ainda por Rebeca Ciorniavei, gerente do International Relations Office (IRO\/FUNDASP). O evento foi promovido pelos Deputados Danilo Balas e Gil Diniz e contou com a presen\u00e7a de diversas outras autoridades como a C\u00f4nsul Honor\u00e1ria da Rep\u00fablica da Arm\u00eania em S\u00e3o Paulo, Hilda Diruhy Burmaian, a secret\u00e1ria de Rela\u00e7\u00f5es Internacionais do munic\u00edpio de S\u00e3o Paulo, \u00c2ngela Vidal Gandra da Silva Martins, e Nareg Berberian, Bispo Primaz da Igreja Apost\u00f3lica Arm\u00eania do Brasil. A cerim\u00f4nia pode ser assistida na \u00edntegra pela <strong><a href=\"https:\/\/www.youtube.com\/live\/mxkCUjxD-fM?si=GgPCprgEj2CM9siG\">TV Alesp<\/a><\/strong>.<\/p>\n<div  id=\"jtg-3108\" class=\"modula modula-gallery modula-columns\" data-config=\"{&quot;tabletHeight&quot;:800,&quot;mobileHeight&quot;:800,&quot;desktopHeight&quot;:800,&quot;enableTwitter&quot;:false,&quot;enableWhatsapp&quot;:false,&quot;enableFacebook&quot;:false,&quot;enablePinterest&quot;:false,&quot;enableLinkedin&quot;:false,&quot;enableEmail&quot;:false,&quot;randomFactor&quot;:0.5,&quot;type&quot;:&quot;grid&quot;,&quot;columns&quot;:12,&quot;gutter&quot;:10,&quot;mobileGutter&quot;:10,&quot;tabletGutter&quot;:10,&quot;desktopGutter&quot;:10,&quot;enableResponsive&quot;:true,&quot;tabletColumns&quot;:2,&quot;mobileColumns&quot;:1,&quot;lazyLoad&quot;:0,&quot;lightboxOpts&quot;:{&quot;animated&quot;:true,&quot;Thumbs&quot;:{&quot;type&quot;:&quot;modern&quot;,&quot;showOnStart&quot;:false},&quot;Toolbar&quot;:{&quot;display&quot;:{&quot;right&quot;:[&quot;close&quot;]},&quot;enabled&quot;:true},&quot;Carousel&quot;:{&quot;Panzoom&quot;:{&quot;touch&quot;:true},&quot;infinite&quot;:false},&quot;keyboard&quot;:{&quot;Escape&quot;:&quot;close&quot;,&quot;Delete&quot;:&quot;close&quot;,&quot;Backspace&quot;:&quot;close&quot;,&quot;PageUp&quot;:false,&quot;PageDown&quot;:false,&quot;ArrowUp&quot;:false,&quot;ArrowDown&quot;:false,&quot;ArrowRight&quot;:false,&quot;ArrowLeft&quot;:false},&quot;touch&quot;:false,&quot;backdropClick&quot;:false,&quot;l10n&quot;:{&quot;CLOSE&quot;:&quot;Close&quot;,&quot;NEXT&quot;:&quot;Next&quot;,&quot;PREV&quot;:&quot;Previous&quot;,&quot;Error&quot;:&quot;The requested content cannot be loaded. Please try again later.&quot;,&quot;PLAY_START&quot;:&quot;Start slideshow&quot;,&quot;PLAY_STOP&quot;:&quot;Pause slideshow&quot;,&quot;FULL_SCREEN&quot;:&quot;Full screen&quot;,&quot;THUMBS&quot;:&quot;Thumbnails&quot;,&quot;DOWNLOAD&quot;:&quot;Download&quot;,&quot;SHARE&quot;:&quot;Share&quot;,&quot;ZOOM&quot;:&quot;Zoom&quot;,&quot;EMAIL&quot;:&quot;Here is the link to the image : %%image_link%% and this is the link to the gallery : %%gallery_link%%&quot;,&quot;MODAL&quot;:&quot;You can close this modal content with the ESC key&quot;,&quot;ERROR&quot;:&quot;Something Went Wrong, Please Try Again Later&quot;,&quot;IMAGE_ERROR&quot;:&quot;Image Not Found&quot;,&quot;ELEMENT_NOT_FOUND&quot;:&quot;HTML Element Not Found&quot;,&quot;AJAX_NOT_FOUND&quot;:&quot;Error Loading AJAX : Not Found&quot;,&quot;AJAX_FORBIDDEN&quot;:&quot;Error Loading AJAX : Forbidden&quot;,&quot;IFRAME_ERROR&quot;:&quot;Error Loading Page&quot;,&quot;TOGGLE_ZOOM&quot;:&quot;Toggle zoom level&quot;,&quot;TOGGLE_THUMBS&quot;:&quot;Toggle thumbnails&quot;,&quot;TOGGLE_SLIDESHOW&quot;:&quot;Toggle slideshow&quot;,&quot;TOGGLE_FULLSCREEN&quot;:&quot;Toggle full-screen mode&quot;},&quot;Images&quot;:{&quot;Panzoom&quot;:{&quot;maxScale&quot;:2}},&quot;mainClass&quot;:&quot;modula-fancybox-container modula-lightbox-jtg-3108&quot;,&quot;Html&quot;:{&quot;videoAutoplay&quot;:0,&quot;videoTpl&quot;:&quot;&lt;video class=\\&quot;fancybox__html5video\\&quot; controls muted playsinline controlsList controlsList=\\&quot;nodownload\\&quot; poster=\\&quot;{{poster}}\\&quot; src=\\&quot;{{src}}\\&quot; type=\\&quot;{{format}}\\&quot; &gt;  Sorry, your browser doesn&#039;t support embedded videos, &lt;a href=\\&quot;{{src}}\\&quot;&gt; download &lt;\\\/a&gt; and watch with your favorite video player! &lt;\\\/video&gt;&quot;}},&quot;inView&quot;:false,&quot;email_subject&quot;:&quot;Check out this awesome image !!&quot;,&quot;email_message&quot;:&quot;Here is the link to the image : %%image_link%% and this is the link to the gallery : %%gallery_link%%&quot;,&quot;grid_type&quot;:&quot;automatic&quot;,&quot;rowHeight&quot;:250,&quot;lastRow&quot;:&quot;justify&quot;,&quot;lightbox&quot;:&quot;fancybox&quot;}\">\n\n\t\n\t<div  class=\"modula-items grid-gallery\">\n\t\t<div class=\"modula-item effect-pufrobo\" >\n\t<div class=\"modula-item-overlay\"><\/div>\n\n\t<div class=\"modula-item-content\">\n\n\t\t<a data-image-id=\"3117\" role=\"button\" tabindex=\"0\" rel=\"jtg-3108\" data-caption=\"\" aria-label=\"Open image in lightbox\" class=\"tile-inner modula-item-link\"><\/a><img loading=\"lazy\" decoding=\"async\" class=\"pic wp-image-3117\"  data-valign=\"middle\" data-halign=\"center\" alt=\"\" data-full=\"https:\/\/radar.fundasp.org.br\/wp-content\/uploads\/2026\/04\/alesp_album-dom_2.jpg\" title=\"alesp_album dom_2\" crop=\"\" width=\"288\" height=\"360\" src=\"https:\/\/radar.fundasp.org.br\/wp-content\/uploads\/2026\/04\/alesp_album-dom_2-288x360.jpg\" data-src=\"https:\/\/radar.fundasp.org.br\/wp-content\/uploads\/2026\/04\/alesp_album-dom_2-288x360.jpg\" data-caption=\"\" srcset=\"https:\/\/radar.fundasp.org.br\/wp-content\/uploads\/2026\/04\/alesp_album-dom_2.jpg 1080w, https:\/\/radar.fundasp.org.br\/wp-content\/uploads\/2026\/04\/alesp_album-dom_2-288x360.jpg 288w, https:\/\/radar.fundasp.org.br\/wp-content\/uploads\/2026\/04\/alesp_album-dom_2-400x500.jpg 400w, https:\/\/radar.fundasp.org.br\/wp-content\/uploads\/2026\/04\/alesp_album-dom_2-768x960.jpg 768w, https:\/\/radar.fundasp.org.br\/wp-content\/uploads\/2026\/04\/alesp_album-dom_2-200x250.jpg 200w\" sizes=\"auto, (max-width: 288px) 100vw, 288px\" \/>\n\t\t<div class=\"figc no-description\">\n\t\t\t<div class=\"figc-inner\">\n\t\t\t\t\t\t\t\t\t\t\t\t\t\t\t<\/div>\n\t\t<\/div>\n\n\t<\/div>\n\n<\/div><div class=\"modula-item effect-pufrobo\" >\n\t<div class=\"modula-item-overlay\"><\/div>\n\n\t<div class=\"modula-item-content\">\n\n\t\t<a data-image-id=\"3111\" role=\"button\" tabindex=\"0\" rel=\"jtg-3108\" data-caption=\"\" aria-label=\"Open image in lightbox\" class=\"tile-inner modula-item-link\"><\/a><img loading=\"lazy\" decoding=\"async\" class=\"pic wp-image-3111\"  data-valign=\"middle\" data-halign=\"center\" alt=\"\" data-full=\"https:\/\/radar.fundasp.org.br\/wp-content\/uploads\/2026\/04\/alesp_album-cartaz.jpg\" title=\"alesp_album cartaz\" crop=\"\" width=\"288\" height=\"360\" src=\"https:\/\/radar.fundasp.org.br\/wp-content\/uploads\/2026\/04\/alesp_album-cartaz-288x360.jpg\" data-src=\"https:\/\/radar.fundasp.org.br\/wp-content\/uploads\/2026\/04\/alesp_album-cartaz-288x360.jpg\" data-caption=\"\" srcset=\"https:\/\/radar.fundasp.org.br\/wp-content\/uploads\/2026\/04\/alesp_album-cartaz.jpg 1080w, https:\/\/radar.fundasp.org.br\/wp-content\/uploads\/2026\/04\/alesp_album-cartaz-288x360.jpg 288w, https:\/\/radar.fundasp.org.br\/wp-content\/uploads\/2026\/04\/alesp_album-cartaz-400x500.jpg 400w, https:\/\/radar.fundasp.org.br\/wp-content\/uploads\/2026\/04\/alesp_album-cartaz-768x960.jpg 768w, https:\/\/radar.fundasp.org.br\/wp-content\/uploads\/2026\/04\/alesp_album-cartaz-200x250.jpg 200w\" sizes=\"auto, (max-width: 288px) 100vw, 288px\" \/>\n\t\t<div class=\"figc no-description\">\n\t\t\t<div class=\"figc-inner\">\n\t\t\t\t\t\t\t\t\t\t\t\t\t\t\t<\/div>\n\t\t<\/div>\n\n\t<\/div>\n\n<\/div><div class=\"modula-item effect-pufrobo\" >\n\t<div class=\"modula-item-overlay\"><\/div>\n\n\t<div class=\"modula-item-content\">\n\n\t\t<a data-image-id=\"3116\" role=\"button\" tabindex=\"0\" rel=\"jtg-3108\" data-caption=\"\" aria-label=\"Open image in lightbox\" class=\"tile-inner modula-item-link\"><\/a><img loading=\"lazy\" decoding=\"async\" class=\"pic wp-image-3116\"  data-valign=\"middle\" data-halign=\"center\" alt=\"\" data-full=\"https:\/\/radar.fundasp.org.br\/wp-content\/uploads\/2026\/04\/alesp_album-rebeca_2.jpg\" title=\"alesp_album rebeca_2\" crop=\"\" width=\"288\" height=\"360\" src=\"https:\/\/radar.fundasp.org.br\/wp-content\/uploads\/2026\/04\/alesp_album-rebeca_2-288x360.jpg\" data-src=\"https:\/\/radar.fundasp.org.br\/wp-content\/uploads\/2026\/04\/alesp_album-rebeca_2-288x360.jpg\" data-caption=\"\" srcset=\"https:\/\/radar.fundasp.org.br\/wp-content\/uploads\/2026\/04\/alesp_album-rebeca_2.jpg 1080w, https:\/\/radar.fundasp.org.br\/wp-content\/uploads\/2026\/04\/alesp_album-rebeca_2-288x360.jpg 288w, https:\/\/radar.fundasp.org.br\/wp-content\/uploads\/2026\/04\/alesp_album-rebeca_2-400x500.jpg 400w, https:\/\/radar.fundasp.org.br\/wp-content\/uploads\/2026\/04\/alesp_album-rebeca_2-768x960.jpg 768w, https:\/\/radar.fundasp.org.br\/wp-content\/uploads\/2026\/04\/alesp_album-rebeca_2-200x250.jpg 200w\" sizes=\"auto, (max-width: 288px) 100vw, 288px\" \/>\n\t\t<div class=\"figc no-description\">\n\t\t\t<div class=\"figc-inner\">\n\t\t\t\t\t\t\t\t\t\t\t\t\t\t\t<\/div>\n\t\t<\/div>\n\n\t<\/div>\n\n<\/div>\t\t\n\t<\/div>\n\n\t\n\t\n\t<script type=\"application\/ld+json\">\n\t{\n\t\t\"@context\": \"http:\/\/schema.org\",\n\t\t\"@type\"   : \"ImageGallery\",\n\t\t\"id\"      : \"https:\/\/fundasp.org.br\/radar\/fundasp-presente-em-cerimonia-aos-martires-do-genocidio-armenio\/\",\n\t\t\"url\"     : \"https:\/\/fundasp.org.br\/radar\/fundasp-presente-em-cerimonia-aos-martires-do-genocidio-armenio\/\"\n\t}\n\n\t<\/script>\n\n\t\n<\/div>\n\n<p>&nbsp;<\/p>\n","protected":false},"excerpt":{"rendered":"<p>O presidente do Conselho Curador da FUNDASP, Cardeal Odilo Pedro Scherer, participou no \u00faltimo dia 24\/4 de evento realizado na Assembleia Legislativa do Estado de S\u00e3o Paulo em mem\u00f3ria aos 1.500.000 m\u00e1rtires arm\u00eanios do genoc\u00eddio de 1915. O cardeal foi nomeado pelo papa Le\u00e3o XIV, em mar\u00e7o de 2026, Administrador Apost\u00f3lico para os fi\u00e9is cat\u00f3licos [&hellip;]<\/p>\n","protected":false},"author":11,"featured_media":3150,"comment_status":"open","ping_status":"open","sticky":false,"template":"","format":"standard","meta":{"footnotes":""},"categories":[9],"tags":[],"class_list":["post-3104","post","type-post","status-publish","format-standard","has-post-thumbnail","hentry","category-fundasp"],"yoast_head":"<!-- This site is optimized with the Yoast SEO plugin v27.2 - https:\/\/yoast.com\/product\/yoast-seo-wordpress\/ -->\n<title>FUNDASP presente em cerim\u00f4nia aos m\u00e1rtires do genoc\u00eddio arm\u00eanio | Radar FUNDASP<\/title>\n<meta name=\"description\" content=\"O presidente do Conselho Curador da FUNDASP, Cardeal Odilo Pedro Scherer, participou no \u00faltimo dia 24\/4 de evento realizado na Assembleia Legislativa do\" \/>\n<meta name=\"robots\" content=\"index, follow, max-snippet:-1, max-image-preview:large, max-video-preview:-1\" \/>\n<link rel=\"canonical\" href=\"https:\/\/fundasp.org.br\/radar\/fundasp-presente-em-cerimonia-aos-martires-do-genocidio-armenio\/\" \/>\n<meta property=\"og:locale\" content=\"en_US\" \/>\n<meta property=\"og:type\" content=\"article\" \/>\n<meta property=\"og:title\" content=\"FUNDASP presente em cerim\u00f4nia aos m\u00e1rtires do genoc\u00eddio arm\u00eanio | Radar FUNDASP\" \/>\n<meta property=\"og:description\" content=\"O presidente do Conselho Curador da FUNDASP, Cardeal Odilo Pedro Scherer, participou no \u00faltimo dia 24\/4 de evento realizado na Assembleia Legislativa do\" \/>\n<meta property=\"og:url\" content=\"https:\/\/fundasp.org.br\/radar\/fundasp-presente-em-cerimonia-aos-martires-do-genocidio-armenio\/\" \/>\n<meta property=\"og:site_name\" content=\"Radar FUNDASP\" \/>\n<meta property=\"article:publisher\" content=\"https:\/\/www.facebook.com\/Fundasp\/\" \/>\n<meta property=\"article:published_time\" content=\"2026-04-28T10:28:29+00:00\" \/>\n<meta property=\"article:modified_time\" content=\"2026-04-28T15:47:33+00:00\" \/>\n<meta property=\"og:image\" content=\"https:\/\/radar.fundasp.org.br\/wp-content\/uploads\/2026\/04\/alesp-armenia-RADAR-3.jpg\" \/>\n\t<meta property=\"og:image:width\" content=\"650\" \/>\n\t<meta property=\"og:image:height\" content=\"360\" \/>\n\t<meta property=\"og:image:type\" content=\"image\/jpeg\" \/>\n<meta name=\"author\" content=\"thais polato\" \/>\n<meta name=\"twitter:card\" content=\"summary_large_image\" \/>\n<script type=\"application\/ld+json\" class=\"yoast-schema-graph\">{\"@context\":\"https:\/\/schema.org\",\"@graph\":[{\"@type\":\"Article\",\"@id\":\"https:\/\/fundasp.org.br\/radar\/fundasp-presente-em-cerimonia-aos-martires-do-genocidio-armenio\/#article\",\"isPartOf\":{\"@id\":\"https:\/\/fundasp.org.br\/radar\/fundasp-presente-em-cerimonia-aos-martires-do-genocidio-armenio\/\"},\"author\":{\"name\":\"thais polato\",\"@id\":\"https:\/\/fundasp.org.br\/radar\/#\/schema\/person\/8c9e3deb42dccae5f4f7b7e796cfa03e\"},\"headline\":\"FUNDASP presente em cerim\u00f4nia aos m\u00e1rtires do genoc\u00eddio arm\u00eanio\",\"datePublished\":\"2026-04-28T10:28:29+00:00\",\"dateModified\":\"2026-04-28T15:47:33+00:00\",\"mainEntityOfPage\":{\"@id\":\"https:\/\/fundasp.org.br\/radar\/fundasp-presente-em-cerimonia-aos-martires-do-genocidio-armenio\/\"},\"wordCount\":186,\"commentCount\":0,\"publisher\":{\"@id\":\"https:\/\/fundasp.org.br\/radar\/#organization\"},\"image\":{\"@id\":\"https:\/\/fundasp.org.br\/radar\/fundasp-presente-em-cerimonia-aos-martires-do-genocidio-armenio\/#primaryimage\"},\"thumbnailUrl\":\"https:\/\/radar.fundasp.org.br\/wp-content\/uploads\/2026\/04\/alesp-armenia-RADAR-3.jpg\",\"articleSection\":[\"fundasp\"],\"inLanguage\":\"pt-BR\",\"potentialAction\":[{\"@type\":\"CommentAction\",\"name\":\"Comment\",\"target\":[\"https:\/\/fundasp.org.br\/radar\/fundasp-presente-em-cerimonia-aos-martires-do-genocidio-armenio\/#respond\"]}]},{\"@type\":\"WebPage\",\"@id\":\"https:\/\/fundasp.org.br\/radar\/fundasp-presente-em-cerimonia-aos-martires-do-genocidio-armenio\/\",\"url\":\"https:\/\/fundasp.org.br\/radar\/fundasp-presente-em-cerimonia-aos-martires-do-genocidio-armenio\/\",\"name\":\"FUNDASP presente em cerim\u00f4nia aos m\u00e1rtires do genoc\u00eddio arm\u00eanio | Radar FUNDASP\",\"isPartOf\":{\"@id\":\"https:\/\/fundasp.org.br\/radar\/#website\"},\"primaryImageOfPage\":{\"@id\":\"https:\/\/fundasp.org.br\/radar\/fundasp-presente-em-cerimonia-aos-martires-do-genocidio-armenio\/#primaryimage\"},\"image\":{\"@id\":\"https:\/\/fundasp.org.br\/radar\/fundasp-presente-em-cerimonia-aos-martires-do-genocidio-armenio\/#primaryimage\"},\"thumbnailUrl\":\"https:\/\/radar.fundasp.org.br\/wp-content\/uploads\/2026\/04\/alesp-armenia-RADAR-3.jpg\",\"datePublished\":\"2026-04-28T10:28:29+00:00\",\"dateModified\":\"2026-04-28T15:47:33+00:00\",\"description\":\"O presidente do Conselho Curador da FUNDASP, Cardeal Odilo Pedro Scherer, participou no \u00faltimo dia 24\/4 de evento realizado na Assembleia Legislativa do\",\"breadcrumb\":{\"@id\":\"https:\/\/fundasp.org.br\/radar\/fundasp-presente-em-cerimonia-aos-martires-do-genocidio-armenio\/#breadcrumb\"},\"inLanguage\":\"pt-BR\",\"potentialAction\":[{\"@type\":\"ReadAction\",\"target\":[\"https:\/\/fundasp.org.br\/radar\/fundasp-presente-em-cerimonia-aos-martires-do-genocidio-armenio\/\"]}]},{\"@type\":\"ImageObject\",\"inLanguage\":\"pt-BR\",\"@id\":\"https:\/\/fundasp.org.br\/radar\/fundasp-presente-em-cerimonia-aos-martires-do-genocidio-armenio\/#primaryimage\",\"url\":\"https:\/\/radar.fundasp.org.br\/wp-content\/uploads\/2026\/04\/alesp-armenia-RADAR-3.jpg\",\"contentUrl\":\"https:\/\/radar.fundasp.org.br\/wp-content\/uploads\/2026\/04\/alesp-armenia-RADAR-3.jpg\",\"width\":650,\"height\":360},{\"@type\":\"BreadcrumbList\",\"@id\":\"https:\/\/fundasp.org.br\/radar\/fundasp-presente-em-cerimonia-aos-martires-do-genocidio-armenio\/#breadcrumb\",\"itemListElement\":[{\"@type\":\"ListItem\",\"position\":1,\"name\":\"Home\",\"item\":\"https:\/\/fundasp.org.br\/radar\/\"},{\"@type\":\"ListItem\",\"position\":2,\"name\":\"FUNDASP presente em cerim\u00f4nia aos m\u00e1rtires do genoc\u00eddio arm\u00eanio\"}]},{\"@type\":\"WebSite\",\"@id\":\"https:\/\/fundasp.org.br\/radar\/#website\",\"url\":\"https:\/\/fundasp.org.br\/radar\/\",\"name\":\"RADAR | Funda\u00e7\u00e3o S\u00e3o Paulo - FUNDASP\",\"description\":\"A FUNDA\u00c7\u00c3O S\u00c3O PAULO, Mantenedora da Pontif\u00edcia Universidade Cat\u00f3lica de S\u00e3o Paulo e desde 2019 do Centro Universit\u00e1rio Assun\u00e7\u00e3o, \u00e9 pessoa jur\u00eddica de fins n\u00e3o econ\u00f4micos, tendo sua sede na Capital do Estado de S\u00e3o Paulo.\",\"publisher\":{\"@id\":\"https:\/\/fundasp.org.br\/radar\/#organization\"},\"alternateName\":\"fundasp.org.br\/radar\/\",\"potentialAction\":[{\"@type\":\"SearchAction\",\"target\":{\"@type\":\"EntryPoint\",\"urlTemplate\":\"https:\/\/fundasp.org.br\/radar\/?s={search_term_string}\"},\"query-input\":{\"@type\":\"PropertyValueSpecification\",\"valueRequired\":true,\"valueName\":\"search_term_string\"}}],\"inLanguage\":\"pt-BR\"},{\"@type\":\"Organization\",\"@id\":\"https:\/\/fundasp.org.br\/radar\/#organization\",\"name\":\"RADAR | Funda\u00e7\u00e3o S\u00e3o Paulo - FUNDASP\",\"url\":\"https:\/\/fundasp.org.br\/radar\/\",\"logo\":{\"@type\":\"ImageObject\",\"inLanguage\":\"pt-BR\",\"@id\":\"https:\/\/fundasp.org.br\/radar\/#\/schema\/logo\/image\/\",\"url\":\"https:\/\/radar.fundasp.org.br\/wp-content\/uploads\/2025\/02\/img50.webp\",\"contentUrl\":\"https:\/\/radar.fundasp.org.br\/wp-content\/uploads\/2025\/02\/img50.webp\",\"width\":650,\"height\":360,\"caption\":\"RADAR | Funda\u00e7\u00e3o S\u00e3o Paulo - FUNDASP\"},\"image\":{\"@id\":\"https:\/\/fundasp.org.br\/radar\/#\/schema\/logo\/image\/\"},\"sameAs\":[\"https:\/\/www.facebook.com\/Fundasp\/\",\"https:\/\/www.instagram.com\/fundacaosaopaulo\/\",\"https:\/\/br.linkedin.com\/company\/funda\u00e7\u00e3o-s\u00e3o-paulo\"]},{\"@type\":\"Person\",\"@id\":\"https:\/\/fundasp.org.br\/radar\/#\/schema\/person\/8c9e3deb42dccae5f4f7b7e796cfa03e\",\"name\":\"thais polato\",\"image\":{\"@type\":\"ImageObject\",\"inLanguage\":\"pt-BR\",\"@id\":\"https:\/\/secure.gravatar.com\/avatar\/ac558950c2302ee2529eec70b158436d8c86be25a46585805f7a070e213ff767?s=96&d=mm&r=g\",\"url\":\"https:\/\/secure.gravatar.com\/avatar\/ac558950c2302ee2529eec70b158436d8c86be25a46585805f7a070e213ff767?s=96&d=mm&r=g\",\"contentUrl\":\"https:\/\/secure.gravatar.com\/avatar\/ac558950c2302ee2529eec70b158436d8c86be25a46585805f7a070e213ff767?s=96&d=mm&r=g\",\"caption\":\"thais polato\"},\"url\":\"https:\/\/fundasp.org.br\/radar\/author\/thais-polato\/\"}]}<\/script>\n<!-- \/ Yoast SEO plugin. -->","yoast_head_json":{"title":"FUNDASP presente em cerim\u00f4nia aos m\u00e1rtires do genoc\u00eddio arm\u00eanio | Radar FUNDASP","description":"O presidente do Conselho Curador da FUNDASP, Cardeal Odilo Pedro Scherer, participou no \u00faltimo dia 24\/4 de evento realizado na Assembleia Legislativa do","robots":{"index":"index","follow":"follow","max-snippet":"max-snippet:-1","max-image-preview":"max-image-preview:large","max-video-preview":"max-video-preview:-1"},"canonical":"https:\/\/fundasp.org.br\/radar\/fundasp-presente-em-cerimonia-aos-martires-do-genocidio-armenio\/","og_locale":"en_US","og_type":"article","og_title":"FUNDASP presente em cerim\u00f4nia aos m\u00e1rtires do genoc\u00eddio arm\u00eanio | Radar FUNDASP","og_description":"O presidente do Conselho Curador da FUNDASP, Cardeal Odilo Pedro Scherer, participou no \u00faltimo dia 24\/4 de evento realizado na Assembleia Legislativa do","og_url":"https:\/\/fundasp.org.br\/radar\/fundasp-presente-em-cerimonia-aos-martires-do-genocidio-armenio\/","og_site_name":"Radar FUNDASP","article_publisher":"https:\/\/www.facebook.com\/Fundasp\/","article_published_time":"2026-04-28T10:28:29+00:00","article_modified_time":"2026-04-28T15:47:33+00:00","og_image":[{"width":650,"height":360,"url":"https:\/\/radar.fundasp.org.br\/wp-content\/uploads\/2026\/04\/alesp-armenia-RADAR-3.jpg","type":"image\/jpeg"}],"author":"thais polato","twitter_card":"summary_large_image","schema":{"@context":"https:\/\/schema.org","@graph":[{"@type":"Article","@id":"https:\/\/fundasp.org.br\/radar\/fundasp-presente-em-cerimonia-aos-martires-do-genocidio-armenio\/#article","isPartOf":{"@id":"https:\/\/fundasp.org.br\/radar\/fundasp-presente-em-cerimonia-aos-martires-do-genocidio-armenio\/"},"author":{"name":"thais polato","@id":"https:\/\/fundasp.org.br\/radar\/#\/schema\/person\/8c9e3deb42dccae5f4f7b7e796cfa03e"},"headline":"FUNDASP presente em cerim\u00f4nia aos m\u00e1rtires do genoc\u00eddio arm\u00eanio","datePublished":"2026-04-28T10:28:29+00:00","dateModified":"2026-04-28T15:47:33+00:00","mainEntityOfPage":{"@id":"https:\/\/fundasp.org.br\/radar\/fundasp-presente-em-cerimonia-aos-martires-do-genocidio-armenio\/"},"wordCount":186,"commentCount":0,"publisher":{"@id":"https:\/\/fundasp.org.br\/radar\/#organization"},"image":{"@id":"https:\/\/fundasp.org.br\/radar\/fundasp-presente-em-cerimonia-aos-martires-do-genocidio-armenio\/#primaryimage"},"thumbnailUrl":"https:\/\/radar.fundasp.org.br\/wp-content\/uploads\/2026\/04\/alesp-armenia-RADAR-3.jpg","articleSection":["fundasp"],"inLanguage":"pt-BR","potentialAction":[{"@type":"CommentAction","name":"Comment","target":["https:\/\/fundasp.org.br\/radar\/fundasp-presente-em-cerimonia-aos-martires-do-genocidio-armenio\/#respond"]}]},{"@type":"WebPage","@id":"https:\/\/fundasp.org.br\/radar\/fundasp-presente-em-cerimonia-aos-martires-do-genocidio-armenio\/","url":"https:\/\/fundasp.org.br\/radar\/fundasp-presente-em-cerimonia-aos-martires-do-genocidio-armenio\/","name":"FUNDASP presente em cerim\u00f4nia aos m\u00e1rtires do genoc\u00eddio arm\u00eanio | Radar FUNDASP","isPartOf":{"@id":"https:\/\/fundasp.org.br\/radar\/#website"},"primaryImageOfPage":{"@id":"https:\/\/fundasp.org.br\/radar\/fundasp-presente-em-cerimonia-aos-martires-do-genocidio-armenio\/#primaryimage"},"image":{"@id":"https:\/\/fundasp.org.br\/radar\/fundasp-presente-em-cerimonia-aos-martires-do-genocidio-armenio\/#primaryimage"},"thumbnailUrl":"https:\/\/radar.fundasp.org.br\/wp-content\/uploads\/2026\/04\/alesp-armenia-RADAR-3.jpg","datePublished":"2026-04-28T10:28:29+00:00","dateModified":"2026-04-28T15:47:33+00:00","description":"O presidente do Conselho Curador da FUNDASP, Cardeal Odilo Pedro Scherer, participou no \u00faltimo dia 24\/4 de evento realizado na Assembleia Legislativa do","breadcrumb":{"@id":"https:\/\/fundasp.org.br\/radar\/fundasp-presente-em-cerimonia-aos-martires-do-genocidio-armenio\/#breadcrumb"},"inLanguage":"pt-BR","potentialAction":[{"@type":"ReadAction","target":["https:\/\/fundasp.org.br\/radar\/fundasp-presente-em-cerimonia-aos-martires-do-genocidio-armenio\/"]}]},{"@type":"ImageObject","inLanguage":"pt-BR","@id":"https:\/\/fundasp.org.br\/radar\/fundasp-presente-em-cerimonia-aos-martires-do-genocidio-armenio\/#primaryimage","url":"https:\/\/radar.fundasp.org.br\/wp-content\/uploads\/2026\/04\/alesp-armenia-RADAR-3.jpg","contentUrl":"https:\/\/radar.fundasp.org.br\/wp-content\/uploads\/2026\/04\/alesp-armenia-RADAR-3.jpg","width":650,"height":360},{"@type":"BreadcrumbList","@id":"https:\/\/fundasp.org.br\/radar\/fundasp-presente-em-cerimonia-aos-martires-do-genocidio-armenio\/#breadcrumb","itemListElement":[{"@type":"ListItem","position":1,"name":"Home","item":"https:\/\/fundasp.org.br\/radar\/"},{"@type":"ListItem","position":2,"name":"FUNDASP presente em cerim\u00f4nia aos m\u00e1rtires do genoc\u00eddio arm\u00eanio"}]},{"@type":"WebSite","@id":"https:\/\/fundasp.org.br\/radar\/#website","url":"https:\/\/fundasp.org.br\/radar\/","name":"RADAR | Funda\u00e7\u00e3o S\u00e3o Paulo - FUNDASP","description":"A FUNDA\u00c7\u00c3O S\u00c3O PAULO, Mantenedora da Pontif\u00edcia Universidade Cat\u00f3lica de S\u00e3o Paulo e desde 2019 do Centro Universit\u00e1rio Assun\u00e7\u00e3o, \u00e9 pessoa jur\u00eddica de fins n\u00e3o econ\u00f4micos, tendo sua sede na Capital do Estado de S\u00e3o Paulo.","publisher":{"@id":"https:\/\/fundasp.org.br\/radar\/#organization"},"alternateName":"fundasp.org.br\/radar\/","potentialAction":[{"@type":"SearchAction","target":{"@type":"EntryPoint","urlTemplate":"https:\/\/fundasp.org.br\/radar\/?s={search_term_string}"},"query-input":{"@type":"PropertyValueSpecification","valueRequired":true,"valueName":"search_term_string"}}],"inLanguage":"pt-BR"},{"@type":"Organization","@id":"https:\/\/fundasp.org.br\/radar\/#organization","name":"RADAR | Funda\u00e7\u00e3o S\u00e3o Paulo - FUNDASP","url":"https:\/\/fundasp.org.br\/radar\/","logo":{"@type":"ImageObject","inLanguage":"pt-BR","@id":"https:\/\/fundasp.org.br\/radar\/#\/schema\/logo\/image\/","url":"https:\/\/radar.fundasp.org.br\/wp-content\/uploads\/2025\/02\/img50.webp","contentUrl":"https:\/\/radar.fundasp.org.br\/wp-content\/uploads\/2025\/02\/img50.webp","width":650,"height":360,"caption":"RADAR | Funda\u00e7\u00e3o S\u00e3o Paulo - FUNDASP"},"image":{"@id":"https:\/\/fundasp.org.br\/radar\/#\/schema\/logo\/image\/"},"sameAs":["https:\/\/www.facebook.com\/Fundasp\/","https:\/\/www.instagram.com\/fundacaosaopaulo\/","https:\/\/br.linkedin.com\/company\/funda\u00e7\u00e3o-s\u00e3o-paulo"]},{"@type":"Person","@id":"https:\/\/fundasp.org.br\/radar\/#\/schema\/person\/8c9e3deb42dccae5f4f7b7e796cfa03e","name":"thais polato","image":{"@type":"ImageObject","inLanguage":"pt-BR","@id":"https:\/\/secure.gravatar.com\/avatar\/ac558950c2302ee2529eec70b158436d8c86be25a46585805f7a070e213ff767?s=96&d=mm&r=g","url":"https:\/\/secure.gravatar.com\/avatar\/ac558950c2302ee2529eec70b158436d8c86be25a46585805f7a070e213ff767?s=96&d=mm&r=g","contentUrl":"https:\/\/secure.gravatar.com\/avatar\/ac558950c2302ee2529eec70b158436d8c86be25a46585805f7a070e213ff767?s=96&d=mm&r=g","caption":"thais polato"},"url":"https:\/\/fundasp.org.br\/radar\/author\/thais-polato\/"}]}},"_links":{"self":[{"href":"https:\/\/fundasp.org.br\/radar\/wp-json\/wp\/v2\/posts\/3104","targetHints":{"allow":["GET"]}}],"collection":[{"href":"https:\/\/fundasp.org.br\/radar\/wp-json\/wp\/v2\/posts"}],"about":[{"href":"https:\/\/fundasp.org.br\/radar\/wp-json\/wp\/v2\/types\/post"}],"author":[{"embeddable":true,"href":"https:\/\/fundasp.org.br\/radar\/wp-json\/wp\/v2\/users\/11"}],"replies":[{"embeddable":true,"href":"https:\/\/fundasp.org.br\/radar\/wp-json\/wp\/v2\/comments?post=3104"}],"version-history":[{"count":9,"href":"https:\/\/fundasp.org.br\/radar\/wp-json\/wp\/v2\/posts\/3104\/revisions"}],"predecessor-version":[{"id":3151,"href":"https:\/\/fundasp.org.br\/radar\/wp-json\/wp\/v2\/posts\/3104\/revisions\/3151"}],"wp:featuredmedia":[{"embeddable":true,"href":"https:\/\/fundasp.org.br\/radar\/wp-json\/wp\/v2\/media\/3150"}],"wp:attachment":[{"href":"https:\/\/fundasp.org.br\/radar\/wp-json\/wp\/v2\/media?parent=3104"}],"wp:term":[{"taxonomy":"category","embeddable":true,"href":"https:\/\/fundasp.org.br\/radar\/wp-json\/wp\/v2\/categories?post=3104"},{"taxonomy":"post_tag","embeddable":true,"href":"https:\/\/fundasp.org.br\/radar\/wp-json\/wp\/v2\/tags?post=3104"}],"curies":[{"name":"wp","href":"https:\/\/api.w.org\/{rel}","templated":true}]}}