{"id":3130,"date":"2026-04-28T08:34:07","date_gmt":"2026-04-28T08:34:07","guid":{"rendered":"https:\/\/fundasp.org.br\/radar\/?p=3130"},"modified":"2026-04-28T13:29:26","modified_gmt":"2026-04-28T13:29:26","slug":"nucleo-lumen-evento-online-nesta-terca-28-4-sobre-envelhecimento","status":"publish","type":"post","link":"https:\/\/fundasp.org.br\/radar\/nucleo-lumen-evento-online-nesta-terca-28-4-sobre-envelhecimento\/","title":{"rendered":"Lumen: evento online do grupo de Humanidades M\u00e9dicas"},"content":{"rendered":"<p>O grupo de Humanidades M\u00e9dicas do N\u00facleo Lumen, vinculado \u00e0 Funda\u00e7\u00e3o S\u00e3o Paulo, convida a todos para um debate sobre a vis\u00e3o do envelhecimento veiculada por obras liter\u00e1rias e como a representa\u00e7\u00e3o social da figura do idoso est\u00e1 sendo constru\u00edda nas \u00faltimas d\u00e9cadas.<\/p>\n<p>A convidada \u00e9 a Dra. Rosilene Frederico Rocha Bombini.<\/p>\n<p>Evento online nesta tre\u00e7a-feira (28\/4), 19h, via Teams.<\/p>\n<p><strong><a href=\"https:\/\/teams.microsoft.com\/dl\/launcher\/launcher.html?url=%2F_%23%2Fmeet%2F296737870436059%3Fp%3DtAshcYoF6iOxKjbt1U%26anon%3Dtrue&amp;type=meet&amp;deeplinkId=8b6bcb76-dc76-4956-be97-d5e5f9f4e696&amp;directDl=true&amp;msLaunch=true&amp;enableMobilePage=true&amp;suppressPrompt=true\">Participe acessando aqui.\u00a0<\/a><\/strong><\/p>\n<p><img loading=\"lazy\" decoding=\"async\" class=\"alignnone size-medium wp-image-3132\" src=\"https:\/\/radar.fundasp.org.br\/wp-content\/uploads\/2026\/04\/WhatsApp-Image-2026-04-27-at-15.50.05-1-288x360.jpeg\" alt=\"\" width=\"288\" height=\"360\" srcset=\"https:\/\/radar.fundasp.org.br\/wp-content\/uploads\/2026\/04\/WhatsApp-Image-2026-04-27-at-15.50.05-1-288x360.jpeg 288w, https:\/\/radar.fundasp.org.br\/wp-content\/uploads\/2026\/04\/WhatsApp-Image-2026-04-27-at-15.50.05-1-400x500.jpeg 400w, https:\/\/radar.fundasp.org.br\/wp-content\/uploads\/2026\/04\/WhatsApp-Image-2026-04-27-at-15.50.05-1-768x960.jpeg 768w, https:\/\/radar.fundasp.org.br\/wp-content\/uploads\/2026\/04\/WhatsApp-Image-2026-04-27-at-15.50.05-1-200x250.jpeg 200w, https:\/\/radar.fundasp.org.br\/wp-content\/uploads\/2026\/04\/WhatsApp-Image-2026-04-27-at-15.50.05-1.jpeg 1080w\" sizes=\"auto, (max-width: 288px) 100vw, 288px\" \/><\/p>\n","protected":false},"excerpt":{"rendered":"<p>O grupo de Humanidades M\u00e9dicas do N\u00facleo Lumen, vinculado \u00e0 Funda\u00e7\u00e3o S\u00e3o Paulo, convida a todos para um debate sobre a vis\u00e3o do envelhecimento veiculada por obras liter\u00e1rias e como a representa\u00e7\u00e3o social da figura do idoso est\u00e1 sendo constru\u00edda nas \u00faltimas d\u00e9cadas. A convidada \u00e9 a Dra. Rosilene Frederico Rocha Bombini. Evento online nesta [&hellip;]<\/p>\n","protected":false},"author":3,"featured_media":3131,"comment_status":"open","ping_status":"open","sticky":false,"template":"","format":"standard","meta":{"footnotes":""},"categories":[13],"tags":[],"class_list":["post-3130","post","type-post","status-publish","format-standard","has-post-thumbnail","hentry","category-lumen"],"yoast_head":"<!-- This site is optimized with the Yoast SEO plugin v27.2 - https:\/\/yoast.com\/product\/yoast-seo-wordpress\/ -->\n<title>Lumen: evento online do grupo de Humanidades M\u00e9dicas | Radar FUNDASP<\/title>\n<meta name=\"description\" content=\"O grupo de Humanidades M\u00e9dicas do N\u00facleo Lumen, vinculado \u00e0 Funda\u00e7\u00e3o S\u00e3o Paulo, convida a todos para um debate sobre a vis\u00e3o do envelhecimento veiculada\" \/>\n<meta name=\"robots\" content=\"index, follow, max-snippet:-1, max-image-preview:large, max-video-preview:-1\" \/>\n<link rel=\"canonical\" href=\"https:\/\/fundasp.org.br\/radar\/nucleo-lumen-evento-online-nesta-terca-28-4-sobre-envelhecimento\/\" \/>\n<meta property=\"og:locale\" content=\"en_US\" \/>\n<meta property=\"og:type\" content=\"article\" \/>\n<meta property=\"og:title\" content=\"Lumen: evento online do grupo de Humanidades M\u00e9dicas | Radar FUNDASP\" \/>\n<meta property=\"og:description\" content=\"O grupo de Humanidades M\u00e9dicas do N\u00facleo Lumen, vinculado \u00e0 Funda\u00e7\u00e3o S\u00e3o Paulo, convida a todos para um debate sobre a vis\u00e3o do envelhecimento veiculada\" \/>\n<meta property=\"og:url\" content=\"https:\/\/fundasp.org.br\/radar\/nucleo-lumen-evento-online-nesta-terca-28-4-sobre-envelhecimento\/\" \/>\n<meta property=\"og:site_name\" content=\"Radar FUNDASP\" \/>\n<meta property=\"article:publisher\" content=\"https:\/\/www.facebook.com\/Fundasp\/\" \/>\n<meta property=\"article:published_time\" content=\"2026-04-28T08:34:07+00:00\" \/>\n<meta property=\"article:modified_time\" content=\"2026-04-28T13:29:26+00:00\" \/>\n<meta property=\"og:image\" content=\"https:\/\/radar.fundasp.org.br\/wp-content\/uploads\/2026\/04\/WhatsApp-Image-2026-04-27-at-15.50.05-e1777375695327.jpeg\" \/>\n\t<meta property=\"og:image:width\" content=\"1080\" \/>\n\t<meta property=\"og:image:height\" content=\"600\" \/>\n\t<meta property=\"og:image:type\" content=\"image\/jpeg\" \/>\n<meta name=\"author\" content=\"cjbraga\" \/>\n<meta name=\"twitter:card\" content=\"summary_large_image\" \/>\n<script type=\"application\/ld+json\" class=\"yoast-schema-graph\">{\"@context\":\"https:\/\/schema.org\",\"@graph\":[{\"@type\":\"Article\",\"@id\":\"https:\/\/fundasp.org.br\/radar\/nucleo-lumen-evento-online-nesta-terca-28-4-sobre-envelhecimento\/#article\",\"isPartOf\":{\"@id\":\"https:\/\/fundasp.org.br\/radar\/nucleo-lumen-evento-online-nesta-terca-28-4-sobre-envelhecimento\/\"},\"author\":{\"name\":\"cjbraga\",\"@id\":\"https:\/\/fundasp.org.br\/radar\/#\/schema\/person\/62a91b27992430f374cc86ce652c28a1\"},\"headline\":\"Lumen: evento online do grupo de Humanidades M\u00e9dicas\",\"datePublished\":\"2026-04-28T08:34:07+00:00\",\"dateModified\":\"2026-04-28T13:29:26+00:00\",\"mainEntityOfPage\":{\"@id\":\"https:\/\/fundasp.org.br\/radar\/nucleo-lumen-evento-online-nesta-terca-28-4-sobre-envelhecimento\/\"},\"wordCount\":79,\"commentCount\":0,\"publisher\":{\"@id\":\"https:\/\/fundasp.org.br\/radar\/#organization\"},\"image\":{\"@id\":\"https:\/\/fundasp.org.br\/radar\/nucleo-lumen-evento-online-nesta-terca-28-4-sobre-envelhecimento\/#primaryimage\"},\"thumbnailUrl\":\"https:\/\/radar.fundasp.org.br\/wp-content\/uploads\/2026\/04\/WhatsApp-Image-2026-04-27-at-15.50.05-e1777375695327.jpeg\",\"articleSection\":[\"Lumen\"],\"inLanguage\":\"pt-BR\",\"potentialAction\":[{\"@type\":\"CommentAction\",\"name\":\"Comment\",\"target\":[\"https:\/\/fundasp.org.br\/radar\/nucleo-lumen-evento-online-nesta-terca-28-4-sobre-envelhecimento\/#respond\"]}]},{\"@type\":\"WebPage\",\"@id\":\"https:\/\/fundasp.org.br\/radar\/nucleo-lumen-evento-online-nesta-terca-28-4-sobre-envelhecimento\/\",\"url\":\"https:\/\/fundasp.org.br\/radar\/nucleo-lumen-evento-online-nesta-terca-28-4-sobre-envelhecimento\/\",\"name\":\"Lumen: evento online do grupo de Humanidades M\u00e9dicas | Radar FUNDASP\",\"isPartOf\":{\"@id\":\"https:\/\/fundasp.org.br\/radar\/#website\"},\"primaryImageOfPage\":{\"@id\":\"https:\/\/fundasp.org.br\/radar\/nucleo-lumen-evento-online-nesta-terca-28-4-sobre-envelhecimento\/#primaryimage\"},\"image\":{\"@id\":\"https:\/\/fundasp.org.br\/radar\/nucleo-lumen-evento-online-nesta-terca-28-4-sobre-envelhecimento\/#primaryimage\"},\"thumbnailUrl\":\"https:\/\/radar.fundasp.org.br\/wp-content\/uploads\/2026\/04\/WhatsApp-Image-2026-04-27-at-15.50.05-e1777375695327.jpeg\",\"datePublished\":\"2026-04-28T08:34:07+00:00\",\"dateModified\":\"2026-04-28T13:29:26+00:00\",\"description\":\"O grupo de Humanidades M\u00e9dicas do N\u00facleo Lumen, vinculado \u00e0 Funda\u00e7\u00e3o S\u00e3o Paulo, convida a todos para um debate sobre a vis\u00e3o do envelhecimento veiculada\",\"breadcrumb\":{\"@id\":\"https:\/\/fundasp.org.br\/radar\/nucleo-lumen-evento-online-nesta-terca-28-4-sobre-envelhecimento\/#breadcrumb\"},\"inLanguage\":\"pt-BR\",\"potentialAction\":[{\"@type\":\"ReadAction\",\"target\":[\"https:\/\/fundasp.org.br\/radar\/nucleo-lumen-evento-online-nesta-terca-28-4-sobre-envelhecimento\/\"]}]},{\"@type\":\"ImageObject\",\"inLanguage\":\"pt-BR\",\"@id\":\"https:\/\/fundasp.org.br\/radar\/nucleo-lumen-evento-online-nesta-terca-28-4-sobre-envelhecimento\/#primaryimage\",\"url\":\"https:\/\/radar.fundasp.org.br\/wp-content\/uploads\/2026\/04\/WhatsApp-Image-2026-04-27-at-15.50.05-e1777375695327.jpeg\",\"contentUrl\":\"https:\/\/radar.fundasp.org.br\/wp-content\/uploads\/2026\/04\/WhatsApp-Image-2026-04-27-at-15.50.05-e1777375695327.jpeg\",\"width\":1080,\"height\":600},{\"@type\":\"BreadcrumbList\",\"@id\":\"https:\/\/fundasp.org.br\/radar\/nucleo-lumen-evento-online-nesta-terca-28-4-sobre-envelhecimento\/#breadcrumb\",\"itemListElement\":[{\"@type\":\"ListItem\",\"position\":1,\"name\":\"Home\",\"item\":\"https:\/\/fundasp.org.br\/radar\/\"},{\"@type\":\"ListItem\",\"position\":2,\"name\":\"Lumen: evento online do grupo de Humanidades M\u00e9dicas\"}]},{\"@type\":\"WebSite\",\"@id\":\"https:\/\/fundasp.org.br\/radar\/#website\",\"url\":\"https:\/\/fundasp.org.br\/radar\/\",\"name\":\"RADAR | Funda\u00e7\u00e3o S\u00e3o Paulo - FUNDASP\",\"description\":\"A FUNDA\u00c7\u00c3O S\u00c3O PAULO, Mantenedora da Pontif\u00edcia Universidade Cat\u00f3lica de S\u00e3o Paulo e desde 2019 do Centro Universit\u00e1rio Assun\u00e7\u00e3o, \u00e9 pessoa jur\u00eddica de fins n\u00e3o econ\u00f4micos, tendo sua sede na Capital do Estado de S\u00e3o Paulo.\",\"publisher\":{\"@id\":\"https:\/\/fundasp.org.br\/radar\/#organization\"},\"alternateName\":\"fundasp.org.br\/radar\/\",\"potentialAction\":[{\"@type\":\"SearchAction\",\"target\":{\"@type\":\"EntryPoint\",\"urlTemplate\":\"https:\/\/fundasp.org.br\/radar\/?s={search_term_string}\"},\"query-input\":{\"@type\":\"PropertyValueSpecification\",\"valueRequired\":true,\"valueName\":\"search_term_string\"}}],\"inLanguage\":\"pt-BR\"},{\"@type\":\"Organization\",\"@id\":\"https:\/\/fundasp.org.br\/radar\/#organization\",\"name\":\"RADAR | Funda\u00e7\u00e3o S\u00e3o Paulo - FUNDASP\",\"url\":\"https:\/\/fundasp.org.br\/radar\/\",\"logo\":{\"@type\":\"ImageObject\",\"inLanguage\":\"pt-BR\",\"@id\":\"https:\/\/fundasp.org.br\/radar\/#\/schema\/logo\/image\/\",\"url\":\"https:\/\/radar.fundasp.org.br\/wp-content\/uploads\/2025\/02\/img50.webp\",\"contentUrl\":\"https:\/\/radar.fundasp.org.br\/wp-content\/uploads\/2025\/02\/img50.webp\",\"width\":650,\"height\":360,\"caption\":\"RADAR | Funda\u00e7\u00e3o S\u00e3o Paulo - FUNDASP\"},\"image\":{\"@id\":\"https:\/\/fundasp.org.br\/radar\/#\/schema\/logo\/image\/\"},\"sameAs\":[\"https:\/\/www.facebook.com\/Fundasp\/\",\"https:\/\/www.instagram.com\/fundacaosaopaulo\/\",\"https:\/\/br.linkedin.com\/company\/funda\u00e7\u00e3o-s\u00e3o-paulo\"]},{\"@type\":\"Person\",\"@id\":\"https:\/\/fundasp.org.br\/radar\/#\/schema\/person\/62a91b27992430f374cc86ce652c28a1\",\"name\":\"cjbraga\",\"image\":{\"@type\":\"ImageObject\",\"inLanguage\":\"pt-BR\",\"@id\":\"https:\/\/secure.gravatar.com\/avatar\/f4ae8f4f19168adb99903e9ebd528cb40a0df6da3d912d7b72a5f9403f6294fe?s=96&d=mm&r=g\",\"url\":\"https:\/\/secure.gravatar.com\/avatar\/f4ae8f4f19168adb99903e9ebd528cb40a0df6da3d912d7b72a5f9403f6294fe?s=96&d=mm&r=g\",\"contentUrl\":\"https:\/\/secure.gravatar.com\/avatar\/f4ae8f4f19168adb99903e9ebd528cb40a0df6da3d912d7b72a5f9403f6294fe?s=96&d=mm&r=g\",\"caption\":\"cjbraga\"},\"url\":\"https:\/\/fundasp.org.br\/radar\/author\/cjbraga\/\"}]}<\/script>\n<!-- \/ Yoast SEO plugin. -->","yoast_head_json":{"title":"Lumen: evento online do grupo de Humanidades M\u00e9dicas | Radar FUNDASP","description":"O grupo de Humanidades M\u00e9dicas do N\u00facleo Lumen, vinculado \u00e0 Funda\u00e7\u00e3o S\u00e3o Paulo, convida a todos para um debate sobre a vis\u00e3o do envelhecimento veiculada","robots":{"index":"index","follow":"follow","max-snippet":"max-snippet:-1","max-image-preview":"max-image-preview:large","max-video-preview":"max-video-preview:-1"},"canonical":"https:\/\/fundasp.org.br\/radar\/nucleo-lumen-evento-online-nesta-terca-28-4-sobre-envelhecimento\/","og_locale":"en_US","og_type":"article","og_title":"Lumen: evento online do grupo de Humanidades M\u00e9dicas | Radar FUNDASP","og_description":"O grupo de Humanidades M\u00e9dicas do N\u00facleo Lumen, vinculado \u00e0 Funda\u00e7\u00e3o S\u00e3o Paulo, convida a todos para um debate sobre a vis\u00e3o do envelhecimento veiculada","og_url":"https:\/\/fundasp.org.br\/radar\/nucleo-lumen-evento-online-nesta-terca-28-4-sobre-envelhecimento\/","og_site_name":"Radar FUNDASP","article_publisher":"https:\/\/www.facebook.com\/Fundasp\/","article_published_time":"2026-04-28T08:34:07+00:00","article_modified_time":"2026-04-28T13:29:26+00:00","og_image":[{"width":1080,"height":600,"url":"https:\/\/radar.fundasp.org.br\/wp-content\/uploads\/2026\/04\/WhatsApp-Image-2026-04-27-at-15.50.05-e1777375695327.jpeg","type":"image\/jpeg"}],"author":"cjbraga","twitter_card":"summary_large_image","schema":{"@context":"https:\/\/schema.org","@graph":[{"@type":"Article","@id":"https:\/\/fundasp.org.br\/radar\/nucleo-lumen-evento-online-nesta-terca-28-4-sobre-envelhecimento\/#article","isPartOf":{"@id":"https:\/\/fundasp.org.br\/radar\/nucleo-lumen-evento-online-nesta-terca-28-4-sobre-envelhecimento\/"},"author":{"name":"cjbraga","@id":"https:\/\/fundasp.org.br\/radar\/#\/schema\/person\/62a91b27992430f374cc86ce652c28a1"},"headline":"Lumen: evento online do grupo de Humanidades M\u00e9dicas","datePublished":"2026-04-28T08:34:07+00:00","dateModified":"2026-04-28T13:29:26+00:00","mainEntityOfPage":{"@id":"https:\/\/fundasp.org.br\/radar\/nucleo-lumen-evento-online-nesta-terca-28-4-sobre-envelhecimento\/"},"wordCount":79,"commentCount":0,"publisher":{"@id":"https:\/\/fundasp.org.br\/radar\/#organization"},"image":{"@id":"https:\/\/fundasp.org.br\/radar\/nucleo-lumen-evento-online-nesta-terca-28-4-sobre-envelhecimento\/#primaryimage"},"thumbnailUrl":"https:\/\/radar.fundasp.org.br\/wp-content\/uploads\/2026\/04\/WhatsApp-Image-2026-04-27-at-15.50.05-e1777375695327.jpeg","articleSection":["Lumen"],"inLanguage":"pt-BR","potentialAction":[{"@type":"CommentAction","name":"Comment","target":["https:\/\/fundasp.org.br\/radar\/nucleo-lumen-evento-online-nesta-terca-28-4-sobre-envelhecimento\/#respond"]}]},{"@type":"WebPage","@id":"https:\/\/fundasp.org.br\/radar\/nucleo-lumen-evento-online-nesta-terca-28-4-sobre-envelhecimento\/","url":"https:\/\/fundasp.org.br\/radar\/nucleo-lumen-evento-online-nesta-terca-28-4-sobre-envelhecimento\/","name":"Lumen: evento online do grupo de Humanidades M\u00e9dicas | Radar FUNDASP","isPartOf":{"@id":"https:\/\/fundasp.org.br\/radar\/#website"},"primaryImageOfPage":{"@id":"https:\/\/fundasp.org.br\/radar\/nucleo-lumen-evento-online-nesta-terca-28-4-sobre-envelhecimento\/#primaryimage"},"image":{"@id":"https:\/\/fundasp.org.br\/radar\/nucleo-lumen-evento-online-nesta-terca-28-4-sobre-envelhecimento\/#primaryimage"},"thumbnailUrl":"https:\/\/radar.fundasp.org.br\/wp-content\/uploads\/2026\/04\/WhatsApp-Image-2026-04-27-at-15.50.05-e1777375695327.jpeg","datePublished":"2026-04-28T08:34:07+00:00","dateModified":"2026-04-28T13:29:26+00:00","description":"O grupo de Humanidades M\u00e9dicas do N\u00facleo Lumen, vinculado \u00e0 Funda\u00e7\u00e3o S\u00e3o Paulo, convida a todos para um debate sobre a vis\u00e3o do envelhecimento veiculada","breadcrumb":{"@id":"https:\/\/fundasp.org.br\/radar\/nucleo-lumen-evento-online-nesta-terca-28-4-sobre-envelhecimento\/#breadcrumb"},"inLanguage":"pt-BR","potentialAction":[{"@type":"ReadAction","target":["https:\/\/fundasp.org.br\/radar\/nucleo-lumen-evento-online-nesta-terca-28-4-sobre-envelhecimento\/"]}]},{"@type":"ImageObject","inLanguage":"pt-BR","@id":"https:\/\/fundasp.org.br\/radar\/nucleo-lumen-evento-online-nesta-terca-28-4-sobre-envelhecimento\/#primaryimage","url":"https:\/\/radar.fundasp.org.br\/wp-content\/uploads\/2026\/04\/WhatsApp-Image-2026-04-27-at-15.50.05-e1777375695327.jpeg","contentUrl":"https:\/\/radar.fundasp.org.br\/wp-content\/uploads\/2026\/04\/WhatsApp-Image-2026-04-27-at-15.50.05-e1777375695327.jpeg","width":1080,"height":600},{"@type":"BreadcrumbList","@id":"https:\/\/fundasp.org.br\/radar\/nucleo-lumen-evento-online-nesta-terca-28-4-sobre-envelhecimento\/#breadcrumb","itemListElement":[{"@type":"ListItem","position":1,"name":"Home","item":"https:\/\/fundasp.org.br\/radar\/"},{"@type":"ListItem","position":2,"name":"Lumen: evento online do grupo de Humanidades M\u00e9dicas"}]},{"@type":"WebSite","@id":"https:\/\/fundasp.org.br\/radar\/#website","url":"https:\/\/fundasp.org.br\/radar\/","name":"RADAR | Funda\u00e7\u00e3o S\u00e3o Paulo - FUNDASP","description":"A FUNDA\u00c7\u00c3O S\u00c3O PAULO, Mantenedora da Pontif\u00edcia Universidade Cat\u00f3lica de S\u00e3o Paulo e desde 2019 do Centro Universit\u00e1rio Assun\u00e7\u00e3o, \u00e9 pessoa jur\u00eddica de fins n\u00e3o econ\u00f4micos, tendo sua sede na Capital do Estado de S\u00e3o Paulo.","publisher":{"@id":"https:\/\/fundasp.org.br\/radar\/#organization"},"alternateName":"fundasp.org.br\/radar\/","potentialAction":[{"@type":"SearchAction","target":{"@type":"EntryPoint","urlTemplate":"https:\/\/fundasp.org.br\/radar\/?s={search_term_string}"},"query-input":{"@type":"PropertyValueSpecification","valueRequired":true,"valueName":"search_term_string"}}],"inLanguage":"pt-BR"},{"@type":"Organization","@id":"https:\/\/fundasp.org.br\/radar\/#organization","name":"RADAR | Funda\u00e7\u00e3o S\u00e3o Paulo - FUNDASP","url":"https:\/\/fundasp.org.br\/radar\/","logo":{"@type":"ImageObject","inLanguage":"pt-BR","@id":"https:\/\/fundasp.org.br\/radar\/#\/schema\/logo\/image\/","url":"https:\/\/radar.fundasp.org.br\/wp-content\/uploads\/2025\/02\/img50.webp","contentUrl":"https:\/\/radar.fundasp.org.br\/wp-content\/uploads\/2025\/02\/img50.webp","width":650,"height":360,"caption":"RADAR | Funda\u00e7\u00e3o S\u00e3o Paulo - FUNDASP"},"image":{"@id":"https:\/\/fundasp.org.br\/radar\/#\/schema\/logo\/image\/"},"sameAs":["https:\/\/www.facebook.com\/Fundasp\/","https:\/\/www.instagram.com\/fundacaosaopaulo\/","https:\/\/br.linkedin.com\/company\/funda\u00e7\u00e3o-s\u00e3o-paulo"]},{"@type":"Person","@id":"https:\/\/fundasp.org.br\/radar\/#\/schema\/person\/62a91b27992430f374cc86ce652c28a1","name":"cjbraga","image":{"@type":"ImageObject","inLanguage":"pt-BR","@id":"https:\/\/secure.gravatar.com\/avatar\/f4ae8f4f19168adb99903e9ebd528cb40a0df6da3d912d7b72a5f9403f6294fe?s=96&d=mm&r=g","url":"https:\/\/secure.gravatar.com\/avatar\/f4ae8f4f19168adb99903e9ebd528cb40a0df6da3d912d7b72a5f9403f6294fe?s=96&d=mm&r=g","contentUrl":"https:\/\/secure.gravatar.com\/avatar\/f4ae8f4f19168adb99903e9ebd528cb40a0df6da3d912d7b72a5f9403f6294fe?s=96&d=mm&r=g","caption":"cjbraga"},"url":"https:\/\/fundasp.org.br\/radar\/author\/cjbraga\/"}]}},"_links":{"self":[{"href":"https:\/\/fundasp.org.br\/radar\/wp-json\/wp\/v2\/posts\/3130","targetHints":{"allow":["GET"]}}],"collection":[{"href":"https:\/\/fundasp.org.br\/radar\/wp-json\/wp\/v2\/posts"}],"about":[{"href":"https:\/\/fundasp.org.br\/radar\/wp-json\/wp\/v2\/types\/post"}],"author":[{"embeddable":true,"href":"https:\/\/fundasp.org.br\/radar\/wp-json\/wp\/v2\/users\/3"}],"replies":[{"embeddable":true,"href":"https:\/\/fundasp.org.br\/radar\/wp-json\/wp\/v2\/comments?post=3130"}],"version-history":[{"count":5,"href":"https:\/\/fundasp.org.br\/radar\/wp-json\/wp\/v2\/posts\/3130\/revisions"}],"predecessor-version":[{"id":3137,"href":"https:\/\/fundasp.org.br\/radar\/wp-json\/wp\/v2\/posts\/3130\/revisions\/3137"}],"wp:featuredmedia":[{"embeddable":true,"href":"https:\/\/fundasp.org.br\/radar\/wp-json\/wp\/v2\/media\/3131"}],"wp:attachment":[{"href":"https:\/\/fundasp.org.br\/radar\/wp-json\/wp\/v2\/media?parent=3130"}],"wp:term":[{"taxonomy":"category","embeddable":true,"href":"https:\/\/fundasp.org.br\/radar\/wp-json\/wp\/v2\/categories?post=3130"},{"taxonomy":"post_tag","embeddable":true,"href":"https:\/\/fundasp.org.br\/radar\/wp-json\/wp\/v2\/tags?post=3130"}],"curies":[{"name":"wp","href":"https:\/\/api.w.org\/{rel}","templated":true}]}}