{"id":3138,"date":"2026-04-30T08:51:28","date_gmt":"2026-04-30T08:51:28","guid":{"rendered":"https:\/\/fundasp.org.br\/radar\/?p=3138"},"modified":"2026-04-30T12:19:37","modified_gmt":"2026-04-30T12:19:37","slug":"centro-universitario-assuncao-recebe-reconhecimento-ouro-na-certificacao-naf-2026","status":"publish","type":"post","link":"https:\/\/fundasp.org.br\/radar\/centro-universitario-assuncao-recebe-reconhecimento-ouro-na-certificacao-naf-2026\/","title":{"rendered":"Assun\u00e7\u00e3o recebe reconhecimento ouro na Certifica\u00e7\u00e3o NAF 2026"},"content":{"rendered":"<p>No dia 16\/4, o Centro Universit\u00e1rio Assun\u00e7\u00e3o participou da Certifica\u00e7\u00e3o NAF 2026, promovido pela Superintend\u00eancia da Receita Federal da 8\u00aa Regi\u00e3o Fiscal, em S\u00e3o Paulo, que reuniu institui\u00e7\u00f5es de ensino parceiras do programa N\u00facleo de Apoio Cont\u00e1bil e Fiscal (NAF) para reconhecer a\u00e7\u00f5es de destaque realizadas ao longo de 2025.<\/p>\n<p>A cerim\u00f4nia teve como objetivo valorizar os NAFs que se destacaram no atendimento gratuito \u00e0 popula\u00e7\u00e3o, na promo\u00e7\u00e3o da cidadania fiscal e no desenvolvimento de projetos de extens\u00e3o universit\u00e1ria, al\u00e9m de apresentar boas pr\u00e1ticas desenvolvidas por diferentes institui\u00e7\u00f5es e promover palestras voltadas ao Imposto de Renda da Pessoa F\u00edsica (IRPF 2026).<\/p>\n<p>Durante o evento, o Centro Universit\u00e1rio Assun\u00e7\u00e3o recebeu tr\u00eas importantes reconhecimentos que refor\u00e7am seu compromisso com a forma\u00e7\u00e3o acad\u00eamica aliada \u00e0 responsabilidade social e \u00e0 presta\u00e7\u00e3o de servi\u00e7os \u00e0 comunidade.<\/p>\n<p>A institui\u00e7\u00e3o foi agraciada com o Diploma de Agradecimento 2025, pela organiza\u00e7\u00e3o do <em>II Encontro de Inicia\u00e7\u00e3o Cient\u00edfica em Cidadania Fiscal dos NAFs do Estado de S\u00e3o Paulo<\/em>; com o Diploma de Reconhecimento, pela aprova\u00e7\u00e3o de trabalho no mesmo encontro; e com o Certificado de Reconhecimento Ouro, pelo registro de 1.720 assist\u00eancias fiscais gratuitas prestadas \u00e0 comunidade ao longo de 2025, alcan\u00e7ando o 30\u00ba lugar no ranking nacional e contribuindo significativamente para a promo\u00e7\u00e3o da cidadania fiscal.<\/p>\n<p>Representaram o Centro Universit\u00e1rio Assun\u00e7\u00e3o os professores Edineide Maria de Oliveira, pr\u00f3-reitora de p\u00f3s-gradua\u00e7\u00e3o do Assun\u00e7\u00e3o, Jos\u00e9 Ol\u00edmpio Cardoso Neto, coordenador do NAF Assun\u00e7\u00e3o, e Sandro Braz Silva, coordenador do curso de Ci\u00eancias Cont\u00e1beis.<\/p>\n<p>Tamb\u00e9m participaram as alunas Beatriz Caetano Silva Oliveira e Vanessa Santos de Souza, autoras do trabalho aprovado durante o II Encontro de Inicia\u00e7\u00e3o Cient\u00edfica; Let\u00edcia dos Reis Fonseca, do curso de Administra\u00e7\u00e3o; e os alunos Jefferson Xavier Fogo, Gesmair Ferreira dos Anjos e Luiz Ronaldo Medeiros Silva, do curso de Ci\u00eancias Cont\u00e1beis.<\/p>\n<p>Al\u00e9m das certifica\u00e7\u00f5es, houve uma palestra sobre o preenchimento do Imposto de Renda da Pessoa F\u00edsica e apresenta\u00e7\u00f5es de boas pr\u00e1ticas desenvolvidas pelos NAFs de diversas institui\u00e7\u00f5es, fortalecendo ainda mais o papel dos n\u00facleos como instrumentos de cidadania, forma\u00e7\u00e3o pr\u00e1tica e transforma\u00e7\u00e3o social.<\/p>\n<p>O reconhecimento conquistado pelo Centro Universit\u00e1rio Assun\u00e7\u00e3o refor\u00e7a a relev\u00e2ncia do trabalho desenvolvido pelo NAF Assun\u00e7\u00e3o, que alia ensino, extens\u00e3o e impacto social, oferecendo aos estudantes uma forma\u00e7\u00e3o pr\u00e1tica e comprometida com o atendimento \u00e0s necessidades da popula\u00e7\u00e3o.<\/p>\n<hr \/>\n<pre><em>* Com informa\u00e7\u00f5es do Centro Universit\u00e1rio Assun\u00e7\u00e3o\r\n<\/em><div  id=\"jtg-3141\" class=\"modula modula-gallery modula-columns\" data-config=\"{&quot;tabletHeight&quot;:800,&quot;mobileHeight&quot;:800,&quot;desktopHeight&quot;:800,&quot;enableTwitter&quot;:false,&quot;enableWhatsapp&quot;:false,&quot;enableFacebook&quot;:false,&quot;enablePinterest&quot;:false,&quot;enableLinkedin&quot;:false,&quot;enableEmail&quot;:false,&quot;randomFactor&quot;:0.5,&quot;type&quot;:&quot;grid&quot;,&quot;columns&quot;:12,&quot;gutter&quot;:10,&quot;mobileGutter&quot;:10,&quot;tabletGutter&quot;:10,&quot;desktopGutter&quot;:10,&quot;enableResponsive&quot;:true,&quot;tabletColumns&quot;:2,&quot;mobileColumns&quot;:1,&quot;lazyLoad&quot;:0,&quot;lightboxOpts&quot;:{&quot;animated&quot;:true,&quot;Thumbs&quot;:{&quot;type&quot;:&quot;modern&quot;,&quot;showOnStart&quot;:false},&quot;Toolbar&quot;:{&quot;display&quot;:{&quot;right&quot;:[&quot;close&quot;]},&quot;enabled&quot;:true},&quot;Carousel&quot;:{&quot;Panzoom&quot;:{&quot;touch&quot;:true},&quot;infinite&quot;:false},&quot;keyboard&quot;:{&quot;Escape&quot;:&quot;close&quot;,&quot;Delete&quot;:&quot;close&quot;,&quot;Backspace&quot;:&quot;close&quot;,&quot;PageUp&quot;:false,&quot;PageDown&quot;:false,&quot;ArrowUp&quot;:false,&quot;ArrowDown&quot;:false,&quot;ArrowRight&quot;:false,&quot;ArrowLeft&quot;:false},&quot;touch&quot;:false,&quot;backdropClick&quot;:false,&quot;l10n&quot;:{&quot;CLOSE&quot;:&quot;Close&quot;,&quot;NEXT&quot;:&quot;Next&quot;,&quot;PREV&quot;:&quot;Previous&quot;,&quot;Error&quot;:&quot;The requested content cannot be loaded. Please try again later.&quot;,&quot;PLAY_START&quot;:&quot;Start slideshow&quot;,&quot;PLAY_STOP&quot;:&quot;Pause slideshow&quot;,&quot;FULL_SCREEN&quot;:&quot;Full screen&quot;,&quot;THUMBS&quot;:&quot;Thumbnails&quot;,&quot;DOWNLOAD&quot;:&quot;Download&quot;,&quot;SHARE&quot;:&quot;Share&quot;,&quot;ZOOM&quot;:&quot;Zoom&quot;,&quot;EMAIL&quot;:&quot;Here is the link to the image : %%image_link%% and this is the link to the gallery : %%gallery_link%%&quot;,&quot;MODAL&quot;:&quot;You can close this modal content with the ESC key&quot;,&quot;ERROR&quot;:&quot;Something Went Wrong, Please Try Again Later&quot;,&quot;IMAGE_ERROR&quot;:&quot;Image Not Found&quot;,&quot;ELEMENT_NOT_FOUND&quot;:&quot;HTML Element Not Found&quot;,&quot;AJAX_NOT_FOUND&quot;:&quot;Error Loading AJAX : Not Found&quot;,&quot;AJAX_FORBIDDEN&quot;:&quot;Error Loading AJAX : Forbidden&quot;,&quot;IFRAME_ERROR&quot;:&quot;Error Loading Page&quot;,&quot;TOGGLE_ZOOM&quot;:&quot;Toggle zoom level&quot;,&quot;TOGGLE_THUMBS&quot;:&quot;Toggle thumbnails&quot;,&quot;TOGGLE_SLIDESHOW&quot;:&quot;Toggle slideshow&quot;,&quot;TOGGLE_FULLSCREEN&quot;:&quot;Toggle full-screen mode&quot;},&quot;Images&quot;:{&quot;Panzoom&quot;:{&quot;maxScale&quot;:2}},&quot;mainClass&quot;:&quot;modula-fancybox-container modula-lightbox-jtg-3141&quot;,&quot;Html&quot;:{&quot;videoAutoplay&quot;:0,&quot;videoTpl&quot;:&quot;&lt;video class=\\&quot;fancybox__html5video\\&quot; controls muted playsinline controlsList controlsList=\\&quot;nodownload\\&quot; poster=\\&quot;{{poster}}\\&quot; src=\\&quot;{{src}}\\&quot; type=\\&quot;{{format}}\\&quot; &gt;  Sorry, your browser doesn&#039;t support embedded videos, &lt;a href=\\&quot;{{src}}\\&quot;&gt; download &lt;\\\/a&gt; and watch with your favorite video player! &lt;\\\/video&gt;&quot;}},&quot;inView&quot;:false,&quot;email_subject&quot;:&quot;Check out this awesome image !!&quot;,&quot;email_message&quot;:&quot;Here is the link to the image : %%image_link%% and this is the link to the gallery : %%gallery_link%%&quot;,&quot;grid_type&quot;:&quot;automatic&quot;,&quot;rowHeight&quot;:250,&quot;lastRow&quot;:&quot;justify&quot;,&quot;lightbox&quot;:&quot;fancybox&quot;}\">\n\n\t\n\t<div  class=\"modula-items grid-gallery\">\n\t\t<div class=\"modula-item effect-pufrobo\" >\n\t<div class=\"modula-item-overlay\"><\/div>\n\n\t<div class=\"modula-item-content\">\n\n\t\t<a data-image-id=\"3142\" role=\"button\" tabindex=\"0\" rel=\"jtg-3141\" data-caption=\"\" aria-label=\"Open image in lightbox\" class=\"tile-inner modula-item-link\"><\/a><img loading=\"lazy\" decoding=\"async\" class=\"pic wp-image-3142\"  data-valign=\"middle\" data-halign=\"center\" alt=\"\" data-full=\"https:\/\/radar.fundasp.org.br\/wp-content\/uploads\/2026\/04\/album-NAF-ouro_1.jpg\" title=\"album NAF ouro_1\" crop=\"\" width=\"650\" height=\"360\" src=\"https:\/\/radar.fundasp.org.br\/wp-content\/uploads\/2026\/04\/album-NAF-ouro_1.jpg\" data-src=\"https:\/\/radar.fundasp.org.br\/wp-content\/uploads\/2026\/04\/album-NAF-ouro_1.jpg\" data-caption=\"\" srcset=\"https:\/\/radar.fundasp.org.br\/wp-content\/uploads\/2026\/04\/album-NAF-ouro_1.jpg 650w, https:\/\/radar.fundasp.org.br\/wp-content\/uploads\/2026\/04\/album-NAF-ouro_1-250x138.jpg 250w\" sizes=\"auto, (max-width: 650px) 100vw, 650px\" \/>\n\t\t<div class=\"figc no-description\">\n\t\t\t<div class=\"figc-inner\">\n\t\t\t\t\t\t\t\t\t\t\t\t\t\t\t<\/div>\n\t\t<\/div>\n\n\t<\/div>\n\n<\/div><div class=\"modula-item effect-pufrobo\" >\n\t<div class=\"modula-item-overlay\"><\/div>\n\n\t<div class=\"modula-item-content\">\n\n\t\t<a data-image-id=\"3143\" role=\"button\" tabindex=\"0\" rel=\"jtg-3141\" data-caption=\"\" aria-label=\"Open image in lightbox\" class=\"tile-inner modula-item-link\"><\/a><img loading=\"lazy\" decoding=\"async\" class=\"pic wp-image-3143\"  data-valign=\"middle\" data-halign=\"center\" alt=\"\" data-full=\"https:\/\/radar.fundasp.org.br\/wp-content\/uploads\/2026\/04\/album-NAF-ouro_2.jpg\" title=\"album NAF ouro_2\" crop=\"\" width=\"650\" height=\"360\" src=\"https:\/\/radar.fundasp.org.br\/wp-content\/uploads\/2026\/04\/album-NAF-ouro_2.jpg\" data-src=\"https:\/\/radar.fundasp.org.br\/wp-content\/uploads\/2026\/04\/album-NAF-ouro_2.jpg\" data-caption=\"\" srcset=\"https:\/\/radar.fundasp.org.br\/wp-content\/uploads\/2026\/04\/album-NAF-ouro_2.jpg 650w, https:\/\/radar.fundasp.org.br\/wp-content\/uploads\/2026\/04\/album-NAF-ouro_2-250x138.jpg 250w\" sizes=\"auto, (max-width: 650px) 100vw, 650px\" \/>\n\t\t<div class=\"figc no-description\">\n\t\t\t<div class=\"figc-inner\">\n\t\t\t\t\t\t\t\t\t\t\t\t\t\t\t<\/div>\n\t\t<\/div>\n\n\t<\/div>\n\n<\/div><div class=\"modula-item effect-pufrobo\" >\n\t<div class=\"modula-item-overlay\"><\/div>\n\n\t<div class=\"modula-item-content\">\n\n\t\t<a data-image-id=\"3146\" role=\"button\" tabindex=\"0\" rel=\"jtg-3141\" data-caption=\"\" aria-label=\"Open image in lightbox\" class=\"tile-inner modula-item-link\"><\/a><img loading=\"lazy\" decoding=\"async\" class=\"pic wp-image-3146\"  data-valign=\"middle\" data-halign=\"center\" alt=\"\" data-full=\"https:\/\/radar.fundasp.org.br\/wp-content\/uploads\/2026\/04\/album-NAF-ouro_3.jpg\" title=\"album NAF ouro_3\" crop=\"\" width=\"650\" height=\"360\" src=\"https:\/\/radar.fundasp.org.br\/wp-content\/uploads\/2026\/04\/album-NAF-ouro_3.jpg\" data-src=\"https:\/\/radar.fundasp.org.br\/wp-content\/uploads\/2026\/04\/album-NAF-ouro_3.jpg\" data-caption=\"\" srcset=\"https:\/\/radar.fundasp.org.br\/wp-content\/uploads\/2026\/04\/album-NAF-ouro_3.jpg 650w, https:\/\/radar.fundasp.org.br\/wp-content\/uploads\/2026\/04\/album-NAF-ouro_3-250x138.jpg 250w\" sizes=\"auto, (max-width: 650px) 100vw, 650px\" \/>\n\t\t<div class=\"figc no-description\">\n\t\t\t<div class=\"figc-inner\">\n\t\t\t\t\t\t\t\t\t\t\t\t\t\t\t<\/div>\n\t\t<\/div>\n\n\t<\/div>\n\n<\/div><div class=\"modula-item effect-pufrobo\" >\n\t<div class=\"modula-item-overlay\"><\/div>\n\n\t<div class=\"modula-item-content\">\n\n\t\t<a data-image-id=\"3147\" role=\"button\" tabindex=\"0\" rel=\"jtg-3141\" data-caption=\"\" aria-label=\"Open image in lightbox\" class=\"tile-inner modula-item-link\"><\/a><img loading=\"lazy\" decoding=\"async\" class=\"pic wp-image-3147\"  data-valign=\"middle\" data-halign=\"center\" alt=\"\" data-full=\"https:\/\/radar.fundasp.org.br\/wp-content\/uploads\/2026\/04\/album-NAF-ouro_4.jpg\" title=\"album NAF ouro_4\" crop=\"\" width=\"650\" height=\"360\" src=\"https:\/\/radar.fundasp.org.br\/wp-content\/uploads\/2026\/04\/album-NAF-ouro_4.jpg\" data-src=\"https:\/\/radar.fundasp.org.br\/wp-content\/uploads\/2026\/04\/album-NAF-ouro_4.jpg\" data-caption=\"\" srcset=\"https:\/\/radar.fundasp.org.br\/wp-content\/uploads\/2026\/04\/album-NAF-ouro_4.jpg 650w, https:\/\/radar.fundasp.org.br\/wp-content\/uploads\/2026\/04\/album-NAF-ouro_4-250x138.jpg 250w\" sizes=\"auto, (max-width: 650px) 100vw, 650px\" \/>\n\t\t<div class=\"figc no-description\">\n\t\t\t<div class=\"figc-inner\">\n\t\t\t\t\t\t\t\t\t\t\t\t\t\t\t<\/div>\n\t\t<\/div>\n\n\t<\/div>\n\n<\/div>\t\t\n\t<\/div>\n\n\t\n\t\n\t<script type=\"application\/ld+json\">\n\t{\n\t\t\"@context\": \"http:\/\/schema.org\",\n\t\t\"@type\"   : \"ImageGallery\",\n\t\t\"id\"      : \"https:\/\/fundasp.org.br\/radar\/centro-universitario-assuncao-recebe-reconhecimento-ouro-na-certificacao-naf-2026\/\",\n\t\t\"url\"     : \"https:\/\/fundasp.org.br\/radar\/centro-universitario-assuncao-recebe-reconhecimento-ouro-na-certificacao-naf-2026\/\"\n\t}\n\n\t<\/script>\n\n\t\n<\/div>\n \r\n<\/pre>\n","protected":false},"excerpt":{"rendered":"<p>No dia 16\/4, o Centro Universit\u00e1rio Assun\u00e7\u00e3o participou da Certifica\u00e7\u00e3o NAF 2026, promovido pela Superintend\u00eancia da Receita Federal da 8\u00aa Regi\u00e3o Fiscal, em S\u00e3o Paulo, que reuniu institui\u00e7\u00f5es de ensino parceiras do programa N\u00facleo de Apoio Cont\u00e1bil e Fiscal (NAF) para reconhecer a\u00e7\u00f5es de destaque realizadas ao longo de 2025. A cerim\u00f4nia teve como objetivo [&hellip;]<\/p>\n","protected":false},"author":11,"featured_media":3139,"comment_status":"open","ping_status":"open","sticky":false,"template":"","format":"standard","meta":{"footnotes":""},"categories":[4,9],"tags":[],"class_list":["post-3138","post","type-post","status-publish","format-standard","has-post-thumbnail","hentry","category-assuncao","category-fundasp"],"yoast_head":"<!-- This site is optimized with the Yoast SEO plugin v27.2 - https:\/\/yoast.com\/product\/yoast-seo-wordpress\/ -->\n<title>Assun\u00e7\u00e3o recebe reconhecimento ouro na Certifica\u00e7\u00e3o NAF 2026 | Radar FUNDASP<\/title>\n<meta name=\"description\" content=\"No dia 16\/4, o Centro Universit\u00e1rio Assun\u00e7\u00e3o participou da Certifica\u00e7\u00e3o NAF 2026, promovido pela Superintend\u00eancia da Receita Federal da 8\u00aa Regi\u00e3o Fiscal,\" \/>\n<meta name=\"robots\" content=\"index, follow, max-snippet:-1, max-image-preview:large, max-video-preview:-1\" \/>\n<link rel=\"canonical\" href=\"https:\/\/fundasp.org.br\/radar\/centro-universitario-assuncao-recebe-reconhecimento-ouro-na-certificacao-naf-2026\/\" \/>\n<meta property=\"og:locale\" content=\"en_US\" \/>\n<meta property=\"og:type\" content=\"article\" \/>\n<meta property=\"og:title\" content=\"Assun\u00e7\u00e3o recebe reconhecimento ouro na Certifica\u00e7\u00e3o NAF 2026 | Radar FUNDASP\" \/>\n<meta property=\"og:description\" content=\"No dia 16\/4, o Centro Universit\u00e1rio Assun\u00e7\u00e3o participou da Certifica\u00e7\u00e3o NAF 2026, promovido pela Superintend\u00eancia da Receita Federal da 8\u00aa Regi\u00e3o Fiscal,\" \/>\n<meta property=\"og:url\" content=\"https:\/\/fundasp.org.br\/radar\/centro-universitario-assuncao-recebe-reconhecimento-ouro-na-certificacao-naf-2026\/\" \/>\n<meta property=\"og:site_name\" content=\"Radar FUNDASP\" \/>\n<meta property=\"article:publisher\" content=\"https:\/\/www.facebook.com\/Fundasp\/\" \/>\n<meta property=\"article:published_time\" content=\"2026-04-30T08:51:28+00:00\" \/>\n<meta property=\"article:modified_time\" content=\"2026-04-30T12:19:37+00:00\" \/>\n<meta property=\"og:image\" content=\"https:\/\/radar.fundasp.org.br\/wp-content\/uploads\/2026\/04\/4.jpg\" \/>\n\t<meta property=\"og:image:width\" content=\"650\" \/>\n\t<meta property=\"og:image:height\" content=\"365\" \/>\n\t<meta property=\"og:image:type\" content=\"image\/jpeg\" \/>\n<meta name=\"author\" content=\"thais polato\" \/>\n<meta name=\"twitter:card\" content=\"summary_large_image\" \/>\n<script type=\"application\/ld+json\" class=\"yoast-schema-graph\">{\"@context\":\"https:\/\/schema.org\",\"@graph\":[{\"@type\":\"Article\",\"@id\":\"https:\/\/fundasp.org.br\/radar\/centro-universitario-assuncao-recebe-reconhecimento-ouro-na-certificacao-naf-2026\/#article\",\"isPartOf\":{\"@id\":\"https:\/\/fundasp.org.br\/radar\/centro-universitario-assuncao-recebe-reconhecimento-ouro-na-certificacao-naf-2026\/\"},\"author\":{\"name\":\"thais polato\",\"@id\":\"https:\/\/fundasp.org.br\/radar\/#\/schema\/person\/8c9e3deb42dccae5f4f7b7e796cfa03e\"},\"headline\":\"Assun\u00e7\u00e3o recebe reconhecimento ouro na Certifica\u00e7\u00e3o NAF 2026\",\"datePublished\":\"2026-04-30T08:51:28+00:00\",\"dateModified\":\"2026-04-30T12:19:37+00:00\",\"mainEntityOfPage\":{\"@id\":\"https:\/\/fundasp.org.br\/radar\/centro-universitario-assuncao-recebe-reconhecimento-ouro-na-certificacao-naf-2026\/\"},\"wordCount\":442,\"commentCount\":0,\"publisher\":{\"@id\":\"https:\/\/fundasp.org.br\/radar\/#organization\"},\"image\":{\"@id\":\"https:\/\/fundasp.org.br\/radar\/centro-universitario-assuncao-recebe-reconhecimento-ouro-na-certificacao-naf-2026\/#primaryimage\"},\"thumbnailUrl\":\"https:\/\/radar.fundasp.org.br\/wp-content\/uploads\/2026\/04\/4.jpg\",\"articleSection\":[\"ASSUN\u00c7\u00c3O\",\"fundasp\"],\"inLanguage\":\"pt-BR\",\"potentialAction\":[{\"@type\":\"CommentAction\",\"name\":\"Comment\",\"target\":[\"https:\/\/fundasp.org.br\/radar\/centro-universitario-assuncao-recebe-reconhecimento-ouro-na-certificacao-naf-2026\/#respond\"]}]},{\"@type\":\"WebPage\",\"@id\":\"https:\/\/fundasp.org.br\/radar\/centro-universitario-assuncao-recebe-reconhecimento-ouro-na-certificacao-naf-2026\/\",\"url\":\"https:\/\/fundasp.org.br\/radar\/centro-universitario-assuncao-recebe-reconhecimento-ouro-na-certificacao-naf-2026\/\",\"name\":\"Assun\u00e7\u00e3o recebe reconhecimento ouro na Certifica\u00e7\u00e3o NAF 2026 | Radar FUNDASP\",\"isPartOf\":{\"@id\":\"https:\/\/fundasp.org.br\/radar\/#website\"},\"primaryImageOfPage\":{\"@id\":\"https:\/\/fundasp.org.br\/radar\/centro-universitario-assuncao-recebe-reconhecimento-ouro-na-certificacao-naf-2026\/#primaryimage\"},\"image\":{\"@id\":\"https:\/\/fundasp.org.br\/radar\/centro-universitario-assuncao-recebe-reconhecimento-ouro-na-certificacao-naf-2026\/#primaryimage\"},\"thumbnailUrl\":\"https:\/\/radar.fundasp.org.br\/wp-content\/uploads\/2026\/04\/4.jpg\",\"datePublished\":\"2026-04-30T08:51:28+00:00\",\"dateModified\":\"2026-04-30T12:19:37+00:00\",\"description\":\"No dia 16\/4, o Centro Universit\u00e1rio Assun\u00e7\u00e3o participou da Certifica\u00e7\u00e3o NAF 2026, promovido pela Superintend\u00eancia da Receita Federal da 8\u00aa Regi\u00e3o Fiscal,\",\"breadcrumb\":{\"@id\":\"https:\/\/fundasp.org.br\/radar\/centro-universitario-assuncao-recebe-reconhecimento-ouro-na-certificacao-naf-2026\/#breadcrumb\"},\"inLanguage\":\"pt-BR\",\"potentialAction\":[{\"@type\":\"ReadAction\",\"target\":[\"https:\/\/fundasp.org.br\/radar\/centro-universitario-assuncao-recebe-reconhecimento-ouro-na-certificacao-naf-2026\/\"]}]},{\"@type\":\"ImageObject\",\"inLanguage\":\"pt-BR\",\"@id\":\"https:\/\/fundasp.org.br\/radar\/centro-universitario-assuncao-recebe-reconhecimento-ouro-na-certificacao-naf-2026\/#primaryimage\",\"url\":\"https:\/\/radar.fundasp.org.br\/wp-content\/uploads\/2026\/04\/4.jpg\",\"contentUrl\":\"https:\/\/radar.fundasp.org.br\/wp-content\/uploads\/2026\/04\/4.jpg\",\"width\":650,\"height\":365},{\"@type\":\"BreadcrumbList\",\"@id\":\"https:\/\/fundasp.org.br\/radar\/centro-universitario-assuncao-recebe-reconhecimento-ouro-na-certificacao-naf-2026\/#breadcrumb\",\"itemListElement\":[{\"@type\":\"ListItem\",\"position\":1,\"name\":\"Home\",\"item\":\"https:\/\/fundasp.org.br\/radar\/\"},{\"@type\":\"ListItem\",\"position\":2,\"name\":\"Assun\u00e7\u00e3o recebe reconhecimento ouro na Certifica\u00e7\u00e3o NAF 2026\"}]},{\"@type\":\"WebSite\",\"@id\":\"https:\/\/fundasp.org.br\/radar\/#website\",\"url\":\"https:\/\/fundasp.org.br\/radar\/\",\"name\":\"RADAR | Funda\u00e7\u00e3o S\u00e3o Paulo - FUNDASP\",\"description\":\"A FUNDA\u00c7\u00c3O S\u00c3O PAULO, Mantenedora da Pontif\u00edcia Universidade Cat\u00f3lica de S\u00e3o Paulo e desde 2019 do Centro Universit\u00e1rio Assun\u00e7\u00e3o, \u00e9 pessoa jur\u00eddica de fins n\u00e3o econ\u00f4micos, tendo sua sede na Capital do Estado de S\u00e3o Paulo.\",\"publisher\":{\"@id\":\"https:\/\/fundasp.org.br\/radar\/#organization\"},\"alternateName\":\"fundasp.org.br\/radar\/\",\"potentialAction\":[{\"@type\":\"SearchAction\",\"target\":{\"@type\":\"EntryPoint\",\"urlTemplate\":\"https:\/\/fundasp.org.br\/radar\/?s={search_term_string}\"},\"query-input\":{\"@type\":\"PropertyValueSpecification\",\"valueRequired\":true,\"valueName\":\"search_term_string\"}}],\"inLanguage\":\"pt-BR\"},{\"@type\":\"Organization\",\"@id\":\"https:\/\/fundasp.org.br\/radar\/#organization\",\"name\":\"RADAR | Funda\u00e7\u00e3o S\u00e3o Paulo - FUNDASP\",\"url\":\"https:\/\/fundasp.org.br\/radar\/\",\"logo\":{\"@type\":\"ImageObject\",\"inLanguage\":\"pt-BR\",\"@id\":\"https:\/\/fundasp.org.br\/radar\/#\/schema\/logo\/image\/\",\"url\":\"https:\/\/radar.fundasp.org.br\/wp-content\/uploads\/2025\/02\/img50.webp\",\"contentUrl\":\"https:\/\/radar.fundasp.org.br\/wp-content\/uploads\/2025\/02\/img50.webp\",\"width\":650,\"height\":360,\"caption\":\"RADAR | Funda\u00e7\u00e3o S\u00e3o Paulo - FUNDASP\"},\"image\":{\"@id\":\"https:\/\/fundasp.org.br\/radar\/#\/schema\/logo\/image\/\"},\"sameAs\":[\"https:\/\/www.facebook.com\/Fundasp\/\",\"https:\/\/www.instagram.com\/fundacaosaopaulo\/\",\"https:\/\/br.linkedin.com\/company\/funda\u00e7\u00e3o-s\u00e3o-paulo\"]},{\"@type\":\"Person\",\"@id\":\"https:\/\/fundasp.org.br\/radar\/#\/schema\/person\/8c9e3deb42dccae5f4f7b7e796cfa03e\",\"name\":\"thais polato\",\"image\":{\"@type\":\"ImageObject\",\"inLanguage\":\"pt-BR\",\"@id\":\"https:\/\/secure.gravatar.com\/avatar\/ac558950c2302ee2529eec70b158436d8c86be25a46585805f7a070e213ff767?s=96&d=mm&r=g\",\"url\":\"https:\/\/secure.gravatar.com\/avatar\/ac558950c2302ee2529eec70b158436d8c86be25a46585805f7a070e213ff767?s=96&d=mm&r=g\",\"contentUrl\":\"https:\/\/secure.gravatar.com\/avatar\/ac558950c2302ee2529eec70b158436d8c86be25a46585805f7a070e213ff767?s=96&d=mm&r=g\",\"caption\":\"thais polato\"},\"url\":\"https:\/\/fundasp.org.br\/radar\/author\/thais-polato\/\"}]}<\/script>\n<!-- \/ Yoast SEO plugin. -->","yoast_head_json":{"title":"Assun\u00e7\u00e3o recebe reconhecimento ouro na Certifica\u00e7\u00e3o NAF 2026 | Radar FUNDASP","description":"No dia 16\/4, o Centro Universit\u00e1rio Assun\u00e7\u00e3o participou da Certifica\u00e7\u00e3o NAF 2026, promovido pela Superintend\u00eancia da Receita Federal da 8\u00aa Regi\u00e3o Fiscal,","robots":{"index":"index","follow":"follow","max-snippet":"max-snippet:-1","max-image-preview":"max-image-preview:large","max-video-preview":"max-video-preview:-1"},"canonical":"https:\/\/fundasp.org.br\/radar\/centro-universitario-assuncao-recebe-reconhecimento-ouro-na-certificacao-naf-2026\/","og_locale":"en_US","og_type":"article","og_title":"Assun\u00e7\u00e3o recebe reconhecimento ouro na Certifica\u00e7\u00e3o NAF 2026 | Radar FUNDASP","og_description":"No dia 16\/4, o Centro Universit\u00e1rio Assun\u00e7\u00e3o participou da Certifica\u00e7\u00e3o NAF 2026, promovido pela Superintend\u00eancia da Receita Federal da 8\u00aa Regi\u00e3o Fiscal,","og_url":"https:\/\/fundasp.org.br\/radar\/centro-universitario-assuncao-recebe-reconhecimento-ouro-na-certificacao-naf-2026\/","og_site_name":"Radar FUNDASP","article_publisher":"https:\/\/www.facebook.com\/Fundasp\/","article_published_time":"2026-04-30T08:51:28+00:00","article_modified_time":"2026-04-30T12:19:37+00:00","og_image":[{"width":650,"height":365,"url":"https:\/\/radar.fundasp.org.br\/wp-content\/uploads\/2026\/04\/4.jpg","type":"image\/jpeg"}],"author":"thais polato","twitter_card":"summary_large_image","schema":{"@context":"https:\/\/schema.org","@graph":[{"@type":"Article","@id":"https:\/\/fundasp.org.br\/radar\/centro-universitario-assuncao-recebe-reconhecimento-ouro-na-certificacao-naf-2026\/#article","isPartOf":{"@id":"https:\/\/fundasp.org.br\/radar\/centro-universitario-assuncao-recebe-reconhecimento-ouro-na-certificacao-naf-2026\/"},"author":{"name":"thais polato","@id":"https:\/\/fundasp.org.br\/radar\/#\/schema\/person\/8c9e3deb42dccae5f4f7b7e796cfa03e"},"headline":"Assun\u00e7\u00e3o recebe reconhecimento ouro na Certifica\u00e7\u00e3o NAF 2026","datePublished":"2026-04-30T08:51:28+00:00","dateModified":"2026-04-30T12:19:37+00:00","mainEntityOfPage":{"@id":"https:\/\/fundasp.org.br\/radar\/centro-universitario-assuncao-recebe-reconhecimento-ouro-na-certificacao-naf-2026\/"},"wordCount":442,"commentCount":0,"publisher":{"@id":"https:\/\/fundasp.org.br\/radar\/#organization"},"image":{"@id":"https:\/\/fundasp.org.br\/radar\/centro-universitario-assuncao-recebe-reconhecimento-ouro-na-certificacao-naf-2026\/#primaryimage"},"thumbnailUrl":"https:\/\/radar.fundasp.org.br\/wp-content\/uploads\/2026\/04\/4.jpg","articleSection":["ASSUN\u00c7\u00c3O","fundasp"],"inLanguage":"pt-BR","potentialAction":[{"@type":"CommentAction","name":"Comment","target":["https:\/\/fundasp.org.br\/radar\/centro-universitario-assuncao-recebe-reconhecimento-ouro-na-certificacao-naf-2026\/#respond"]}]},{"@type":"WebPage","@id":"https:\/\/fundasp.org.br\/radar\/centro-universitario-assuncao-recebe-reconhecimento-ouro-na-certificacao-naf-2026\/","url":"https:\/\/fundasp.org.br\/radar\/centro-universitario-assuncao-recebe-reconhecimento-ouro-na-certificacao-naf-2026\/","name":"Assun\u00e7\u00e3o recebe reconhecimento ouro na Certifica\u00e7\u00e3o NAF 2026 | Radar FUNDASP","isPartOf":{"@id":"https:\/\/fundasp.org.br\/radar\/#website"},"primaryImageOfPage":{"@id":"https:\/\/fundasp.org.br\/radar\/centro-universitario-assuncao-recebe-reconhecimento-ouro-na-certificacao-naf-2026\/#primaryimage"},"image":{"@id":"https:\/\/fundasp.org.br\/radar\/centro-universitario-assuncao-recebe-reconhecimento-ouro-na-certificacao-naf-2026\/#primaryimage"},"thumbnailUrl":"https:\/\/radar.fundasp.org.br\/wp-content\/uploads\/2026\/04\/4.jpg","datePublished":"2026-04-30T08:51:28+00:00","dateModified":"2026-04-30T12:19:37+00:00","description":"No dia 16\/4, o Centro Universit\u00e1rio Assun\u00e7\u00e3o participou da Certifica\u00e7\u00e3o NAF 2026, promovido pela Superintend\u00eancia da Receita Federal da 8\u00aa Regi\u00e3o Fiscal,","breadcrumb":{"@id":"https:\/\/fundasp.org.br\/radar\/centro-universitario-assuncao-recebe-reconhecimento-ouro-na-certificacao-naf-2026\/#breadcrumb"},"inLanguage":"pt-BR","potentialAction":[{"@type":"ReadAction","target":["https:\/\/fundasp.org.br\/radar\/centro-universitario-assuncao-recebe-reconhecimento-ouro-na-certificacao-naf-2026\/"]}]},{"@type":"ImageObject","inLanguage":"pt-BR","@id":"https:\/\/fundasp.org.br\/radar\/centro-universitario-assuncao-recebe-reconhecimento-ouro-na-certificacao-naf-2026\/#primaryimage","url":"https:\/\/radar.fundasp.org.br\/wp-content\/uploads\/2026\/04\/4.jpg","contentUrl":"https:\/\/radar.fundasp.org.br\/wp-content\/uploads\/2026\/04\/4.jpg","width":650,"height":365},{"@type":"BreadcrumbList","@id":"https:\/\/fundasp.org.br\/radar\/centro-universitario-assuncao-recebe-reconhecimento-ouro-na-certificacao-naf-2026\/#breadcrumb","itemListElement":[{"@type":"ListItem","position":1,"name":"Home","item":"https:\/\/fundasp.org.br\/radar\/"},{"@type":"ListItem","position":2,"name":"Assun\u00e7\u00e3o recebe reconhecimento ouro na Certifica\u00e7\u00e3o NAF 2026"}]},{"@type":"WebSite","@id":"https:\/\/fundasp.org.br\/radar\/#website","url":"https:\/\/fundasp.org.br\/radar\/","name":"RADAR | Funda\u00e7\u00e3o S\u00e3o Paulo - FUNDASP","description":"A FUNDA\u00c7\u00c3O S\u00c3O PAULO, Mantenedora da Pontif\u00edcia Universidade Cat\u00f3lica de S\u00e3o Paulo e desde 2019 do Centro Universit\u00e1rio Assun\u00e7\u00e3o, \u00e9 pessoa jur\u00eddica de fins n\u00e3o econ\u00f4micos, tendo sua sede na Capital do Estado de S\u00e3o Paulo.","publisher":{"@id":"https:\/\/fundasp.org.br\/radar\/#organization"},"alternateName":"fundasp.org.br\/radar\/","potentialAction":[{"@type":"SearchAction","target":{"@type":"EntryPoint","urlTemplate":"https:\/\/fundasp.org.br\/radar\/?s={search_term_string}"},"query-input":{"@type":"PropertyValueSpecification","valueRequired":true,"valueName":"search_term_string"}}],"inLanguage":"pt-BR"},{"@type":"Organization","@id":"https:\/\/fundasp.org.br\/radar\/#organization","name":"RADAR | Funda\u00e7\u00e3o S\u00e3o Paulo - FUNDASP","url":"https:\/\/fundasp.org.br\/radar\/","logo":{"@type":"ImageObject","inLanguage":"pt-BR","@id":"https:\/\/fundasp.org.br\/radar\/#\/schema\/logo\/image\/","url":"https:\/\/radar.fundasp.org.br\/wp-content\/uploads\/2025\/02\/img50.webp","contentUrl":"https:\/\/radar.fundasp.org.br\/wp-content\/uploads\/2025\/02\/img50.webp","width":650,"height":360,"caption":"RADAR | Funda\u00e7\u00e3o S\u00e3o Paulo - FUNDASP"},"image":{"@id":"https:\/\/fundasp.org.br\/radar\/#\/schema\/logo\/image\/"},"sameAs":["https:\/\/www.facebook.com\/Fundasp\/","https:\/\/www.instagram.com\/fundacaosaopaulo\/","https:\/\/br.linkedin.com\/company\/funda\u00e7\u00e3o-s\u00e3o-paulo"]},{"@type":"Person","@id":"https:\/\/fundasp.org.br\/radar\/#\/schema\/person\/8c9e3deb42dccae5f4f7b7e796cfa03e","name":"thais polato","image":{"@type":"ImageObject","inLanguage":"pt-BR","@id":"https:\/\/secure.gravatar.com\/avatar\/ac558950c2302ee2529eec70b158436d8c86be25a46585805f7a070e213ff767?s=96&d=mm&r=g","url":"https:\/\/secure.gravatar.com\/avatar\/ac558950c2302ee2529eec70b158436d8c86be25a46585805f7a070e213ff767?s=96&d=mm&r=g","contentUrl":"https:\/\/secure.gravatar.com\/avatar\/ac558950c2302ee2529eec70b158436d8c86be25a46585805f7a070e213ff767?s=96&d=mm&r=g","caption":"thais polato"},"url":"https:\/\/fundasp.org.br\/radar\/author\/thais-polato\/"}]}},"_links":{"self":[{"href":"https:\/\/fundasp.org.br\/radar\/wp-json\/wp\/v2\/posts\/3138","targetHints":{"allow":["GET"]}}],"collection":[{"href":"https:\/\/fundasp.org.br\/radar\/wp-json\/wp\/v2\/posts"}],"about":[{"href":"https:\/\/fundasp.org.br\/radar\/wp-json\/wp\/v2\/types\/post"}],"author":[{"embeddable":true,"href":"https:\/\/fundasp.org.br\/radar\/wp-json\/wp\/v2\/users\/11"}],"replies":[{"embeddable":true,"href":"https:\/\/fundasp.org.br\/radar\/wp-json\/wp\/v2\/comments?post=3138"}],"version-history":[{"count":5,"href":"https:\/\/fundasp.org.br\/radar\/wp-json\/wp\/v2\/posts\/3138\/revisions"}],"predecessor-version":[{"id":3156,"href":"https:\/\/fundasp.org.br\/radar\/wp-json\/wp\/v2\/posts\/3138\/revisions\/3156"}],"wp:featuredmedia":[{"embeddable":true,"href":"https:\/\/fundasp.org.br\/radar\/wp-json\/wp\/v2\/media\/3139"}],"wp:attachment":[{"href":"https:\/\/fundasp.org.br\/radar\/wp-json\/wp\/v2\/media?parent=3138"}],"wp:term":[{"taxonomy":"category","embeddable":true,"href":"https:\/\/fundasp.org.br\/radar\/wp-json\/wp\/v2\/categories?post=3138"},{"taxonomy":"post_tag","embeddable":true,"href":"https:\/\/fundasp.org.br\/radar\/wp-json\/wp\/v2\/tags?post=3138"}],"curies":[{"name":"wp","href":"https:\/\/api.w.org\/{rel}","templated":true}]}}