{"id":3153,"date":"2026-04-30T11:38:58","date_gmt":"2026-04-30T11:38:58","guid":{"rendered":"https:\/\/fundasp.org.br\/radar\/?p=3153"},"modified":"2026-04-30T21:04:58","modified_gmt":"2026-04-30T21:04:58","slug":"abertura-da-exposicao-sobre-genocidio-reforca-papel-das-mulheres-como-resistencia","status":"publish","type":"post","link":"https:\/\/fundasp.org.br\/radar\/abertura-da-exposicao-sobre-genocidio-reforca-papel-das-mulheres-como-resistencia\/","title":{"rendered":"Abertura da exposi\u00e7\u00e3o sobre genoc\u00eddio refor\u00e7a papel das mulheres como resist\u00eancia"},"content":{"rendered":"<p>&nbsp;<\/p>\n<p style=\"text-align: right;\"><em>\u201c&#8230;V\u00e1 em frente, destrua a Arm\u00eania. Veja se consegue.<br \/>\nEnvie-os para o deserto sem p\u00e3o nem \u00e1gua. Queime suas casas e igrejas.<br \/>\nEnt\u00e3o veja se eles n\u00e3o voltar\u00e3o a rir, cantar e orar.<br \/>\nPois quando dois deles se encontrarem em qualquer lugar do mundo,<br \/>\nveja se n\u00e3o criar\u00e3o uma Nova Arm\u00eania\u201d<br \/>\n<\/em>William Saroyan, em &#8220;O Arm\u00eanio e o Arm\u00eanio&#8221; (1935)<\/p>\n<p>&nbsp;<\/p>\n<p>Revisitar o passado sob novas perspectivas e garantir o engajamento cont\u00ednuo para que cesse a barb\u00e1rie. A abertura da exposi\u00e7\u00e3o <em>Mulheres e Genoc\u00eddio: da Persegui\u00e7\u00e3o ao Empoderamento<\/em>, realizada no \u00faltimo dia 29\/4, foi marcada pela emo\u00e7\u00e3o de descendentes de v\u00edtimas do genoc\u00eddio arm\u00eanio presentes ao evento e tamb\u00e9m pela certeza de que a luta contra esta grave viola\u00e7\u00e3o de direitos humanos segue necess\u00e1ria.<\/p>\n<p>No m\u00eas de abril o mundo inteiro rememora diversos genoc\u00eddios, especialmente o arm\u00eanio que tem como marco o 24 de abril e vitimou mais de 1,5 milh\u00e3o de pessoas, em 1915. Com fotografias de arquivos, narrativas pessoais e outros elementos a exposi\u00e7\u00e3o segue em cartaz no sagu\u00e3o da biblioteca do campus Monte Alegre da PUC-SP, at\u00e9 26\/6. Os documentos relatam o impacto universal do genoc\u00eddio, destacando o papel de resist\u00eancia e reconstru\u00e7\u00e3o exercido pelas mulheres nos casos da Arm\u00eania, de Ruanda e do holocausto (Shoah, em hebraico), buscando ainda contribuir para a preven\u00e7\u00e3o de novos crimes.<\/p>\n<p>Apresentada pela primeira vez no Brasil em L\u00edngua Portuguesa, a mostra realizada pela FUNDASP teve a colabora\u00e7\u00e3o do International Relations Office (IRO FUNDASP) e ocorre em parceria da doutoranda Nathalia Hovsepian com o \u00a0<strong><a href=\"https:\/\/www.genocide-museum.am\/\">Museu-Instituto do Genoc\u00eddio Arm\u00eanio (MIGA)<\/a><\/strong>\u00a0e o\u00a0<a href=\"https:\/\/zoryaninstitute.org\/\"><strong>Instituto Zoryan<\/strong><\/a>, vinculado \u00e0 Universidade de Toronto-Canad\u00e1, de onde ela \u00e9 egressa, al\u00e9m de parceria com a <strong><a href=\"https:\/\/ugab.org.br\/site\/\">Uni\u00e3o Geral Arm\u00eania de Benefici\u00eancia (UGAB)<\/a><\/strong>.<\/p>\n<p>Leia a seguir alguns depoimentos sobre a exposi\u00e7\u00e3o:<\/p>\n<p><strong>Pe. Jos\u00e9 Rodolpho Perazzolo, Diretor Executivo da FUNDASP<br \/>\n<\/strong><em>Esta exposi\u00e7\u00e3o vem ao encontro do estatuto da FUNDASP, que tem a defesa da vida como objetivo em seu artigo primeiro. A mostra de fotografias, textos e hist\u00f3rias nos permite lembrar a dor dos vitimados e tamb\u00e9m \u00e9 uma forma de manter nossa voz firme contra o genoc\u00eddio, crime mais hediondo que se pode perpetrar porque visa uma etnia, uma civiliza\u00e7\u00e3o, um povo. Formamos uma \u00fanica humanidade e devemos ser fraternos, independente de cor, ra\u00e7a, etnia, idade ou religi\u00e3o.<\/em><\/p>\n<p><strong>Armen Yeganian, Embaixador da Arm\u00eania no Brasil<\/strong><br \/>\n<em>Apesar dos in\u00fameros esfor\u00e7os, o genoc\u00eddio \u00e9 um crime que ainda persiste no mundo. No s\u00e9culo 21, continuamos a presenciar a intoler\u00e2ncia racial e \u00e9tnica, manifesta\u00e7\u00f5es de discursos de \u00f3dio e novas atrocidades em massa cometidas com base nesse princ\u00edpio. Agradecemos o apoio da FUNDASP e de todos as entidades envolvidas nesta exposi\u00e7\u00e3o. A Arm\u00eania sente a responsabilidade de permanecer engajada de forma consistente em iniciativas voltadas para o alerta precoce, a identifica\u00e7\u00e3o, a preven\u00e7\u00e3o e a elimina\u00e7\u00e3o desses crimes. <\/em><strong><a href=\"https:\/\/www.youtube.com\/watch?v=TLePm4wYa9g\">(clique aqui e veja o pronunciamento em v\u00eddeo, feito pelo embaixador para o evento)<\/a><\/strong><\/p>\n<p><strong>Rebeca Ciorniavei, Gerente do International Relations Office (IRO\/FUNDASP) e bisneta de sobreviventes do genoc\u00eddio arm\u00eanio<\/strong><br \/>\n<em>Organizar esta exposi\u00e7\u00e3o foi um desafio para o IRO e estou muito contente com o resultado que alcan\u00e7amos, com o protagonismo que pudemos dar \u00e0s mulheres e sua capacidade de resist\u00eancia. Como gerente do setor, temos realizado algumas a\u00e7\u00f5es com a Arm\u00eania, incluindo um <strong><a href=\"https:\/\/www.fundasp.org.br\/radar\/convenio-inedito-permite-cooperacao-academica-e-intercambio-com-universidade-da-armenia\/\">conv\u00eanio acad\u00eamico in\u00e9dito<\/a><\/strong> firmado em fevereiro deste ano. No in\u00edcio de abril, tamb\u00e9m tive a oportunidade de estar naquele pa\u00eds, em visita institucional \u00e0 Yerevan State University (YSU). \u00c9 uma grande emo\u00e7\u00e3o poder ver concretizada esta exposi\u00e7\u00e3o sobre um tema que me afeta profissional e pessoalmente.<\/em><\/p>\n<p><strong>Nath\u00e1lia Hovsepian, Mestre e Doutoranda em Direitos Humanos pela PUC-SP e descendente de sobreviventes do genoc\u00eddio arm\u00eanio<\/strong><br \/>\n<em>\u00c9 um privil\u00e9gio expor aqui na PUC-SP esse material, que \u00e9 extremamente valioso porque traz uma perspectiva inovadora dentro da pesquisa sobre o tema: um recorte feminino sobre o genoc\u00eddio. As mulheres normalmente s\u00e3o marginalizadas neste contexto de viol\u00eancia, invisibilizadas at\u00e9 mesmo quando est\u00e3o na posi\u00e7\u00e3o de agressoras. Apresentar esta exposi\u00e7\u00e3o na PUC-SP, universidade que tamb\u00e9m tem sua hist\u00f3ria marcada pela resist\u00eancia, deixa tudo ainda mais importante e interessante.<\/em><\/p>\n<p><strong>Katia Cristina Sarkisian, funcion\u00e1ria da PUC-SP e neta de sobreviventes do genoc\u00eddio arm\u00eanio<\/strong><br \/>\n<em>Estou muito emocionada, como funcion\u00e1ria, mulher e descendente de v\u00edtimas desta viol\u00eancia, em ver a exposi\u00e7\u00e3o na Universidade onde trabalho. J\u00e1 estive na Arm\u00eania, vi fotos como estas l\u00e1, mas ver as imagens aqui tamb\u00e9m me afeta de uma maneira muito especial. Elas me trazem um misto de tristeza e revolta, \u00e9 algo dif\u00edcil explicar, mas trazem tamb\u00e9m a felicidade de ver nossa hist\u00f3ria retratada, reconhecida.<\/em><\/p>\n<div  id=\"jtg-3162\" class=\"modula modula-gallery modula-columns\" data-config=\"{&quot;tabletHeight&quot;:800,&quot;mobileHeight&quot;:800,&quot;desktopHeight&quot;:800,&quot;enableTwitter&quot;:false,&quot;enableWhatsapp&quot;:false,&quot;enableFacebook&quot;:false,&quot;enablePinterest&quot;:false,&quot;enableLinkedin&quot;:false,&quot;enableEmail&quot;:false,&quot;randomFactor&quot;:0.5,&quot;type&quot;:&quot;grid&quot;,&quot;columns&quot;:12,&quot;gutter&quot;:10,&quot;mobileGutter&quot;:10,&quot;tabletGutter&quot;:10,&quot;desktopGutter&quot;:10,&quot;enableResponsive&quot;:true,&quot;tabletColumns&quot;:2,&quot;mobileColumns&quot;:1,&quot;lazyLoad&quot;:0,&quot;lightboxOpts&quot;:{&quot;animated&quot;:true,&quot;Thumbs&quot;:{&quot;type&quot;:&quot;modern&quot;,&quot;showOnStart&quot;:false},&quot;Toolbar&quot;:{&quot;display&quot;:{&quot;right&quot;:[&quot;close&quot;]},&quot;enabled&quot;:true},&quot;Carousel&quot;:{&quot;Panzoom&quot;:{&quot;touch&quot;:true},&quot;infinite&quot;:false},&quot;keyboard&quot;:{&quot;Escape&quot;:&quot;close&quot;,&quot;Delete&quot;:&quot;close&quot;,&quot;Backspace&quot;:&quot;close&quot;,&quot;PageUp&quot;:false,&quot;PageDown&quot;:false,&quot;ArrowUp&quot;:false,&quot;ArrowDown&quot;:false,&quot;ArrowRight&quot;:false,&quot;ArrowLeft&quot;:false},&quot;touch&quot;:false,&quot;backdropClick&quot;:false,&quot;l10n&quot;:{&quot;CLOSE&quot;:&quot;Close&quot;,&quot;NEXT&quot;:&quot;Next&quot;,&quot;PREV&quot;:&quot;Previous&quot;,&quot;Error&quot;:&quot;The requested content cannot be loaded. Please try again later.&quot;,&quot;PLAY_START&quot;:&quot;Start slideshow&quot;,&quot;PLAY_STOP&quot;:&quot;Pause slideshow&quot;,&quot;FULL_SCREEN&quot;:&quot;Full screen&quot;,&quot;THUMBS&quot;:&quot;Thumbnails&quot;,&quot;DOWNLOAD&quot;:&quot;Download&quot;,&quot;SHARE&quot;:&quot;Share&quot;,&quot;ZOOM&quot;:&quot;Zoom&quot;,&quot;EMAIL&quot;:&quot;Here is the link to the image : %%image_link%% and this is the link to the gallery : %%gallery_link%%&quot;,&quot;MODAL&quot;:&quot;You can close this modal content with the ESC key&quot;,&quot;ERROR&quot;:&quot;Something Went Wrong, Please Try Again Later&quot;,&quot;IMAGE_ERROR&quot;:&quot;Image Not Found&quot;,&quot;ELEMENT_NOT_FOUND&quot;:&quot;HTML Element Not Found&quot;,&quot;AJAX_NOT_FOUND&quot;:&quot;Error Loading AJAX : Not Found&quot;,&quot;AJAX_FORBIDDEN&quot;:&quot;Error Loading AJAX : Forbidden&quot;,&quot;IFRAME_ERROR&quot;:&quot;Error Loading Page&quot;,&quot;TOGGLE_ZOOM&quot;:&quot;Toggle zoom level&quot;,&quot;TOGGLE_THUMBS&quot;:&quot;Toggle thumbnails&quot;,&quot;TOGGLE_SLIDESHOW&quot;:&quot;Toggle slideshow&quot;,&quot;TOGGLE_FULLSCREEN&quot;:&quot;Toggle full-screen mode&quot;},&quot;Images&quot;:{&quot;Panzoom&quot;:{&quot;maxScale&quot;:2}},&quot;mainClass&quot;:&quot;modula-fancybox-container modula-lightbox-jtg-3162&quot;,&quot;Html&quot;:{&quot;videoAutoplay&quot;:0,&quot;videoTpl&quot;:&quot;&lt;video class=\\&quot;fancybox__html5video\\&quot; controls muted playsinline controlsList controlsList=\\&quot;nodownload\\&quot; poster=\\&quot;{{poster}}\\&quot; src=\\&quot;{{src}}\\&quot; type=\\&quot;{{format}}\\&quot; &gt;  Sorry, your browser doesn&#039;t support embedded videos, &lt;a href=\\&quot;{{src}}\\&quot;&gt; download &lt;\\\/a&gt; and watch with your favorite video player! &lt;\\\/video&gt;&quot;}},&quot;inView&quot;:false,&quot;email_subject&quot;:&quot;Check out this awesome image !!&quot;,&quot;email_message&quot;:&quot;Here is the link to the image : %%image_link%% and this is the link to the gallery : %%gallery_link%%&quot;,&quot;grid_type&quot;:&quot;automatic&quot;,&quot;rowHeight&quot;:250,&quot;lastRow&quot;:&quot;justify&quot;,&quot;lightbox&quot;:&quot;fancybox&quot;}\">\n\n\t\n\t<div  class=\"modula-items grid-gallery\">\n\t\t<div class=\"modula-item effect-pufrobo\" >\n\t<div class=\"modula-item-overlay\"><\/div>\n\n\t<div class=\"modula-item-content\">\n\n\t\t<a data-image-id=\"3163\" role=\"button\" tabindex=\"0\" rel=\"jtg-3162\" data-caption=\"\" aria-label=\"Open image in lightbox\" class=\"tile-inner modula-item-link\"><\/a><img loading=\"lazy\" decoding=\"async\" class=\"pic wp-image-3163\"  data-valign=\"middle\" data-halign=\"center\" alt=\"\" data-full=\"https:\/\/radar.fundasp.org.br\/wp-content\/uploads\/2026\/04\/album_exposicap-genocidio_1.jpg\" title=\"album_exposi\u00e7\u00e3p genoc\u00eddio_1\" crop=\"\" width=\"288\" height=\"360\" src=\"https:\/\/radar.fundasp.org.br\/wp-content\/uploads\/2026\/04\/album_exposicap-genocidio_1-288x360.jpg\" data-src=\"https:\/\/radar.fundasp.org.br\/wp-content\/uploads\/2026\/04\/album_exposicap-genocidio_1-288x360.jpg\" data-caption=\"\" srcset=\"https:\/\/radar.fundasp.org.br\/wp-content\/uploads\/2026\/04\/album_exposicap-genocidio_1.jpg 1080w, https:\/\/radar.fundasp.org.br\/wp-content\/uploads\/2026\/04\/album_exposicap-genocidio_1-288x360.jpg 288w, https:\/\/radar.fundasp.org.br\/wp-content\/uploads\/2026\/04\/album_exposicap-genocidio_1-400x500.jpg 400w, https:\/\/radar.fundasp.org.br\/wp-content\/uploads\/2026\/04\/album_exposicap-genocidio_1-768x960.jpg 768w, https:\/\/radar.fundasp.org.br\/wp-content\/uploads\/2026\/04\/album_exposicap-genocidio_1-200x250.jpg 200w\" sizes=\"auto, (max-width: 288px) 100vw, 288px\" \/>\n\t\t<div class=\"figc no-description\">\n\t\t\t<div class=\"figc-inner\">\n\t\t\t\t\t\t\t\t\t\t\t\t\t\t\t<\/div>\n\t\t<\/div>\n\n\t<\/div>\n\n<\/div><div class=\"modula-item effect-pufrobo\" >\n\t<div class=\"modula-item-overlay\"><\/div>\n\n\t<div class=\"modula-item-content\">\n\n\t\t<a data-image-id=\"3171\" role=\"button\" tabindex=\"0\" rel=\"jtg-3162\" data-caption=\"\" aria-label=\"Open image in lightbox\" class=\"tile-inner modula-item-link\"><\/a><img loading=\"lazy\" decoding=\"async\" class=\"pic wp-image-3171\"  data-valign=\"middle\" data-halign=\"center\" alt=\"\" data-full=\"https:\/\/radar.fundasp.org.br\/wp-content\/uploads\/2026\/04\/album_exposicap-genocidio_9.jpg\" title=\"album_exposi\u00e7\u00e3p genoc\u00eddio_9\" crop=\"\" width=\"288\" height=\"360\" src=\"https:\/\/radar.fundasp.org.br\/wp-content\/uploads\/2026\/04\/album_exposicap-genocidio_9-288x360.jpg\" data-src=\"https:\/\/radar.fundasp.org.br\/wp-content\/uploads\/2026\/04\/album_exposicap-genocidio_9-288x360.jpg\" data-caption=\"\" srcset=\"https:\/\/radar.fundasp.org.br\/wp-content\/uploads\/2026\/04\/album_exposicap-genocidio_9.jpg 1080w, https:\/\/radar.fundasp.org.br\/wp-content\/uploads\/2026\/04\/album_exposicap-genocidio_9-288x360.jpg 288w, https:\/\/radar.fundasp.org.br\/wp-content\/uploads\/2026\/04\/album_exposicap-genocidio_9-400x500.jpg 400w, https:\/\/radar.fundasp.org.br\/wp-content\/uploads\/2026\/04\/album_exposicap-genocidio_9-768x960.jpg 768w, https:\/\/radar.fundasp.org.br\/wp-content\/uploads\/2026\/04\/album_exposicap-genocidio_9-200x250.jpg 200w\" sizes=\"auto, (max-width: 288px) 100vw, 288px\" \/>\n\t\t<div class=\"figc no-description\">\n\t\t\t<div class=\"figc-inner\">\n\t\t\t\t\t\t\t\t\t\t\t\t\t\t\t<\/div>\n\t\t<\/div>\n\n\t<\/div>\n\n<\/div><div class=\"modula-item effect-pufrobo\" >\n\t<div class=\"modula-item-overlay\"><\/div>\n\n\t<div class=\"modula-item-content\">\n\n\t\t<a data-image-id=\"3166\" role=\"button\" tabindex=\"0\" rel=\"jtg-3162\" data-caption=\"\" aria-label=\"Open image in lightbox\" class=\"tile-inner modula-item-link\"><\/a><img loading=\"lazy\" decoding=\"async\" class=\"pic wp-image-3166\"  data-valign=\"middle\" data-halign=\"center\" alt=\"\" data-full=\"https:\/\/radar.fundasp.org.br\/wp-content\/uploads\/2026\/04\/album_exposicap-genocidio_4.jpg\" title=\"album_exposi\u00e7\u00e3p genoc\u00eddio_4\" crop=\"\" width=\"288\" height=\"360\" src=\"https:\/\/radar.fundasp.org.br\/wp-content\/uploads\/2026\/04\/album_exposicap-genocidio_4-288x360.jpg\" data-src=\"https:\/\/radar.fundasp.org.br\/wp-content\/uploads\/2026\/04\/album_exposicap-genocidio_4-288x360.jpg\" data-caption=\"\" srcset=\"https:\/\/radar.fundasp.org.br\/wp-content\/uploads\/2026\/04\/album_exposicap-genocidio_4.jpg 1080w, https:\/\/radar.fundasp.org.br\/wp-content\/uploads\/2026\/04\/album_exposicap-genocidio_4-288x360.jpg 288w, https:\/\/radar.fundasp.org.br\/wp-content\/uploads\/2026\/04\/album_exposicap-genocidio_4-400x500.jpg 400w, https:\/\/radar.fundasp.org.br\/wp-content\/uploads\/2026\/04\/album_exposicap-genocidio_4-768x960.jpg 768w, https:\/\/radar.fundasp.org.br\/wp-content\/uploads\/2026\/04\/album_exposicap-genocidio_4-200x250.jpg 200w\" sizes=\"auto, (max-width: 288px) 100vw, 288px\" \/>\n\t\t<div class=\"figc no-description\">\n\t\t\t<div class=\"figc-inner\">\n\t\t\t\t\t\t\t\t\t\t\t\t\t\t\t<\/div>\n\t\t<\/div>\n\n\t<\/div>\n\n<\/div><div class=\"modula-item effect-pufrobo\" >\n\t<div class=\"modula-item-overlay\"><\/div>\n\n\t<div class=\"modula-item-content\">\n\n\t\t<a data-image-id=\"3167\" role=\"button\" tabindex=\"0\" rel=\"jtg-3162\" data-caption=\"\" aria-label=\"Open image in lightbox\" class=\"tile-inner modula-item-link\"><\/a><img loading=\"lazy\" decoding=\"async\" class=\"pic wp-image-3167\"  data-valign=\"middle\" data-halign=\"center\" alt=\"\" data-full=\"https:\/\/radar.fundasp.org.br\/wp-content\/uploads\/2026\/04\/album_exposicap-genocidio_5.jpg\" title=\"album_exposi\u00e7\u00e3p genoc\u00eddio_5\" crop=\"\" width=\"288\" height=\"360\" src=\"https:\/\/radar.fundasp.org.br\/wp-content\/uploads\/2026\/04\/album_exposicap-genocidio_5-288x360.jpg\" data-src=\"https:\/\/radar.fundasp.org.br\/wp-content\/uploads\/2026\/04\/album_exposicap-genocidio_5-288x360.jpg\" data-caption=\"\" srcset=\"https:\/\/radar.fundasp.org.br\/wp-content\/uploads\/2026\/04\/album_exposicap-genocidio_5.jpg 1080w, https:\/\/radar.fundasp.org.br\/wp-content\/uploads\/2026\/04\/album_exposicap-genocidio_5-288x360.jpg 288w, https:\/\/radar.fundasp.org.br\/wp-content\/uploads\/2026\/04\/album_exposicap-genocidio_5-400x500.jpg 400w, https:\/\/radar.fundasp.org.br\/wp-content\/uploads\/2026\/04\/album_exposicap-genocidio_5-768x960.jpg 768w, https:\/\/radar.fundasp.org.br\/wp-content\/uploads\/2026\/04\/album_exposicap-genocidio_5-200x250.jpg 200w\" sizes=\"auto, (max-width: 288px) 100vw, 288px\" \/>\n\t\t<div class=\"figc no-description\">\n\t\t\t<div class=\"figc-inner\">\n\t\t\t\t\t\t\t\t\t\t\t\t\t\t\t<\/div>\n\t\t<\/div>\n\n\t<\/div>\n\n<\/div><div class=\"modula-item effect-pufrobo\" >\n\t<div class=\"modula-item-overlay\"><\/div>\n\n\t<div class=\"modula-item-content\">\n\n\t\t<a data-image-id=\"3168\" role=\"button\" tabindex=\"0\" rel=\"jtg-3162\" data-caption=\"\" aria-label=\"Open image in lightbox\" class=\"tile-inner modula-item-link\"><\/a><img loading=\"lazy\" decoding=\"async\" class=\"pic wp-image-3168\"  data-valign=\"middle\" data-halign=\"center\" alt=\"\" data-full=\"https:\/\/radar.fundasp.org.br\/wp-content\/uploads\/2026\/04\/album_exposicap-genocidio_6.jpg\" title=\"album_exposi\u00e7\u00e3p genoc\u00eddio_6\" crop=\"\" width=\"288\" height=\"360\" src=\"https:\/\/radar.fundasp.org.br\/wp-content\/uploads\/2026\/04\/album_exposicap-genocidio_6-288x360.jpg\" data-src=\"https:\/\/radar.fundasp.org.br\/wp-content\/uploads\/2026\/04\/album_exposicap-genocidio_6-288x360.jpg\" data-caption=\"\" srcset=\"https:\/\/radar.fundasp.org.br\/wp-content\/uploads\/2026\/04\/album_exposicap-genocidio_6.jpg 1080w, https:\/\/radar.fundasp.org.br\/wp-content\/uploads\/2026\/04\/album_exposicap-genocidio_6-288x360.jpg 288w, https:\/\/radar.fundasp.org.br\/wp-content\/uploads\/2026\/04\/album_exposicap-genocidio_6-400x500.jpg 400w, https:\/\/radar.fundasp.org.br\/wp-content\/uploads\/2026\/04\/album_exposicap-genocidio_6-768x960.jpg 768w, https:\/\/radar.fundasp.org.br\/wp-content\/uploads\/2026\/04\/album_exposicap-genocidio_6-200x250.jpg 200w\" sizes=\"auto, (max-width: 288px) 100vw, 288px\" \/>\n\t\t<div class=\"figc no-description\">\n\t\t\t<div class=\"figc-inner\">\n\t\t\t\t\t\t\t\t\t\t\t\t\t\t\t<\/div>\n\t\t<\/div>\n\n\t<\/div>\n\n<\/div><div class=\"modula-item effect-pufrobo\" >\n\t<div class=\"modula-item-overlay\"><\/div>\n\n\t<div class=\"modula-item-content\">\n\n\t\t<a data-image-id=\"3180\" role=\"button\" tabindex=\"0\" rel=\"jtg-3162\" data-caption=\"\" aria-label=\"Open image in lightbox\" class=\"tile-inner modula-item-link\"><\/a><img loading=\"lazy\" decoding=\"async\" class=\"pic wp-image-3180\"  data-valign=\"middle\" data-halign=\"center\" alt=\"\" data-full=\"https:\/\/radar.fundasp.org.br\/wp-content\/uploads\/2026\/04\/album_exposicap-genocidio_13.jpg\" title=\"album_exposi\u00e7\u00e3p genoc\u00eddio_13\" crop=\"\" width=\"288\" height=\"360\" src=\"https:\/\/radar.fundasp.org.br\/wp-content\/uploads\/2026\/04\/album_exposicap-genocidio_13-288x360.jpg\" data-src=\"https:\/\/radar.fundasp.org.br\/wp-content\/uploads\/2026\/04\/album_exposicap-genocidio_13-288x360.jpg\" data-caption=\"\" srcset=\"https:\/\/radar.fundasp.org.br\/wp-content\/uploads\/2026\/04\/album_exposicap-genocidio_13.jpg 1080w, https:\/\/radar.fundasp.org.br\/wp-content\/uploads\/2026\/04\/album_exposicap-genocidio_13-288x360.jpg 288w, https:\/\/radar.fundasp.org.br\/wp-content\/uploads\/2026\/04\/album_exposicap-genocidio_13-400x500.jpg 400w, https:\/\/radar.fundasp.org.br\/wp-content\/uploads\/2026\/04\/album_exposicap-genocidio_13-768x960.jpg 768w, https:\/\/radar.fundasp.org.br\/wp-content\/uploads\/2026\/04\/album_exposicap-genocidio_13-200x250.jpg 200w\" sizes=\"auto, (max-width: 288px) 100vw, 288px\" \/>\n\t\t<div class=\"figc no-description\">\n\t\t\t<div class=\"figc-inner\">\n\t\t\t\t\t\t\t\t\t\t\t\t\t\t\t<\/div>\n\t\t<\/div>\n\n\t<\/div>\n\n<\/div><div class=\"modula-item effect-pufrobo\" >\n\t<div class=\"modula-item-overlay\"><\/div>\n\n\t<div class=\"modula-item-content\">\n\n\t\t<a data-image-id=\"3173\" role=\"button\" tabindex=\"0\" rel=\"jtg-3162\" data-caption=\"\" aria-label=\"Open image in lightbox\" class=\"tile-inner modula-item-link\"><\/a><img loading=\"lazy\" decoding=\"async\" class=\"pic wp-image-3173\"  data-valign=\"middle\" data-halign=\"center\" alt=\"\" data-full=\"https:\/\/radar.fundasp.org.br\/wp-content\/uploads\/2026\/04\/album_exposicap-genocidio_10.jpg\" title=\"album_exposi\u00e7\u00e3p genoc\u00eddio_10\" crop=\"\" width=\"650\" height=\"360\" src=\"https:\/\/radar.fundasp.org.br\/wp-content\/uploads\/2026\/04\/album_exposicap-genocidio_10.jpg\" data-src=\"https:\/\/radar.fundasp.org.br\/wp-content\/uploads\/2026\/04\/album_exposicap-genocidio_10.jpg\" data-caption=\"\" srcset=\"https:\/\/radar.fundasp.org.br\/wp-content\/uploads\/2026\/04\/album_exposicap-genocidio_10.jpg 650w, https:\/\/radar.fundasp.org.br\/wp-content\/uploads\/2026\/04\/album_exposicap-genocidio_10-250x138.jpg 250w\" sizes=\"auto, (max-width: 650px) 100vw, 650px\" \/>\n\t\t<div class=\"figc no-description\">\n\t\t\t<div class=\"figc-inner\">\n\t\t\t\t\t\t\t\t\t\t\t\t\t\t\t<\/div>\n\t\t<\/div>\n\n\t<\/div>\n\n<\/div><div class=\"modula-item effect-pufrobo\" >\n\t<div class=\"modula-item-overlay\"><\/div>\n\n\t<div class=\"modula-item-content\">\n\n\t\t<a data-image-id=\"3174\" role=\"button\" tabindex=\"0\" rel=\"jtg-3162\" data-caption=\"\" aria-label=\"Open image in lightbox\" class=\"tile-inner modula-item-link\"><\/a><img loading=\"lazy\" decoding=\"async\" class=\"pic wp-image-3174\"  data-valign=\"middle\" data-halign=\"center\" alt=\"\" data-full=\"https:\/\/radar.fundasp.org.br\/wp-content\/uploads\/2026\/04\/album_exposicap-genocidio_11.jpg\" title=\"album_exposi\u00e7\u00e3p genoc\u00eddio_11\" crop=\"\" width=\"288\" height=\"360\" src=\"https:\/\/radar.fundasp.org.br\/wp-content\/uploads\/2026\/04\/album_exposicap-genocidio_11-288x360.jpg\" data-src=\"https:\/\/radar.fundasp.org.br\/wp-content\/uploads\/2026\/04\/album_exposicap-genocidio_11-288x360.jpg\" data-caption=\"\" srcset=\"https:\/\/radar.fundasp.org.br\/wp-content\/uploads\/2026\/04\/album_exposicap-genocidio_11.jpg 1080w, https:\/\/radar.fundasp.org.br\/wp-content\/uploads\/2026\/04\/album_exposicap-genocidio_11-288x360.jpg 288w, https:\/\/radar.fundasp.org.br\/wp-content\/uploads\/2026\/04\/album_exposicap-genocidio_11-400x500.jpg 400w, https:\/\/radar.fundasp.org.br\/wp-content\/uploads\/2026\/04\/album_exposicap-genocidio_11-768x960.jpg 768w, https:\/\/radar.fundasp.org.br\/wp-content\/uploads\/2026\/04\/album_exposicap-genocidio_11-200x250.jpg 200w\" sizes=\"auto, (max-width: 288px) 100vw, 288px\" \/>\n\t\t<div class=\"figc no-description\">\n\t\t\t<div class=\"figc-inner\">\n\t\t\t\t\t\t\t\t\t\t\t\t\t\t\t<\/div>\n\t\t<\/div>\n\n\t<\/div>\n\n<\/div><div class=\"modula-item effect-pufrobo\" >\n\t<div class=\"modula-item-overlay\"><\/div>\n\n\t<div class=\"modula-item-content\">\n\n\t\t<a data-image-id=\"3164\" role=\"button\" tabindex=\"0\" rel=\"jtg-3162\" data-caption=\"\" aria-label=\"Open image in lightbox\" class=\"tile-inner modula-item-link\"><\/a><img loading=\"lazy\" decoding=\"async\" class=\"pic wp-image-3164\"  data-valign=\"middle\" data-halign=\"center\" alt=\"\" data-full=\"https:\/\/radar.fundasp.org.br\/wp-content\/uploads\/2026\/04\/album_exposicap-genocidio_2.jpg\" title=\"album_exposi\u00e7\u00e3p genoc\u00eddio_2\" crop=\"\" width=\"288\" height=\"360\" src=\"https:\/\/radar.fundasp.org.br\/wp-content\/uploads\/2026\/04\/album_exposicap-genocidio_2-288x360.jpg\" data-src=\"https:\/\/radar.fundasp.org.br\/wp-content\/uploads\/2026\/04\/album_exposicap-genocidio_2-288x360.jpg\" data-caption=\"\" srcset=\"https:\/\/radar.fundasp.org.br\/wp-content\/uploads\/2026\/04\/album_exposicap-genocidio_2.jpg 1080w, https:\/\/radar.fundasp.org.br\/wp-content\/uploads\/2026\/04\/album_exposicap-genocidio_2-288x360.jpg 288w, https:\/\/radar.fundasp.org.br\/wp-content\/uploads\/2026\/04\/album_exposicap-genocidio_2-400x500.jpg 400w, https:\/\/radar.fundasp.org.br\/wp-content\/uploads\/2026\/04\/album_exposicap-genocidio_2-768x960.jpg 768w, https:\/\/radar.fundasp.org.br\/wp-content\/uploads\/2026\/04\/album_exposicap-genocidio_2-200x250.jpg 200w\" sizes=\"auto, (max-width: 288px) 100vw, 288px\" \/>\n\t\t<div class=\"figc no-description\">\n\t\t\t<div class=\"figc-inner\">\n\t\t\t\t\t\t\t\t\t\t\t\t\t\t\t<\/div>\n\t\t<\/div>\n\n\t<\/div>\n\n<\/div><div class=\"modula-item effect-pufrobo\" >\n\t<div class=\"modula-item-overlay\"><\/div>\n\n\t<div class=\"modula-item-content\">\n\n\t\t<a data-image-id=\"3170\" role=\"button\" tabindex=\"0\" rel=\"jtg-3162\" data-caption=\"\" aria-label=\"Open image in lightbox\" class=\"tile-inner modula-item-link\"><\/a><img loading=\"lazy\" decoding=\"async\" class=\"pic wp-image-3170\"  data-valign=\"middle\" data-halign=\"center\" alt=\"\" data-full=\"https:\/\/radar.fundasp.org.br\/wp-content\/uploads\/2026\/04\/album_exposicap-genocidio_8.jpg\" title=\"album_exposi\u00e7\u00e3p genoc\u00eddio_8\" crop=\"\" width=\"288\" height=\"360\" src=\"https:\/\/radar.fundasp.org.br\/wp-content\/uploads\/2026\/04\/album_exposicap-genocidio_8-288x360.jpg\" data-src=\"https:\/\/radar.fundasp.org.br\/wp-content\/uploads\/2026\/04\/album_exposicap-genocidio_8-288x360.jpg\" data-caption=\"\" srcset=\"https:\/\/radar.fundasp.org.br\/wp-content\/uploads\/2026\/04\/album_exposicap-genocidio_8.jpg 1080w, https:\/\/radar.fundasp.org.br\/wp-content\/uploads\/2026\/04\/album_exposicap-genocidio_8-288x360.jpg 288w, https:\/\/radar.fundasp.org.br\/wp-content\/uploads\/2026\/04\/album_exposicap-genocidio_8-400x500.jpg 400w, https:\/\/radar.fundasp.org.br\/wp-content\/uploads\/2026\/04\/album_exposicap-genocidio_8-768x960.jpg 768w, https:\/\/radar.fundasp.org.br\/wp-content\/uploads\/2026\/04\/album_exposicap-genocidio_8-200x250.jpg 200w\" sizes=\"auto, (max-width: 288px) 100vw, 288px\" \/>\n\t\t<div class=\"figc no-description\">\n\t\t\t<div class=\"figc-inner\">\n\t\t\t\t\t\t\t\t\t\t\t\t\t\t\t<\/div>\n\t\t<\/div>\n\n\t<\/div>\n\n<\/div><div class=\"modula-item effect-pufrobo\" >\n\t<div class=\"modula-item-overlay\"><\/div>\n\n\t<div class=\"modula-item-content\">\n\n\t\t<a data-image-id=\"3169\" role=\"button\" tabindex=\"0\" rel=\"jtg-3162\" data-caption=\"\" aria-label=\"Open image in lightbox\" class=\"tile-inner modula-item-link\"><\/a><img loading=\"lazy\" decoding=\"async\" class=\"pic wp-image-3169\"  data-valign=\"middle\" data-halign=\"center\" alt=\"\" data-full=\"https:\/\/radar.fundasp.org.br\/wp-content\/uploads\/2026\/04\/album_exposicap-genocidio_7.jpg\" title=\"album_exposi\u00e7\u00e3p genoc\u00eddio_7\" crop=\"\" width=\"288\" height=\"360\" src=\"https:\/\/radar.fundasp.org.br\/wp-content\/uploads\/2026\/04\/album_exposicap-genocidio_7-288x360.jpg\" data-src=\"https:\/\/radar.fundasp.org.br\/wp-content\/uploads\/2026\/04\/album_exposicap-genocidio_7-288x360.jpg\" data-caption=\"\" srcset=\"https:\/\/radar.fundasp.org.br\/wp-content\/uploads\/2026\/04\/album_exposicap-genocidio_7.jpg 1080w, https:\/\/radar.fundasp.org.br\/wp-content\/uploads\/2026\/04\/album_exposicap-genocidio_7-288x360.jpg 288w, https:\/\/radar.fundasp.org.br\/wp-content\/uploads\/2026\/04\/album_exposicap-genocidio_7-400x500.jpg 400w, https:\/\/radar.fundasp.org.br\/wp-content\/uploads\/2026\/04\/album_exposicap-genocidio_7-768x960.jpg 768w, https:\/\/radar.fundasp.org.br\/wp-content\/uploads\/2026\/04\/album_exposicap-genocidio_7-200x250.jpg 200w\" sizes=\"auto, (max-width: 288px) 100vw, 288px\" \/>\n\t\t<div class=\"figc no-description\">\n\t\t\t<div class=\"figc-inner\">\n\t\t\t\t\t\t\t\t\t\t\t\t\t\t\t<\/div>\n\t\t<\/div>\n\n\t<\/div>\n\n<\/div>\t\t\n\t<\/div>\n\n\t\n\t\n\t<script type=\"application\/ld+json\">\n\t{\n\t\t\"@context\": \"http:\/\/schema.org\",\n\t\t\"@type\"   : \"ImageGallery\",\n\t\t\"id\"      : \"https:\/\/fundasp.org.br\/radar\/abertura-da-exposicao-sobre-genocidio-reforca-papel-das-mulheres-como-resistencia\/\",\n\t\t\"url\"     : \"https:\/\/fundasp.org.br\/radar\/abertura-da-exposicao-sobre-genocidio-reforca-papel-das-mulheres-como-resistencia\/\"\n\t}\n\n\t<\/script>\n\n\t\n<\/div>\n\n<p>&nbsp;<\/p>\n<p>&nbsp;<\/p>\n","protected":false},"excerpt":{"rendered":"<p>&nbsp; \u201c&#8230;V\u00e1 em frente, destrua a Arm\u00eania. Veja se consegue. Envie-os para o deserto sem p\u00e3o nem \u00e1gua. Queime suas casas e igrejas. Ent\u00e3o veja se eles n\u00e3o voltar\u00e3o a rir, cantar e orar. Pois quando dois deles se encontrarem em qualquer lugar do mundo, veja se n\u00e3o criar\u00e3o uma Nova Arm\u00eania\u201d William Saroyan, em [&hellip;]<\/p>\n","protected":false},"author":11,"featured_media":3177,"comment_status":"open","ping_status":"open","sticky":false,"template":"","format":"standard","meta":{"footnotes":""},"categories":[9],"tags":[],"class_list":["post-3153","post","type-post","status-publish","format-standard","has-post-thumbnail","hentry","category-fundasp"],"yoast_head":"<!-- This site is optimized with the Yoast SEO plugin v27.2 - https:\/\/yoast.com\/product\/yoast-seo-wordpress\/ -->\n<title>Abertura da exposi\u00e7\u00e3o sobre genoc\u00eddio refor\u00e7a papel das mulheres como resist\u00eancia | Radar FUNDASP<\/title>\n<meta name=\"description\" content=\"&nbsp; \u201c...V\u00e1 em frente, destrua a Arm\u00eania. Veja se consegue. Envie-os para o deserto sem p\u00e3o nem \u00e1gua. Queime suas casas e igrejas. Ent\u00e3o veja se eles\" \/>\n<meta name=\"robots\" content=\"index, follow, max-snippet:-1, max-image-preview:large, max-video-preview:-1\" \/>\n<link rel=\"canonical\" href=\"https:\/\/fundasp.org.br\/radar\/abertura-da-exposicao-sobre-genocidio-reforca-papel-das-mulheres-como-resistencia\/\" \/>\n<meta property=\"og:locale\" content=\"en_US\" \/>\n<meta property=\"og:type\" content=\"article\" \/>\n<meta property=\"og:title\" content=\"Abertura da exposi\u00e7\u00e3o sobre genoc\u00eddio refor\u00e7a papel das mulheres como resist\u00eancia | Radar FUNDASP\" \/>\n<meta property=\"og:description\" content=\"&nbsp; \u201c...V\u00e1 em frente, destrua a Arm\u00eania. Veja se consegue. Envie-os para o deserto sem p\u00e3o nem \u00e1gua. Queime suas casas e igrejas. Ent\u00e3o veja se eles\" \/>\n<meta property=\"og:url\" content=\"https:\/\/fundasp.org.br\/radar\/abertura-da-exposicao-sobre-genocidio-reforca-papel-das-mulheres-como-resistencia\/\" \/>\n<meta property=\"og:site_name\" content=\"Radar FUNDASP\" \/>\n<meta property=\"article:publisher\" content=\"https:\/\/www.facebook.com\/Fundasp\/\" \/>\n<meta property=\"article:published_time\" content=\"2026-04-30T11:38:58+00:00\" \/>\n<meta property=\"article:modified_time\" content=\"2026-04-30T21:04:58+00:00\" \/>\n<meta property=\"og:image\" content=\"https:\/\/radar.fundasp.org.br\/wp-content\/uploads\/2025\/04\/album_exposicap-genocidio_RADAR-2.jpg\" \/>\n\t<meta property=\"og:image:width\" content=\"650\" \/>\n\t<meta property=\"og:image:height\" content=\"360\" \/>\n\t<meta property=\"og:image:type\" content=\"image\/jpeg\" \/>\n<meta name=\"author\" content=\"thais polato\" \/>\n<meta name=\"twitter:card\" content=\"summary_large_image\" \/>\n<script type=\"application\/ld+json\" class=\"yoast-schema-graph\">{\"@context\":\"https:\/\/schema.org\",\"@graph\":[{\"@type\":\"Article\",\"@id\":\"https:\/\/fundasp.org.br\/radar\/abertura-da-exposicao-sobre-genocidio-reforca-papel-das-mulheres-como-resistencia\/#article\",\"isPartOf\":{\"@id\":\"https:\/\/fundasp.org.br\/radar\/abertura-da-exposicao-sobre-genocidio-reforca-papel-das-mulheres-como-resistencia\/\"},\"author\":{\"name\":\"thais polato\",\"@id\":\"https:\/\/fundasp.org.br\/radar\/#\/schema\/person\/8c9e3deb42dccae5f4f7b7e796cfa03e\"},\"headline\":\"Abertura da exposi\u00e7\u00e3o sobre genoc\u00eddio refor\u00e7a papel das mulheres como resist\u00eancia\",\"datePublished\":\"2026-04-30T11:38:58+00:00\",\"dateModified\":\"2026-04-30T21:04:58+00:00\",\"mainEntityOfPage\":{\"@id\":\"https:\/\/fundasp.org.br\/radar\/abertura-da-exposicao-sobre-genocidio-reforca-papel-das-mulheres-como-resistencia\/\"},\"wordCount\":857,\"commentCount\":0,\"publisher\":{\"@id\":\"https:\/\/fundasp.org.br\/radar\/#organization\"},\"image\":{\"@id\":\"https:\/\/fundasp.org.br\/radar\/abertura-da-exposicao-sobre-genocidio-reforca-papel-das-mulheres-como-resistencia\/#primaryimage\"},\"thumbnailUrl\":\"https:\/\/radar.fundasp.org.br\/wp-content\/uploads\/2025\/04\/album_exposicap-genocidio_RADAR-2.jpg\",\"articleSection\":[\"fundasp\"],\"inLanguage\":\"pt-BR\",\"potentialAction\":[{\"@type\":\"CommentAction\",\"name\":\"Comment\",\"target\":[\"https:\/\/fundasp.org.br\/radar\/abertura-da-exposicao-sobre-genocidio-reforca-papel-das-mulheres-como-resistencia\/#respond\"]}]},{\"@type\":\"WebPage\",\"@id\":\"https:\/\/fundasp.org.br\/radar\/abertura-da-exposicao-sobre-genocidio-reforca-papel-das-mulheres-como-resistencia\/\",\"url\":\"https:\/\/fundasp.org.br\/radar\/abertura-da-exposicao-sobre-genocidio-reforca-papel-das-mulheres-como-resistencia\/\",\"name\":\"Abertura da exposi\u00e7\u00e3o sobre genoc\u00eddio refor\u00e7a papel das mulheres como resist\u00eancia | Radar FUNDASP\",\"isPartOf\":{\"@id\":\"https:\/\/fundasp.org.br\/radar\/#website\"},\"primaryImageOfPage\":{\"@id\":\"https:\/\/fundasp.org.br\/radar\/abertura-da-exposicao-sobre-genocidio-reforca-papel-das-mulheres-como-resistencia\/#primaryimage\"},\"image\":{\"@id\":\"https:\/\/fundasp.org.br\/radar\/abertura-da-exposicao-sobre-genocidio-reforca-papel-das-mulheres-como-resistencia\/#primaryimage\"},\"thumbnailUrl\":\"https:\/\/radar.fundasp.org.br\/wp-content\/uploads\/2025\/04\/album_exposicap-genocidio_RADAR-2.jpg\",\"datePublished\":\"2026-04-30T11:38:58+00:00\",\"dateModified\":\"2026-04-30T21:04:58+00:00\",\"description\":\"&nbsp; \u201c...V\u00e1 em frente, destrua a Arm\u00eania. Veja se consegue. Envie-os para o deserto sem p\u00e3o nem \u00e1gua. Queime suas casas e igrejas. Ent\u00e3o veja se eles\",\"breadcrumb\":{\"@id\":\"https:\/\/fundasp.org.br\/radar\/abertura-da-exposicao-sobre-genocidio-reforca-papel-das-mulheres-como-resistencia\/#breadcrumb\"},\"inLanguage\":\"pt-BR\",\"potentialAction\":[{\"@type\":\"ReadAction\",\"target\":[\"https:\/\/fundasp.org.br\/radar\/abertura-da-exposicao-sobre-genocidio-reforca-papel-das-mulheres-como-resistencia\/\"]}]},{\"@type\":\"ImageObject\",\"inLanguage\":\"pt-BR\",\"@id\":\"https:\/\/fundasp.org.br\/radar\/abertura-da-exposicao-sobre-genocidio-reforca-papel-das-mulheres-como-resistencia\/#primaryimage\",\"url\":\"https:\/\/radar.fundasp.org.br\/wp-content\/uploads\/2025\/04\/album_exposicap-genocidio_RADAR-2.jpg\",\"contentUrl\":\"https:\/\/radar.fundasp.org.br\/wp-content\/uploads\/2025\/04\/album_exposicap-genocidio_RADAR-2.jpg\",\"width\":650,\"height\":360},{\"@type\":\"BreadcrumbList\",\"@id\":\"https:\/\/fundasp.org.br\/radar\/abertura-da-exposicao-sobre-genocidio-reforca-papel-das-mulheres-como-resistencia\/#breadcrumb\",\"itemListElement\":[{\"@type\":\"ListItem\",\"position\":1,\"name\":\"Home\",\"item\":\"https:\/\/fundasp.org.br\/radar\/\"},{\"@type\":\"ListItem\",\"position\":2,\"name\":\"Abertura da exposi\u00e7\u00e3o sobre genoc\u00eddio refor\u00e7a papel das mulheres como resist\u00eancia\"}]},{\"@type\":\"WebSite\",\"@id\":\"https:\/\/fundasp.org.br\/radar\/#website\",\"url\":\"https:\/\/fundasp.org.br\/radar\/\",\"name\":\"RADAR | Funda\u00e7\u00e3o S\u00e3o Paulo - FUNDASP\",\"description\":\"A FUNDA\u00c7\u00c3O S\u00c3O PAULO, Mantenedora da Pontif\u00edcia Universidade Cat\u00f3lica de S\u00e3o Paulo e desde 2019 do Centro Universit\u00e1rio Assun\u00e7\u00e3o, \u00e9 pessoa jur\u00eddica de fins n\u00e3o econ\u00f4micos, tendo sua sede na Capital do Estado de S\u00e3o Paulo.\",\"publisher\":{\"@id\":\"https:\/\/fundasp.org.br\/radar\/#organization\"},\"alternateName\":\"fundasp.org.br\/radar\/\",\"potentialAction\":[{\"@type\":\"SearchAction\",\"target\":{\"@type\":\"EntryPoint\",\"urlTemplate\":\"https:\/\/fundasp.org.br\/radar\/?s={search_term_string}\"},\"query-input\":{\"@type\":\"PropertyValueSpecification\",\"valueRequired\":true,\"valueName\":\"search_term_string\"}}],\"inLanguage\":\"pt-BR\"},{\"@type\":\"Organization\",\"@id\":\"https:\/\/fundasp.org.br\/radar\/#organization\",\"name\":\"RADAR | Funda\u00e7\u00e3o S\u00e3o Paulo - FUNDASP\",\"url\":\"https:\/\/fundasp.org.br\/radar\/\",\"logo\":{\"@type\":\"ImageObject\",\"inLanguage\":\"pt-BR\",\"@id\":\"https:\/\/fundasp.org.br\/radar\/#\/schema\/logo\/image\/\",\"url\":\"https:\/\/radar.fundasp.org.br\/wp-content\/uploads\/2025\/02\/img50.webp\",\"contentUrl\":\"https:\/\/radar.fundasp.org.br\/wp-content\/uploads\/2025\/02\/img50.webp\",\"width\":650,\"height\":360,\"caption\":\"RADAR | Funda\u00e7\u00e3o S\u00e3o Paulo - FUNDASP\"},\"image\":{\"@id\":\"https:\/\/fundasp.org.br\/radar\/#\/schema\/logo\/image\/\"},\"sameAs\":[\"https:\/\/www.facebook.com\/Fundasp\/\",\"https:\/\/www.instagram.com\/fundacaosaopaulo\/\",\"https:\/\/br.linkedin.com\/company\/funda\u00e7\u00e3o-s\u00e3o-paulo\"]},{\"@type\":\"Person\",\"@id\":\"https:\/\/fundasp.org.br\/radar\/#\/schema\/person\/8c9e3deb42dccae5f4f7b7e796cfa03e\",\"name\":\"thais polato\",\"image\":{\"@type\":\"ImageObject\",\"inLanguage\":\"pt-BR\",\"@id\":\"https:\/\/secure.gravatar.com\/avatar\/ac558950c2302ee2529eec70b158436d8c86be25a46585805f7a070e213ff767?s=96&d=mm&r=g\",\"url\":\"https:\/\/secure.gravatar.com\/avatar\/ac558950c2302ee2529eec70b158436d8c86be25a46585805f7a070e213ff767?s=96&d=mm&r=g\",\"contentUrl\":\"https:\/\/secure.gravatar.com\/avatar\/ac558950c2302ee2529eec70b158436d8c86be25a46585805f7a070e213ff767?s=96&d=mm&r=g\",\"caption\":\"thais polato\"},\"url\":\"https:\/\/fundasp.org.br\/radar\/author\/thais-polato\/\"}]}<\/script>\n<!-- \/ Yoast SEO plugin. -->","yoast_head_json":{"title":"Abertura da exposi\u00e7\u00e3o sobre genoc\u00eddio refor\u00e7a papel das mulheres como resist\u00eancia | Radar FUNDASP","description":"&nbsp; \u201c...V\u00e1 em frente, destrua a Arm\u00eania. Veja se consegue. Envie-os para o deserto sem p\u00e3o nem \u00e1gua. Queime suas casas e igrejas. Ent\u00e3o veja se eles","robots":{"index":"index","follow":"follow","max-snippet":"max-snippet:-1","max-image-preview":"max-image-preview:large","max-video-preview":"max-video-preview:-1"},"canonical":"https:\/\/fundasp.org.br\/radar\/abertura-da-exposicao-sobre-genocidio-reforca-papel-das-mulheres-como-resistencia\/","og_locale":"en_US","og_type":"article","og_title":"Abertura da exposi\u00e7\u00e3o sobre genoc\u00eddio refor\u00e7a papel das mulheres como resist\u00eancia | Radar FUNDASP","og_description":"&nbsp; \u201c...V\u00e1 em frente, destrua a Arm\u00eania. Veja se consegue. Envie-os para o deserto sem p\u00e3o nem \u00e1gua. Queime suas casas e igrejas. Ent\u00e3o veja se eles","og_url":"https:\/\/fundasp.org.br\/radar\/abertura-da-exposicao-sobre-genocidio-reforca-papel-das-mulheres-como-resistencia\/","og_site_name":"Radar FUNDASP","article_publisher":"https:\/\/www.facebook.com\/Fundasp\/","article_published_time":"2026-04-30T11:38:58+00:00","article_modified_time":"2026-04-30T21:04:58+00:00","og_image":[{"width":650,"height":360,"url":"https:\/\/radar.fundasp.org.br\/wp-content\/uploads\/2025\/04\/album_exposicap-genocidio_RADAR-2.jpg","type":"image\/jpeg"}],"author":"thais polato","twitter_card":"summary_large_image","schema":{"@context":"https:\/\/schema.org","@graph":[{"@type":"Article","@id":"https:\/\/fundasp.org.br\/radar\/abertura-da-exposicao-sobre-genocidio-reforca-papel-das-mulheres-como-resistencia\/#article","isPartOf":{"@id":"https:\/\/fundasp.org.br\/radar\/abertura-da-exposicao-sobre-genocidio-reforca-papel-das-mulheres-como-resistencia\/"},"author":{"name":"thais polato","@id":"https:\/\/fundasp.org.br\/radar\/#\/schema\/person\/8c9e3deb42dccae5f4f7b7e796cfa03e"},"headline":"Abertura da exposi\u00e7\u00e3o sobre genoc\u00eddio refor\u00e7a papel das mulheres como resist\u00eancia","datePublished":"2026-04-30T11:38:58+00:00","dateModified":"2026-04-30T21:04:58+00:00","mainEntityOfPage":{"@id":"https:\/\/fundasp.org.br\/radar\/abertura-da-exposicao-sobre-genocidio-reforca-papel-das-mulheres-como-resistencia\/"},"wordCount":857,"commentCount":0,"publisher":{"@id":"https:\/\/fundasp.org.br\/radar\/#organization"},"image":{"@id":"https:\/\/fundasp.org.br\/radar\/abertura-da-exposicao-sobre-genocidio-reforca-papel-das-mulheres-como-resistencia\/#primaryimage"},"thumbnailUrl":"https:\/\/radar.fundasp.org.br\/wp-content\/uploads\/2025\/04\/album_exposicap-genocidio_RADAR-2.jpg","articleSection":["fundasp"],"inLanguage":"pt-BR","potentialAction":[{"@type":"CommentAction","name":"Comment","target":["https:\/\/fundasp.org.br\/radar\/abertura-da-exposicao-sobre-genocidio-reforca-papel-das-mulheres-como-resistencia\/#respond"]}]},{"@type":"WebPage","@id":"https:\/\/fundasp.org.br\/radar\/abertura-da-exposicao-sobre-genocidio-reforca-papel-das-mulheres-como-resistencia\/","url":"https:\/\/fundasp.org.br\/radar\/abertura-da-exposicao-sobre-genocidio-reforca-papel-das-mulheres-como-resistencia\/","name":"Abertura da exposi\u00e7\u00e3o sobre genoc\u00eddio refor\u00e7a papel das mulheres como resist\u00eancia | Radar FUNDASP","isPartOf":{"@id":"https:\/\/fundasp.org.br\/radar\/#website"},"primaryImageOfPage":{"@id":"https:\/\/fundasp.org.br\/radar\/abertura-da-exposicao-sobre-genocidio-reforca-papel-das-mulheres-como-resistencia\/#primaryimage"},"image":{"@id":"https:\/\/fundasp.org.br\/radar\/abertura-da-exposicao-sobre-genocidio-reforca-papel-das-mulheres-como-resistencia\/#primaryimage"},"thumbnailUrl":"https:\/\/radar.fundasp.org.br\/wp-content\/uploads\/2025\/04\/album_exposicap-genocidio_RADAR-2.jpg","datePublished":"2026-04-30T11:38:58+00:00","dateModified":"2026-04-30T21:04:58+00:00","description":"&nbsp; \u201c...V\u00e1 em frente, destrua a Arm\u00eania. Veja se consegue. Envie-os para o deserto sem p\u00e3o nem \u00e1gua. Queime suas casas e igrejas. Ent\u00e3o veja se eles","breadcrumb":{"@id":"https:\/\/fundasp.org.br\/radar\/abertura-da-exposicao-sobre-genocidio-reforca-papel-das-mulheres-como-resistencia\/#breadcrumb"},"inLanguage":"pt-BR","potentialAction":[{"@type":"ReadAction","target":["https:\/\/fundasp.org.br\/radar\/abertura-da-exposicao-sobre-genocidio-reforca-papel-das-mulheres-como-resistencia\/"]}]},{"@type":"ImageObject","inLanguage":"pt-BR","@id":"https:\/\/fundasp.org.br\/radar\/abertura-da-exposicao-sobre-genocidio-reforca-papel-das-mulheres-como-resistencia\/#primaryimage","url":"https:\/\/radar.fundasp.org.br\/wp-content\/uploads\/2025\/04\/album_exposicap-genocidio_RADAR-2.jpg","contentUrl":"https:\/\/radar.fundasp.org.br\/wp-content\/uploads\/2025\/04\/album_exposicap-genocidio_RADAR-2.jpg","width":650,"height":360},{"@type":"BreadcrumbList","@id":"https:\/\/fundasp.org.br\/radar\/abertura-da-exposicao-sobre-genocidio-reforca-papel-das-mulheres-como-resistencia\/#breadcrumb","itemListElement":[{"@type":"ListItem","position":1,"name":"Home","item":"https:\/\/fundasp.org.br\/radar\/"},{"@type":"ListItem","position":2,"name":"Abertura da exposi\u00e7\u00e3o sobre genoc\u00eddio refor\u00e7a papel das mulheres como resist\u00eancia"}]},{"@type":"WebSite","@id":"https:\/\/fundasp.org.br\/radar\/#website","url":"https:\/\/fundasp.org.br\/radar\/","name":"RADAR | Funda\u00e7\u00e3o S\u00e3o Paulo - FUNDASP","description":"A FUNDA\u00c7\u00c3O S\u00c3O PAULO, Mantenedora da Pontif\u00edcia Universidade Cat\u00f3lica de S\u00e3o Paulo e desde 2019 do Centro Universit\u00e1rio Assun\u00e7\u00e3o, \u00e9 pessoa jur\u00eddica de fins n\u00e3o econ\u00f4micos, tendo sua sede na Capital do Estado de S\u00e3o Paulo.","publisher":{"@id":"https:\/\/fundasp.org.br\/radar\/#organization"},"alternateName":"fundasp.org.br\/radar\/","potentialAction":[{"@type":"SearchAction","target":{"@type":"EntryPoint","urlTemplate":"https:\/\/fundasp.org.br\/radar\/?s={search_term_string}"},"query-input":{"@type":"PropertyValueSpecification","valueRequired":true,"valueName":"search_term_string"}}],"inLanguage":"pt-BR"},{"@type":"Organization","@id":"https:\/\/fundasp.org.br\/radar\/#organization","name":"RADAR | Funda\u00e7\u00e3o S\u00e3o Paulo - FUNDASP","url":"https:\/\/fundasp.org.br\/radar\/","logo":{"@type":"ImageObject","inLanguage":"pt-BR","@id":"https:\/\/fundasp.org.br\/radar\/#\/schema\/logo\/image\/","url":"https:\/\/radar.fundasp.org.br\/wp-content\/uploads\/2025\/02\/img50.webp","contentUrl":"https:\/\/radar.fundasp.org.br\/wp-content\/uploads\/2025\/02\/img50.webp","width":650,"height":360,"caption":"RADAR | Funda\u00e7\u00e3o S\u00e3o Paulo - FUNDASP"},"image":{"@id":"https:\/\/fundasp.org.br\/radar\/#\/schema\/logo\/image\/"},"sameAs":["https:\/\/www.facebook.com\/Fundasp\/","https:\/\/www.instagram.com\/fundacaosaopaulo\/","https:\/\/br.linkedin.com\/company\/funda\u00e7\u00e3o-s\u00e3o-paulo"]},{"@type":"Person","@id":"https:\/\/fundasp.org.br\/radar\/#\/schema\/person\/8c9e3deb42dccae5f4f7b7e796cfa03e","name":"thais polato","image":{"@type":"ImageObject","inLanguage":"pt-BR","@id":"https:\/\/secure.gravatar.com\/avatar\/ac558950c2302ee2529eec70b158436d8c86be25a46585805f7a070e213ff767?s=96&d=mm&r=g","url":"https:\/\/secure.gravatar.com\/avatar\/ac558950c2302ee2529eec70b158436d8c86be25a46585805f7a070e213ff767?s=96&d=mm&r=g","contentUrl":"https:\/\/secure.gravatar.com\/avatar\/ac558950c2302ee2529eec70b158436d8c86be25a46585805f7a070e213ff767?s=96&d=mm&r=g","caption":"thais polato"},"url":"https:\/\/fundasp.org.br\/radar\/author\/thais-polato\/"}]}},"_links":{"self":[{"href":"https:\/\/fundasp.org.br\/radar\/wp-json\/wp\/v2\/posts\/3153","targetHints":{"allow":["GET"]}}],"collection":[{"href":"https:\/\/fundasp.org.br\/radar\/wp-json\/wp\/v2\/posts"}],"about":[{"href":"https:\/\/fundasp.org.br\/radar\/wp-json\/wp\/v2\/types\/post"}],"author":[{"embeddable":true,"href":"https:\/\/fundasp.org.br\/radar\/wp-json\/wp\/v2\/users\/11"}],"replies":[{"embeddable":true,"href":"https:\/\/fundasp.org.br\/radar\/wp-json\/wp\/v2\/comments?post=3153"}],"version-history":[{"count":14,"href":"https:\/\/fundasp.org.br\/radar\/wp-json\/wp\/v2\/posts\/3153\/revisions"}],"predecessor-version":[{"id":3183,"href":"https:\/\/fundasp.org.br\/radar\/wp-json\/wp\/v2\/posts\/3153\/revisions\/3183"}],"wp:featuredmedia":[{"embeddable":true,"href":"https:\/\/fundasp.org.br\/radar\/wp-json\/wp\/v2\/media\/3177"}],"wp:attachment":[{"href":"https:\/\/fundasp.org.br\/radar\/wp-json\/wp\/v2\/media?parent=3153"}],"wp:term":[{"taxonomy":"category","embeddable":true,"href":"https:\/\/fundasp.org.br\/radar\/wp-json\/wp\/v2\/categories?post=3153"},{"taxonomy":"post_tag","embeddable":true,"href":"https:\/\/fundasp.org.br\/radar\/wp-json\/wp\/v2\/tags?post=3153"}],"curies":[{"name":"wp","href":"https:\/\/api.w.org\/{rel}","templated":true}]}}