{"id":4154,"date":"2026-09-03T16:01:41","date_gmt":"2026-09-03T16:01:41","guid":{"rendered":"https:\/\/fundasp.org.br\/radar\/?p=4154"},"modified":"2026-09-03T19:01:46","modified_gmt":"2026-09-03T19:01:46","slug":"pos-graduacao-in-company-fundasp-aula-magna-marca-inicio-de-novas-turmas-2","status":"publish","type":"post","link":"https:\/\/fundasp.org.br\/radar\/pos-graduacao-in-company-fundasp-aula-magna-marca-inicio-de-novas-turmas-2\/","title":{"rendered":"P\u00f3s-Gradua\u00e7\u00e3o In Company FUNDASP: aula magna marca in\u00edcio de novas turmas"},"content":{"rendered":"<div class=\"jloFI GkDqAd\" data-copy-service-computed-style=\"font-family: &quot;Google Sans&quot;, Arial, sans-serif; font-size: 16px; font-weight: 400; margin: 0px; text-decoration: none; border-bottom: 0px rgb(0, 29, 53);\">\n<div data-hveid=\"CAIQCA\" data-ved=\"2ahUKEwjH9NnelsSWAxXKGLkGHXIlJjsQ7uAMegQIAhAI\" data-complete=\"true\" data-copy-service-computed-style=\"font-family: &quot;Google Sans&quot;, Arial, sans-serif; font-size: 16px; font-weight: 400; margin: 0px; text-decoration: none; border-bottom: 0px rgb(0, 29, 53);\">\n<div data-complete=\"true\" data-copy-service-computed-style=\"font-family: &quot;Google Sans&quot;, Arial, sans-serif; font-size: 16px; font-weight: 400; margin: 0px; text-decoration: none; border-bottom: 0px rgb(0, 29, 53);\">\n<div data-copy-service-computed-style=\"font-family: &quot;Google Sans&quot;, Arial, sans-serif; font-size: 16px; font-weight: 400; margin: 0px; text-decoration: none; border-bottom: 0px rgb(0, 29, 53);\">\n<div data-copy-service-computed-style=\"font-family: &quot;Google Sans&quot;, Arial, sans-serif; font-size: 16px; font-weight: 400; margin: 0px; text-decoration: none; border-bottom: 0px rgb(0, 29, 53);\">\n<div class=\"LT6XE\" data-copy-service-computed-style=\"font-family: &quot;Google Sans&quot;, Arial, sans-serif; font-size: 16px; font-weight: 400; margin: 0px; text-decoration: none; border-bottom: 0px rgb(10, 10, 10);\">\n<div class=\"RJPOee EIJn2\" data-copy-service-computed-style=\"font-family: &quot;Google Sans&quot;, Arial, sans-serif; font-size: 16px; font-weight: 400; margin: 0px; text-decoration: none; border-bottom: 0px rgb(10, 10, 10);\">\n<div class=\"pOOWX\" data-rl=\"pt\" data-copy-service-computed-style=\"font-family: &quot;Google Sans&quot;, Arial, sans-serif; font-size: 16px; font-weight: 400; margin: 0px; text-decoration: none; border-bottom: 0px rgb(10, 10, 10);\">\n<div data-copy-service-computed-style=\"font-family: &quot;Google Sans&quot;, Arial, sans-serif; font-size: 16px; font-weight: 400; margin: 0px; text-decoration: none; border-bottom: 0px rgb(10, 10, 10);\">\n<section data-copy-service-computed-style=\"font-family: &quot;Google Sans&quot;, Arial, sans-serif; font-size: 16px; font-weight: 400; margin: 0px; text-decoration: none; border-bottom: 0px rgb(10, 10, 10);\">\n<div data-host-wiz-contract-name=\"gws_wizbind\" data-sc=\"1\" data-complete=\"true\" data-copy-service-computed-style=\"font-family: &quot;Google Sans&quot;, Arial, sans-serif; font-size: 16px; font-weight: 400; margin: 0px; text-decoration: none; border-bottom: 0px rgb(10, 10, 10);\">\n<div id=\"_ifGRaoeMN8qx5OUP8sqY2QM_2\" data-copy-service-computed-style=\"font-family: &quot;Google Sans&quot;, Arial, sans-serif; font-size: 16px; font-weight: 400; margin: 0px; text-decoration: none; border-bottom: 0px rgb(10, 10, 10);\">\n<div class=\"qRuFed\" data-copy-service-computed-style=\"font-family: &quot;Google Sans&quot;, Arial, sans-serif; font-size: 16px; font-weight: 400; margin: 0px; text-decoration: none; border-bottom: 0px rgb(10, 10, 10);\">\n<div class=\"CKgc1d\" data-scope-id=\"turn\" data-sfc-root=\"ep\" data-complete=\"true\" data-copy-service-computed-style=\"font-family: &quot;Google Sans&quot;, Arial, sans-serif; font-size: 16px; font-weight: 400; margin: 0px; text-decoration: none; border-bottom: 0px rgb(10, 10, 10);\">\n<div data-subtree=\"aimc\" data-sfc-cp=\"\" data-sfc-root=\"c\" data-complete=\"true\" data-copy-service-computed-style=\"font-family: &quot;Google Sans&quot;, Arial, sans-serif; font-size: 16px; font-weight: 400; margin: 0px; text-decoration: none; border-bottom: 0px rgb(10, 10, 10);\">\n<div class=\"FkX2oe\" dir=\"ltr\" data-sfc-root=\"ep\" data-wiz-uids=\"Irjib_2\" data-ctx-provider=\"[[[&quot;esHW8&quot;,&quot;[{\\&quot;s\\&quot;:3,\\&quot;i\\&quot;:\\&quot;Irjib_1\/OZSNke\\&quot;}]&quot;],[&quot;dMtGDc&quot;,&quot;[false]&quot;]]]\" data-ved=\"2ahUKEwjv-crelsSWAxVJH7kGHQnUFAUQ2O0OegoIAggACAAIAhAA\" data-hveid=\"CAIIAAgACAIQAA\" data-sfc-inited=\"2\" data-complete=\"true\" data-copy-service-computed-style=\"font-family: &quot;Google Sans&quot;, Arial, sans-serif; font-size: 16px; font-weight: 400; margin: 0px; text-decoration: none; border-bottom: 0px rgb(10, 10, 10);\">\n<div class=\"pWvJNd j2luwe\" data-sfc-root=\"ep\" data-complete=\"true\" data-copy-service-computed-style=\"font-family: &quot;Google Sans&quot;, Arial, sans-serif; font-size: 16px; font-weight: 400; margin: 0px; text-decoration: none; border-bottom: 0px rgb(10, 10, 10);\">\n<div class=\"mZJni Dn7Fzd\" dir=\"ltr\" data-container-id=\"main-col\" data-xid=\"VpUvz\" data-sfc-root=\"ep\" data-ctx-provider=\"[[[&quot;dMtGDc&quot;,&quot;[false]&quot;]]]\" data-ved=\"2ahUKEwjv-crelsSWAxVJH7kGHQnUFAUQ3KYQegoIAggACAAIAhAB\" data-sfc-inited=\"2\" data-copy-service-computed-style=\"font-family: &quot;Google Sans&quot;, Arial, sans-serif; font-size: 16px; font-weight: 400; margin: 0px; text-decoration: none; border-bottom: 0px rgb(10, 10, 10);\">Na \u00faltima sexta-feira (28\/8), foi realizada a aula magna dos cursos de P\u00f3s-Gradua\u00e7\u00e3o <em>In Company<\/em> <strong><a href=\"https:\/\/www.fundasp.org.br\/radar\/pos-graduacao-in-company-fundasp-abre-inscricoes-para-novas-turmas-com-bolsa-integral\/\">\u201cHist\u00f3ria e Cultura da \u00c1frica: Educa\u00e7\u00e3o e Rela\u00e7\u00f5es Internacionais\u201d e \u201cPensamento Pol\u00edtico Contempor\u00e2neo\u201d.<\/a><\/strong>\u00a0O evento foi realizado no audit\u00f3rio Cardeal Arns, localizado no pr\u00e9dio-sede da FUNDASP.<\/div>\n<\/div>\n<\/div>\n<\/div>\n<\/div>\n<\/div>\n<div class=\"qRuFed\" data-copy-service-computed-style=\"font-family: &quot;Google Sans&quot;, Arial, sans-serif; font-size: 16px; font-weight: 400; margin: 0px; text-decoration: none; border-bottom: 0px rgb(10, 10, 10);\">\n<div class=\"CKgc1d\" data-scope-id=\"turn\" data-sfc-root=\"ep\" data-complete=\"true\" data-copy-service-computed-style=\"font-family: &quot;Google Sans&quot;, Arial, sans-serif; font-size: 16px; font-weight: 400; margin: 0px; text-decoration: none; border-bottom: 0px rgb(10, 10, 10);\">\n<div data-subtree=\"aimc\" data-sfc-cp=\"\" data-sfc-root=\"c\" data-complete=\"true\" data-copy-service-computed-style=\"font-family: &quot;Google Sans&quot;, Arial, sans-serif; font-size: 16px; font-weight: 400; margin: 0px; text-decoration: none; border-bottom: 0px rgb(10, 10, 10);\">\n<div class=\"FkX2oe\" dir=\"ltr\" data-sfc-root=\"ep\" data-wiz-uids=\"Irjib_2\" data-ctx-provider=\"[[[&quot;esHW8&quot;,&quot;[{\\&quot;s\\&quot;:3,\\&quot;i\\&quot;:\\&quot;Irjib_1\/OZSNke\\&quot;}]&quot;],[&quot;dMtGDc&quot;,&quot;[false]&quot;]]]\" data-ved=\"2ahUKEwjv-crelsSWAxVJH7kGHQnUFAUQ2O0OegoIAggACAAIAhAA\" data-hveid=\"CAIIAAgACAIQAA\" data-sfc-inited=\"2\" data-complete=\"true\" data-copy-service-computed-style=\"font-family: &quot;Google Sans&quot;, Arial, sans-serif; font-size: 16px; font-weight: 400; margin: 0px; text-decoration: none; border-bottom: 0px rgb(10, 10, 10);\">\n<div class=\"pWvJNd j2luwe\" data-sfc-root=\"ep\" data-complete=\"true\" data-copy-service-computed-style=\"font-family: &quot;Google Sans&quot;, Arial, sans-serif; font-size: 16px; font-weight: 400; margin: 0px; text-decoration: none; border-bottom: 0px rgb(10, 10, 10);\">\n<div class=\"mZJni Dn7Fzd\" dir=\"ltr\" data-container-id=\"main-col\" data-xid=\"VpUvz\" data-sfc-root=\"ep\" data-ctx-provider=\"[[[&quot;dMtGDc&quot;,&quot;[false]&quot;]]]\" data-ved=\"2ahUKEwjv-crelsSWAxVJH7kGHQnUFAUQ3KYQegoIAggACAAIAhAB\" data-sfc-inited=\"2\" data-copy-service-computed-style=\"font-family: &quot;Google Sans&quot;, Arial, sans-serif; font-size: 16px; font-weight: 400; margin: 0px; text-decoration: none; border-bottom: 0px rgb(10, 10, 10);\">\n<div class=\"\" data-bfc=\"\" data-ved=\"2ahUKEwjv-crelsSWAxVJH7kGHQnUFAUQi4wTegoIAggACAAICxAA\" data-hveid=\"CAIIAAgACAsQAA\" data-copy-service-computed-style=\"font-family: &quot;Google Sans&quot;, Arial, sans-serif; font-size: 16px; font-weight: 400; margin: 0px; text-decoration: none; border-bottom: 0px rgb(10, 10, 10);\">\n<div class=\"n6owBd awi2gc\" data-sfc-cp=\"\" data-sfc-root=\"ep\" data-hveid=\"CAIIAAgACAsQAQ\" data-complete=\"true\" data-copy-service-computed-style=\"font-family: &quot;Google Sans&quot;, Arial, sans-serif; font-size: 16px; font-weight: 400; margin: 12px 0px 16px; text-decoration: none; border-bottom: 0px rgb(10, 10, 10);\">\n<p>Oferecidos pela Funda\u00e7\u00e3o S\u00e3o Paulo, em parceria com o Centro Universit\u00e1rio Assun\u00e7\u00e3o, os cursos contam com bolsas integrais voltadas exclusivamente para o pessoal t\u00e9cnico-administrativo e para os docentes que atuam na FUNDASP e em suas Mantidas.<\/p>\n<p>A aula inaugural contou com as seguintes palestras:<\/p>\n<p><strong>\u2666 \u201cO feminismo negro no horizonte da decolonialidade\u201d<\/strong>, com a Profa. Dra. Adriana Paris. Advogada e professora, graduada em Direito e Hist\u00f3ria, com p\u00f3s-gradua\u00e7\u00e3o em Direito Processual Penal e especializa\u00e7\u00e3o em Conflitos Internacionais e Globaliza\u00e7\u00e3o. Atua nas \u00e1reas de Direitos Humanos, Direitos Fundamentais e Cidadania, e \u00e9 docente convidada do programa do Centro Universit\u00e1rio Assun\u00e7\u00e3o desde 2023.<\/p>\n<p><strong>\u2666 \u201cTeoria feminista e perspectivas feministas\u201d<\/strong>, com a Profa. Dra. Eloisa Benvenutti de Andrade. Docente de Comunica\u00e7\u00e3o da Faculdade C\u00e1sper L\u00edbero, graduada, mestre e doutora em Filosofia, com p\u00f3s-doutorado pela UNIFESP (onde pesquisou Simone de Beauvoir) e autora dos livros <em>Corpo e Consci\u00eancia<\/em> e <em>Corpo e Exist\u00eancia<\/em>.<\/p>\n<p><span style=\"color: #800000;\"><strong>Depoimentos<\/strong><\/span><\/p>\n<p>\u2666 <strong>Angela Renna, gerente de Desenvolvimento Humano<\/strong>, sobre a oportunidade oferecida pela FUNDASP: &#8220;A institui\u00e7\u00e3o proporciona esse crescimento pessoal dentro do universo profissional. As pessoas s\u00e3o estimuladas a essa valoriza\u00e7\u00e3o do conhecimento. Os cursos tamb\u00e9m s\u00e3o importantes para o funcion\u00e1rio interagir com outros colegas, independentemente do setor e da \u00e1rea de atua\u00e7\u00e3o.&#8221;<\/p>\n<p>\u2666 <strong>Profa. Dra. Edineide Maria de Oliveira, pr\u00f3-reitora de P\u00f3s-Gradua\u00e7\u00e3o do Assun\u00e7\u00e3o<\/strong>, sobre como \u00e9 gratificante observar a satisfa\u00e7\u00e3o dos alunos com o conte\u00fado dos cursos. &#8220;Todos ficam encantados. \u00c9 muito significativa a busca por conhecimento e atualiza\u00e7\u00e3o, para que os colaboradores consigam sempre ter uma ascens\u00e3o na vida pessoal e profissional.&#8221;<\/p>\n<p>&nbsp;<\/p>\n<p>&nbsp;<\/p>\n<\/div>\n<\/div>\n<\/div>\n<\/div>\n<\/div>\n<\/div>\n<\/div>\n<\/div>\n<\/div>\n<\/div>\n<\/section>\n<\/div>\n<\/div>\n<\/div>\n<\/div>\n<\/div>\n<\/div>\n<\/div>\n<\/div>\n<div class=\"OS7YA\" data-ved=\"2ahUKEwjH9NnelsSWAxXKGLkGHXIlJjsQ9oYMegQIAhAJ\" data-copy-service-computed-style=\"font-family: &quot;Google Sans&quot;, Arial, sans-serif; font-size: 16px; font-weight: 400; margin: 0px; text-decoration: none; border-bottom: 0px rgb(0, 29, 53);\">\n<div id=\"folsrch-sqf-fd4612e9-1\" data-copy-service-computed-style=\"font-family: &quot;Google Sans&quot;, Arial, sans-serif; font-size: 16px; font-weight: 400; margin: 0px; text-decoration: none; border-bottom: 0px rgb(0, 29, 53);\">\n<div class=\"F0OfWd hfWAgb\" data-subtree=\"dfa\" data-complete=\"true\" data-copy-service-computed-style=\"font-family: &quot;Google Sans&quot;, Arial, sans-serif; font-size: 16px; font-weight: 400; margin: 0px; text-decoration: none; border-bottom: 0px rgb(0, 29, 53);\">\n<div class=\"x2qcTc fZavHb\" data-copy-service-computed-style=\"font-family: &quot;Google Sans&quot;, Arial, sans-serif; font-size: 16px; font-weight: 400; margin: 0px 0px 0px -8px; text-decoration: none; border-bottom: 0px rgb(0, 29, 53);\">\n<div class=\"y1yadf\" data-pos=\"0\" data-complete=\"true\" data-copy-service-computed-style=\"font-family: &quot;Google Sans&quot;, Arial, sans-serif; font-size: 16px; font-weight: 400; margin: 0px; text-decoration: none; border-bottom: 0px rgb(0, 29, 53);\">\n<div class=\"rAzITb\" data-complete=\"true\" data-copy-service-computed-style=\"font-family: &quot;Google Sans&quot;, Arial, sans-serif; font-size: 16px; font-weight: 400; margin: 0px; text-decoration: none; border-bottom: 0px rgb(0, 29, 53);\">\n<div tabindex=\"0\" role=\"button\" data-dt=\"\" data-ld=\"1\" data-sem=\"epsd1 rimspwouoe\" data-sf=\"114\" data-sm=\"1\" data-sst=\"https:\/\/www.gstatic.com\/share\/gradient_g_250_250.png\" aria-label=\"Compartilhar\" data-hveid=\"CAMQBw\" data-ved=\"2ahUKEwjH9NnelsSWAxXKGLkGHXIlJjsQsPkDegQIAxAH\" data-complete=\"true\" data-copy-service-computed-style=\"font-family: &quot;Google Sans&quot;, Arial, sans-serif; font-size: 16px; font-weight: 400; margin: 0px; text-decoration: none; border-bottom: 0px rgb(0, 29, 53);\">\n<div class=\"X7yl2b btku5b FR7ZSc OJeuxf\" aria-label=\"Compartilhar\" data-copy-service-computed-style=\"font-family: &quot;Google Sans&quot;, Arial, sans-serif; font-size: 16px; font-weight: 400; margin: 0px; text-decoration: none; border-bottom: 0px rgb(11, 87, 208);\">\n<div class=\"niO4u B6OMee\" data-copy-service-computed-style=\"font-family: &quot;Google Sans&quot;, Arial, sans-serif; font-size: 16px; font-weight: 400; margin: 0px; text-decoration: none; border-bottom: 0px rgb(99, 99, 99);\"><\/div>\n<\/div>\n<div id=\"_ifGRaoeMN8qx5OUP8sqY2QM_16\" data-copy-service-computed-style=\"font-family: &quot;Google Sans&quot;, Arial, sans-serif; font-size: 16px; font-weight: 400; margin: 0px; text-decoration: none; border-bottom: 0px rgb(0, 29, 53);\"><\/div>\n<\/div>\n<\/div>\n<\/div>\n<div class=\"sR2MY\" data-complete=\"true\" data-copy-service-computed-style=\"font-family: &quot;Google Sans&quot;, Arial, sans-serif; font-size: 16px; font-weight: 400; margin: 0px; text-decoration: none; border-bottom: 0px rgb(0, 29, 53);\">\n<div class=\"SvjEff\" data-q=\"fAZER UMA REVIS\u00c3O DESSE TEXTO: P\u00f3s-Gradua\u00e7\u00e3o In Company FUNDASP: aula magna marca in\u00edcio de novas turmas Na \u00faltima sexta-feira (28\/8), foi realizada a aula magna dos cursos de P\u00f3s-Gradua\u00e7\u00e3o In Company \u201cHist\u00f3ria e Cultura da \u00c1frica: Educa\u00e7\u00e3o e Rela\u00e7\u00f5es Internacionais\u201d e \u201cPensamento Pol\u00edtico Contempor\u00e2neo\u201d. Os cursos oferecidos pela FUNDASP, em parceria com o Centro Universit\u00e1rio Assun\u00e7\u00e3o, t\u00eam bolsas integrais, voltadas exclusivamente para o pessoal t\u00e9cnico administrativo e os docentes que atuam na FUNDASP e em suas Mantidas. A aula inaugural contou com as seguintes palestras: \u201cO feminismo negro no horizonte da decolonialidade\u201d, com a Profa. Dra. Adriana Paris Advogada e professora, graduada em Direito e Hist\u00f3ria, com P\u00f3s-Gradua\u00e7\u00e3o em Direito Processual Penal e especializa\u00e7\u00e3o em Conflitos Internacionais e Globaliza\u00e7\u00e3o. Atua nas \u00e1reas de Direitos Humanos, Direitos Fundamentais e Cidadania. Desde 2023, \u00e9 docente convidada do Programa de P\u00f3s-Gradua\u00e7\u00e3o em Hist\u00f3ria e Cultura da \u00c1frica, Educa\u00e7\u00e3o e Rela\u00e7\u00f5es Internacionais do Centro Universit\u00e1rio Assun\u00e7\u00e3o \u2013 SP. \u201cTeoria feminista e perspectivas feministas\u201d, com a Profa. Dra. Eloisa Benvenutti de Andrade Docente dos cursos de Comunica\u00e7\u00e3o da Faculdade C\u00e1sper L\u00edbero. Graduada, Mestra e Doutora em Filosofia, com p\u00f3s-doutorado pela UNIFESP, onde desenvolveu pesquisa sobre \u00c9tica, Liberdade e Alteridade em Simone de Beauvoir. \u00c9 autora dos livros Corpo e Consci\u00eancia: Merleau-Ponty, cr\u00edtico de Descartes e Corpo e Exist\u00eancia: Merleau-Ponty, um abismo sens\u00edvel. Angela Renna, gerente de Desenvolvimento Humano da FUNDASP, falou da oportunidade oferecida pela FUNDASP. \u201cA Institui\u00e7\u00e3o proporciona esse crescimento pessoal dentro do universo profissional. As pessoas s\u00e3o estimuladas para essa valoriza\u00e7\u00e3o do conhecimento. Os cursos tamb\u00e9m s\u00e3o importantes para o funcion\u00e1rio interagir com outros colegas, independente do setor e da \u00e1rea de atua\u00e7\u00e3o \u201c. Para a Profa. Dra. Edineide Maria de Oliveira, pr\u00f3-reitora de P\u00f3s-Gradua\u00e7\u00e3o do Assun\u00e7\u00e3o, \u00e9 gratificante observar a satisfa\u00e7\u00e3o dos alunos com o conte\u00fado dos cursos. \u201cOs alunos ficam encantados. \u00c9 muito significativa a busca por esse conhecimento, por essa atualiza\u00e7\u00e3o, para que os colaboradores consigam sempre ter uma ascens\u00e3o na vida pessoal e profissional\u201d. A aula magna foi realizada no audit\u00f3rio Cardeal Arns, no pr\u00e9dio-sede da FUNDASP.\" data-rl=\"500\" data-rt=\"1\" data-tl=\"2\" data-complete=\"true\" data-copy-service-computed-style=\"font-family: &quot;Google Sans&quot;, Arial, sans-serif; font-size: 16px; font-weight: 400; margin: 0px; text-decoration: none; border-bottom: 0px rgb(0, 29, 53);\">\n<div data-complete=\"true\" data-copy-service-computed-style=\"font-family: &quot;Google Sans&quot;, Arial, sans-serif; font-size: 16px; font-weight: 400; margin: 0px; text-decoration: none; border-bottom: 0px rgb(0, 29, 53);\"><\/div>\n<div id=\"_ifGRaoeMN8qx5OUP8sqY2QM_20\" class=\"KXMsz\" data-copy-service-computed-style=\"font-family: &quot;Google Sans&quot;, Arial, sans-serif; font-size: 16px; font-weight: 400; margin: 0px; text-decoration: none; border-bottom: 0px rgb(0, 29, 53);\">\n<div class=\"MCeymc\" data-complete=\"true\" data-copy-service-computed-style=\"font-family: &quot;Google Sans&quot;, Arial, sans-serif; font-size: 16px; font-weight: 400; margin: 0px; text-decoration: none; border-bottom: 0px rgb(0, 29, 53);\">\n<div class=\"y1yadf\" data-pos=\"0\" data-complete=\"true\" data-copy-service-computed-style=\"font-family: &quot;Google Sans&quot;, Arial, sans-serif; font-size: 16px; font-weight: 400; margin: 0px; text-decoration: none; border-bottom: 0px rgb(0, 29, 53);\">\n<div class=\"X7yl2b btku5b FR7ZSc OJeuxf\" tabindex=\"0\" role=\"button\" aria-label=\"Boa resposta\" data-hveid=\"CAMQJA\" data-ved=\"2ahUKEwjH9NnelsSWAxXKGLkGHXIlJjsQrMgKegQIAxAk\" data-copy-service-computed-style=\"font-family: &quot;Google Sans&quot;, Arial, sans-serif; font-size: 16px; font-weight: 400; margin: 0px; text-decoration: none; border-bottom: 0px rgb(11, 87, 208);\">\n<div class=\"niO4u B6OMee\" data-copy-service-computed-style=\"font-family: &quot;Google Sans&quot;, Arial, sans-serif; font-size: 16px; font-weight: 400; margin: 0px; text-decoration: none; border-bottom: 0px rgb(99, 99, 99);\"><\/div>\n<\/div>\n<\/div>\n<div class=\"y1yadf\" data-pos=\"0\" data-complete=\"true\" data-copy-service-computed-style=\"font-family: &quot;Google Sans&quot;, Arial, sans-serif; font-size: 16px; font-weight: 400; margin: 0px; text-decoration: none; border-bottom: 0px rgb(0, 29, 53);\">\n<div class=\"X7yl2b btku5b FR7ZSc OJeuxf\" tabindex=\"0\" role=\"button\" aria-label=\"Resposta ruim\" data-hveid=\"CAMQJw\" data-ved=\"2ahUKEwjH9NnelsSWAxXKGLkGHXIlJjsQq8gKegQIAxAn\" data-copy-service-computed-style=\"font-family: &quot;Google Sans&quot;, Arial, sans-serif; font-size: 16px; font-weight: 400; margin: 0px; text-decoration: none; border-bottom: 0px rgb(11, 87, 208);\">\n<div class=\"niO4u B6OMee\" data-copy-service-computed-style=\"font-family: &quot;Google Sans&quot;, Arial, sans-serif; font-size: 16px; font-weight: 400; margin: 0px; text-decoration: none; border-bottom: 0px rgb(99, 99, 99);\"><\/div>\n<\/div>\n<\/div>\n<\/div>\n<\/div>\n<\/div>\n<\/div>\n<div data-hd=\"true\" data-uq=\"fAZER UMA REVIS\u00c3O DESSE TEXTO: P\u00f3s-Gradua\u00e7\u00e3o In Company FUNDASP: aula magna marca in\u00edcio de novas turmas Na \u00faltima sexta-feira (28\/8), foi realizada a aula magna dos cursos de P\u00f3s-Gradua\u00e7\u00e3o In Company \u201cHist\u00f3ria e Cultura da \u00c1frica: Educa\u00e7\u00e3o e Rela\u00e7\u00f5es Internacionais\u201d e \u201cPensamento Pol\u00edtico Contempor\u00e2neo\u201d. Os cursos oferecidos pela FUNDASP, em parceria com o Centro Universit\u00e1rio Assun\u00e7\u00e3o, t\u00eam bolsas integrais, voltadas exclusivamente para o pessoal t\u00e9cnico administrativo e os docentes que atuam na FUNDASP e em suas Mantidas. A aula inaugural contou com as seguintes palestras: \u201cO feminismo negro no horizonte da decolonialidade\u201d, com a Profa. Dra. Adriana Paris Advogada e professora, graduada em Direito e Hist\u00f3ria, com P\u00f3s-Gradua\u00e7\u00e3o em Direito Processual Penal e especializa\u00e7\u00e3o em Conflitos Internacionais e Globaliza\u00e7\u00e3o. Atua nas \u00e1reas de Direitos Humanos, Direitos Fundamentais e Cidadania. Desde 2023, \u00e9 docente convidada do Programa de P\u00f3s-Gradua\u00e7\u00e3o em Hist\u00f3ria e Cultura da \u00c1frica, Educa\u00e7\u00e3o e Rela\u00e7\u00f5es Internacionais do Centro Universit\u00e1rio Assun\u00e7\u00e3o \u2013 SP. \u201cTeoria feminista e perspectivas feministas\u201d, com a Profa. Dra. Eloisa Benvenutti de Andrade Docente dos cursos de Comunica\u00e7\u00e3o da Faculdade C\u00e1sper L\u00edbero. Graduada, Mestra e Doutora em Filosofia, com p\u00f3s-doutorado pela UNIFESP, onde desenvolveu pesquisa sobre \u00c9tica, Liberdade e Alteridade em Simone de Beauvoir. \u00c9 autora dos livros Corpo e Consci\u00eancia: Merleau-Ponty, cr\u00edtico de Descartes e Corpo e Exist\u00eancia: Merleau-Ponty, um abismo sens\u00edvel. Angela Renna, gerente de Desenvolvimento Humano da FUNDASP, falou da oportunidade oferecida pela FUNDASP. \u201cA Institui\u00e7\u00e3o proporciona esse crescimento pessoal dentro do universo profissional. As pessoas s\u00e3o estimuladas para essa valoriza\u00e7\u00e3o do conhecimento. Os cursos tamb\u00e9m s\u00e3o importantes para o funcion\u00e1rio interagir com outros colegas, independente do setor e da \u00e1rea de atua\u00e7\u00e3o \u201c. Para a Profa. Dra. Edineide Maria de Oliveira, pr\u00f3-reitora de P\u00f3s-Gradua\u00e7\u00e3o do Assun\u00e7\u00e3o, \u00e9 gratificante observar a satisfa\u00e7\u00e3o dos alunos com o conte\u00fado dos cursos. \u201cOs alunos ficam encantados. \u00c9 muito significativa a busca por esse conhecimento, por essa atualiza\u00e7\u00e3o, para que os colaboradores consigam sempre ter uma ascens\u00e3o na vida pessoal e profissional\u201d. A aula magna foi realizada no audit\u00f3rio Cardeal Arns, no pr\u00e9dio-sede da FUNDASP.\" data-complete=\"true\" data-copy-service-computed-style=\"font-family: &quot;Google Sans&quot;, Arial, sans-serif; font-size: 16px; font-weight: 400; margin: 0px; text-decoration: none; border-bottom: 0px rgb(0, 29, 53);\">\n<div class=\"daTkXe\" data-complete=\"true\" data-copy-service-computed-style=\"font-family: &quot;Google Sans&quot;, Arial, sans-serif; font-size: 16px; font-weight: 400; margin: 0px; text-decoration: none; border-bottom: 0px rgb(0, 29, 53);\">\n<div class=\"y1yadf\" data-pos=\"0\" data-complete=\"true\" data-copy-service-computed-style=\"font-family: &quot;Google Sans&quot;, Arial, sans-serif; font-size: 16px; font-weight: 400; margin: 0px; text-decoration: none; border-bottom: 0px rgb(0, 29, 53);\">\n<div class=\"XlORPe\" data-complete=\"true\" data-copy-service-computed-style=\"font-family: &quot;Google Sans&quot;, Arial, sans-serif; font-size: 16px; font-weight: 400; margin: 0px; text-decoration: none; border-bottom: 0px rgb(0, 29, 53);\">\n<div class=\"CcNe6e\" tabindex=\"0\" role=\"button\" aria-expanded=\"false\" aria-haspopup=\"true\" aria-label=\"Mais\" data-copy-service-computed-style=\"font-family: &quot;Google Sans&quot;, Arial, sans-serif; font-size: 16px; font-weight: 400; margin: 0px; text-decoration: none; border-bottom: 0px rgb(0, 29, 53);\">\n<div class=\"X7yl2b btku5b FR7ZSc qVhvac OJeuxf\" data-ved=\"2ahUKEwjH9NnelsSWAxXKGLkGHXIlJjsQvMgLegQIAxA2\" data-copy-service-computed-style=\"font-family: &quot;Google Sans&quot;, Arial, sans-serif; font-size: 16px; font-weight: 400; margin: 0px; text-decoration: none; border-bottom: 0px rgb(11, 87, 208);\">\n<div class=\"niO4u B6OMee\" data-copy-service-computed-style=\"font-family: &quot;Google Sans&quot;, Arial, sans-serif; font-size: 16px; font-weight: 400; margin: 0px; text-decoration: none; border-bottom: 0px rgb(99, 99, 99);\"><\/div>\n<\/div>\n<\/div>\n<\/div>\n<\/div>\n<\/div>\n<div data-complete=\"true\" data-copy-service-computed-style=\"font-family: &quot;Google Sans&quot;, Arial, sans-serif; font-size: 16px; font-weight: 400; margin: 0px; text-decoration: none; border-bottom: 0px rgb(0, 29, 53);\"><\/div>\n<div id=\"_ifGRaoeMN8qx5OUP8sqY2QM_31\" data-complete=\"true\" data-copy-service-computed-style=\"font-family: &quot;Google Sans&quot;, Arial, sans-serif; font-size: 16px; font-weight: 400; margin: 0px; text-decoration: none; border-bottom: 0px rgb(0, 29, 53);\"><\/div>\n<div id=\"_ifGRaoeMN8qx5OUP8sqY2QM_32\" data-complete=\"true\" data-copy-service-computed-style=\"font-family: &quot;Google Sans&quot;, Arial, sans-serif; font-size: 16px; font-weight: 400; margin: 0px; text-decoration: none; border-bottom: 0px rgb(0, 29, 53);\"><\/div>\n<\/div>\n<div class=\"wYEAkf\" data-copy-service-computed-style=\"font-family: &quot;Google Sans&quot;, Arial, sans-serif; font-size: 16px; font-weight: 400; margin: 0px 0px 0px 488px; text-decoration: none; border-bottom: 0px rgb(0, 29, 53);\"><\/div>\n<\/div>\n<div class=\"jkIdtf\" data-aep=\"10\" data-isaee=\"\" data-complete=\"true\" data-copy-service-computed-style=\"font-family: &quot;Google Sans&quot;, Arial, sans-serif; font-size: 16px; font-weight: 400; margin: 0px; text-decoration: none; border-bottom: 0px rgb(0, 29, 53);\"><\/div>\n<\/div>\n<\/div>\n<\/div>\n<\/div>\n<div class=\"wPoHPd C2DQR\" data-ved=\"2ahUKEwjH9NnelsSWAxXKGLkGHXIlJjsQk8ITegQIAxBJ\" data-copy-service-computed-style=\"font-family: Arial, sans-serif; font-size: 16px; font-weight: 400; margin: 16px -20px 34px; text-decoration: none; border-bottom: 0px rgb(31, 31, 31);\">\n<div data-copy-service-computed-style=\"font-family: Arial, sans-serif; font-size: 16px; font-weight: 400; margin: 0px; text-decoration: none; border-bottom: 0px rgb(31, 31, 31);\">\n<div data-copy-service-computed-style=\"font-family: Arial, sans-serif; font-size: 16px; font-weight: 400; margin: 0px; text-decoration: none; border-bottom: 0px rgb(31, 31, 31);\">\n<div class=\"UAbVe iUTYAe YBkage sk67dc\" data-xid=\"GwhkHf\" data-active=\"input-plate-active\" data-copy-service-computed-style=\"font-family: Arial, sans-serif; font-size: 16px; font-weight: 400; margin: 0px; text-decoration: none; border-bottom: 0px rgb(31, 31, 31);\">\n<div data-copy-service-computed-style=\"font-family: Arial, sans-serif; font-size: 16px; font-weight: 400; margin: 0px; text-decoration: none; border-bottom: 0px rgb(31, 31, 31);\"><\/div>\n<div class=\"AgWCw\" data-ved=\"0CAEQlYkUahcKEwiQ2dPflsSWAxUAAAAAHQAAAAAQBg\" data-copy-service-computed-style=\"font-family: Arial, sans-serif; font-size: 16px; font-weight: 400; margin: 0px 0px 34px; text-decoration: none; border-bottom: 0px rgb(31, 31, 31);\">\n<div class=\"Zze5V\" aria-hidden=\"true\" data-copy-service-computed-style=\"font-family: Arial, sans-serif; font-size: 16px; font-weight: 400; margin: 0px; text-decoration: none; border-bottom: 0px rgb(31, 31, 31);\"><\/div>\n<div class=\"esoFne\" role=\"presentation\" data-copy-service-computed-style=\"font-family: Arial, sans-serif; font-size: 16px; font-weight: 400; margin: 0px; text-decoration: none; border-bottom: 0px rgb(31, 31, 31);\">\n<div class=\"DoMzQb sds-measurement__space-reset\" tabindex=\"-1\" data-copy-service-computed-style=\"font-family: Arial, sans-serif; font-size: 16px; font-weight: 400; margin: 0px; text-decoration: none; border-bottom: 0px rgb(31, 31, 31);\"><\/div>\n<div class=\"yaj8zd\" role=\"presentation\" data-copy-service-computed-style=\"font-family: Arial, sans-serif; font-size: 16px; font-weight: 400; margin: 0px; text-decoration: none; border-bottom: 0px rgb(31, 31, 31);\">\n<div class=\"Txyg0d\" data-ved=\"0CAIQiJoOahcKEwiQ2dPflsSWAxUAAAAAHQAAAAAQBg\" data-copy-service-computed-style=\"font-family: Arial, sans-serif; font-size: 16px; font-weight: 400; margin: 0px; text-decoration: none; border-bottom: 0px rgb(31, 31, 31);\"><\/div>\n<\/div>\n<\/div>\n<\/div>\n<\/div>\n<\/div>\n<\/div>\n<\/div>\n","protected":false},"excerpt":{"rendered":"<p>Na \u00faltima sexta-feira (28\/8), foi realizada a aula magna dos cursos de P\u00f3s-Gradua\u00e7\u00e3o In Company \u201cHist\u00f3ria e Cultura da \u00c1frica: Educa\u00e7\u00e3o e Rela\u00e7\u00f5es Internacionais\u201d e \u201cPensamento Pol\u00edtico Contempor\u00e2neo\u201d.\u00a0O evento foi realizado no audit\u00f3rio Cardeal Arns, localizado no pr\u00e9dio-sede da FUNDASP. Oferecidos pela Funda\u00e7\u00e3o S\u00e3o Paulo, em parceria com o Centro Universit\u00e1rio Assun\u00e7\u00e3o, os cursos contam [&hellip;]<\/p>\n","protected":false},"author":3,"featured_media":4155,"comment_status":"open","ping_status":"open","sticky":false,"template":"","format":"standard","meta":{"footnotes":""},"categories":[7,9],"tags":[],"class_list":["post-4154","post","type-post","status-publish","format-standard","has-post-thumbnail","hentry","category-dh","category-fundasp"],"yoast_head":"<!-- This site is optimized with the Yoast SEO plugin v27.2 - https:\/\/yoast.com\/product\/yoast-seo-wordpress\/ -->\n<title>P\u00f3s-Gradua\u00e7\u00e3o In Company FUNDASP: aula magna marca in\u00edcio de novas turmas | Radar FUNDASP<\/title>\n<meta name=\"description\" content=\"Na \u00faltima sexta-feira (28\/8), foi realizada a aula magna dos cursos de P\u00f3s-Gradua\u00e7\u00e3o In Company \u201cHist\u00f3ria e Cultura da \u00c1frica: Educa\u00e7\u00e3o e Rela\u00e7\u00f5es\" \/>\n<meta name=\"robots\" content=\"index, follow, max-snippet:-1, max-image-preview:large, max-video-preview:-1\" \/>\n<link rel=\"canonical\" href=\"https:\/\/fundasp.org.br\/radar\/pos-graduacao-in-company-fundasp-aula-magna-marca-inicio-de-novas-turmas-2\/\" \/>\n<meta property=\"og:locale\" content=\"en_US\" \/>\n<meta property=\"og:type\" content=\"article\" \/>\n<meta property=\"og:title\" content=\"P\u00f3s-Gradua\u00e7\u00e3o In Company FUNDASP: aula magna marca in\u00edcio de novas turmas | Radar FUNDASP\" \/>\n<meta property=\"og:description\" content=\"Na \u00faltima sexta-feira (28\/8), foi realizada a aula magna dos cursos de P\u00f3s-Gradua\u00e7\u00e3o In Company \u201cHist\u00f3ria e Cultura da \u00c1frica: Educa\u00e7\u00e3o e Rela\u00e7\u00f5es\" \/>\n<meta property=\"og:url\" content=\"https:\/\/fundasp.org.br\/radar\/pos-graduacao-in-company-fundasp-aula-magna-marca-inicio-de-novas-turmas-2\/\" \/>\n<meta property=\"og:site_name\" content=\"Radar FUNDASP\" \/>\n<meta property=\"article:publisher\" content=\"https:\/\/www.facebook.com\/Fundasp\/\" \/>\n<meta property=\"article:published_time\" content=\"2026-09-03T16:01:41+00:00\" \/>\n<meta property=\"article:modified_time\" content=\"2026-09-03T19:01:46+00:00\" \/>\n<meta property=\"og:image\" content=\"https:\/\/radar.fundasp.org.br\/wp-content\/uploads\/2026\/08\/shared-image-66-e1787950029878.jpg\" \/>\n\t<meta property=\"og:image:width\" content=\"2000\" \/>\n\t<meta property=\"og:image:height\" content=\"1110\" \/>\n\t<meta property=\"og:image:type\" content=\"image\/jpeg\" \/>\n<meta name=\"author\" content=\"cjbraga\" \/>\n<meta name=\"twitter:card\" content=\"summary_large_image\" \/>\n<script type=\"application\/ld+json\" class=\"yoast-schema-graph\">{\"@context\":\"https:\/\/schema.org\",\"@graph\":[{\"@type\":\"Article\",\"@id\":\"https:\/\/fundasp.org.br\/radar\/pos-graduacao-in-company-fundasp-aula-magna-marca-inicio-de-novas-turmas-2\/#article\",\"isPartOf\":{\"@id\":\"https:\/\/fundasp.org.br\/radar\/pos-graduacao-in-company-fundasp-aula-magna-marca-inicio-de-novas-turmas-2\/\"},\"author\":{\"name\":\"cjbraga\",\"@id\":\"https:\/\/fundasp.org.br\/radar\/#\/schema\/person\/62a91b27992430f374cc86ce652c28a1\"},\"headline\":\"P\u00f3s-Gradua\u00e7\u00e3o In Company FUNDASP: aula magna marca in\u00edcio de novas turmas\",\"datePublished\":\"2026-09-03T16:01:41+00:00\",\"dateModified\":\"2026-09-03T19:01:46+00:00\",\"mainEntityOfPage\":{\"@id\":\"https:\/\/fundasp.org.br\/radar\/pos-graduacao-in-company-fundasp-aula-magna-marca-inicio-de-novas-turmas-2\/\"},\"wordCount\":343,\"commentCount\":0,\"publisher\":{\"@id\":\"https:\/\/fundasp.org.br\/radar\/#organization\"},\"image\":{\"@id\":\"https:\/\/fundasp.org.br\/radar\/pos-graduacao-in-company-fundasp-aula-magna-marca-inicio-de-novas-turmas-2\/#primaryimage\"},\"thumbnailUrl\":\"https:\/\/radar.fundasp.org.br\/wp-content\/uploads\/2026\/08\/shared-image-66-e1787950029878.jpg\",\"articleSection\":[\"DH\",\"fundasp\"],\"inLanguage\":\"pt-BR\",\"potentialAction\":[{\"@type\":\"CommentAction\",\"name\":\"Comment\",\"target\":[\"https:\/\/fundasp.org.br\/radar\/pos-graduacao-in-company-fundasp-aula-magna-marca-inicio-de-novas-turmas-2\/#respond\"]}]},{\"@type\":\"WebPage\",\"@id\":\"https:\/\/fundasp.org.br\/radar\/pos-graduacao-in-company-fundasp-aula-magna-marca-inicio-de-novas-turmas-2\/\",\"url\":\"https:\/\/fundasp.org.br\/radar\/pos-graduacao-in-company-fundasp-aula-magna-marca-inicio-de-novas-turmas-2\/\",\"name\":\"P\u00f3s-Gradua\u00e7\u00e3o In Company FUNDASP: aula magna marca in\u00edcio de novas turmas | Radar FUNDASP\",\"isPartOf\":{\"@id\":\"https:\/\/fundasp.org.br\/radar\/#website\"},\"primaryImageOfPage\":{\"@id\":\"https:\/\/fundasp.org.br\/radar\/pos-graduacao-in-company-fundasp-aula-magna-marca-inicio-de-novas-turmas-2\/#primaryimage\"},\"image\":{\"@id\":\"https:\/\/fundasp.org.br\/radar\/pos-graduacao-in-company-fundasp-aula-magna-marca-inicio-de-novas-turmas-2\/#primaryimage\"},\"thumbnailUrl\":\"https:\/\/radar.fundasp.org.br\/wp-content\/uploads\/2026\/08\/shared-image-66-e1787950029878.jpg\",\"datePublished\":\"2026-09-03T16:01:41+00:00\",\"dateModified\":\"2026-09-03T19:01:46+00:00\",\"description\":\"Na \u00faltima sexta-feira (28\/8), foi realizada a aula magna dos cursos de P\u00f3s-Gradua\u00e7\u00e3o In Company \u201cHist\u00f3ria e Cultura da \u00c1frica: Educa\u00e7\u00e3o e Rela\u00e7\u00f5es\",\"breadcrumb\":{\"@id\":\"https:\/\/fundasp.org.br\/radar\/pos-graduacao-in-company-fundasp-aula-magna-marca-inicio-de-novas-turmas-2\/#breadcrumb\"},\"inLanguage\":\"pt-BR\",\"potentialAction\":[{\"@type\":\"ReadAction\",\"target\":[\"https:\/\/fundasp.org.br\/radar\/pos-graduacao-in-company-fundasp-aula-magna-marca-inicio-de-novas-turmas-2\/\"]}]},{\"@type\":\"ImageObject\",\"inLanguage\":\"pt-BR\",\"@id\":\"https:\/\/fundasp.org.br\/radar\/pos-graduacao-in-company-fundasp-aula-magna-marca-inicio-de-novas-turmas-2\/#primaryimage\",\"url\":\"https:\/\/radar.fundasp.org.br\/wp-content\/uploads\/2026\/08\/shared-image-66-e1787950029878.jpg\",\"contentUrl\":\"https:\/\/radar.fundasp.org.br\/wp-content\/uploads\/2026\/08\/shared-image-66-e1787950029878.jpg\",\"width\":2000,\"height\":1110},{\"@type\":\"BreadcrumbList\",\"@id\":\"https:\/\/fundasp.org.br\/radar\/pos-graduacao-in-company-fundasp-aula-magna-marca-inicio-de-novas-turmas-2\/#breadcrumb\",\"itemListElement\":[{\"@type\":\"ListItem\",\"position\":1,\"name\":\"Home\",\"item\":\"https:\/\/fundasp.org.br\/radar\/\"},{\"@type\":\"ListItem\",\"position\":2,\"name\":\"P\u00f3s-Gradua\u00e7\u00e3o In Company FUNDASP: aula magna marca in\u00edcio de novas turmas\"}]},{\"@type\":\"WebSite\",\"@id\":\"https:\/\/fundasp.org.br\/radar\/#website\",\"url\":\"https:\/\/fundasp.org.br\/radar\/\",\"name\":\"RADAR | Funda\u00e7\u00e3o S\u00e3o Paulo - FUNDASP\",\"description\":\"A FUNDA\u00c7\u00c3O S\u00c3O PAULO, Mantenedora da Pontif\u00edcia Universidade Cat\u00f3lica de S\u00e3o Paulo e desde 2019 do Centro Universit\u00e1rio Assun\u00e7\u00e3o, \u00e9 pessoa jur\u00eddica de fins n\u00e3o econ\u00f4micos, tendo sua sede na Capital do Estado de S\u00e3o Paulo.\",\"publisher\":{\"@id\":\"https:\/\/fundasp.org.br\/radar\/#organization\"},\"alternateName\":\"fundasp.org.br\/radar\/\",\"potentialAction\":[{\"@type\":\"SearchAction\",\"target\":{\"@type\":\"EntryPoint\",\"urlTemplate\":\"https:\/\/fundasp.org.br\/radar\/?s={search_term_string}\"},\"query-input\":{\"@type\":\"PropertyValueSpecification\",\"valueRequired\":true,\"valueName\":\"search_term_string\"}}],\"inLanguage\":\"pt-BR\"},{\"@type\":\"Organization\",\"@id\":\"https:\/\/fundasp.org.br\/radar\/#organization\",\"name\":\"RADAR | Funda\u00e7\u00e3o S\u00e3o Paulo - FUNDASP\",\"url\":\"https:\/\/fundasp.org.br\/radar\/\",\"logo\":{\"@type\":\"ImageObject\",\"inLanguage\":\"pt-BR\",\"@id\":\"https:\/\/fundasp.org.br\/radar\/#\/schema\/logo\/image\/\",\"url\":\"https:\/\/radar.fundasp.org.br\/wp-content\/uploads\/2025\/02\/img50.webp\",\"contentUrl\":\"https:\/\/radar.fundasp.org.br\/wp-content\/uploads\/2025\/02\/img50.webp\",\"width\":650,\"height\":360,\"caption\":\"RADAR | Funda\u00e7\u00e3o S\u00e3o Paulo - FUNDASP\"},\"image\":{\"@id\":\"https:\/\/fundasp.org.br\/radar\/#\/schema\/logo\/image\/\"},\"sameAs\":[\"https:\/\/www.facebook.com\/Fundasp\/\",\"https:\/\/www.instagram.com\/fundacaosaopaulo\/\",\"https:\/\/br.linkedin.com\/company\/funda\u00e7\u00e3o-s\u00e3o-paulo\"]},{\"@type\":\"Person\",\"@id\":\"https:\/\/fundasp.org.br\/radar\/#\/schema\/person\/62a91b27992430f374cc86ce652c28a1\",\"name\":\"cjbraga\",\"image\":{\"@type\":\"ImageObject\",\"inLanguage\":\"pt-BR\",\"@id\":\"https:\/\/secure.gravatar.com\/avatar\/f4ae8f4f19168adb99903e9ebd528cb40a0df6da3d912d7b72a5f9403f6294fe?s=96&d=mm&r=g\",\"url\":\"https:\/\/secure.gravatar.com\/avatar\/f4ae8f4f19168adb99903e9ebd528cb40a0df6da3d912d7b72a5f9403f6294fe?s=96&d=mm&r=g\",\"contentUrl\":\"https:\/\/secure.gravatar.com\/avatar\/f4ae8f4f19168adb99903e9ebd528cb40a0df6da3d912d7b72a5f9403f6294fe?s=96&d=mm&r=g\",\"caption\":\"cjbraga\"},\"url\":\"https:\/\/fundasp.org.br\/radar\/author\/cjbraga\/\"}]}<\/script>\n<!-- \/ Yoast SEO plugin. -->","yoast_head_json":{"title":"P\u00f3s-Gradua\u00e7\u00e3o In Company FUNDASP: aula magna marca in\u00edcio de novas turmas | Radar FUNDASP","description":"Na \u00faltima sexta-feira (28\/8), foi realizada a aula magna dos cursos de P\u00f3s-Gradua\u00e7\u00e3o In Company \u201cHist\u00f3ria e Cultura da \u00c1frica: Educa\u00e7\u00e3o e Rela\u00e7\u00f5es","robots":{"index":"index","follow":"follow","max-snippet":"max-snippet:-1","max-image-preview":"max-image-preview:large","max-video-preview":"max-video-preview:-1"},"canonical":"https:\/\/fundasp.org.br\/radar\/pos-graduacao-in-company-fundasp-aula-magna-marca-inicio-de-novas-turmas-2\/","og_locale":"en_US","og_type":"article","og_title":"P\u00f3s-Gradua\u00e7\u00e3o In Company FUNDASP: aula magna marca in\u00edcio de novas turmas | Radar FUNDASP","og_description":"Na \u00faltima sexta-feira (28\/8), foi realizada a aula magna dos cursos de P\u00f3s-Gradua\u00e7\u00e3o In Company \u201cHist\u00f3ria e Cultura da \u00c1frica: Educa\u00e7\u00e3o e Rela\u00e7\u00f5es","og_url":"https:\/\/fundasp.org.br\/radar\/pos-graduacao-in-company-fundasp-aula-magna-marca-inicio-de-novas-turmas-2\/","og_site_name":"Radar FUNDASP","article_publisher":"https:\/\/www.facebook.com\/Fundasp\/","article_published_time":"2026-09-03T16:01:41+00:00","article_modified_time":"2026-09-03T19:01:46+00:00","og_image":[{"width":2000,"height":1110,"url":"https:\/\/radar.fundasp.org.br\/wp-content\/uploads\/2026\/08\/shared-image-66-e1787950029878.jpg","type":"image\/jpeg"}],"author":"cjbraga","twitter_card":"summary_large_image","schema":{"@context":"https:\/\/schema.org","@graph":[{"@type":"Article","@id":"https:\/\/fundasp.org.br\/radar\/pos-graduacao-in-company-fundasp-aula-magna-marca-inicio-de-novas-turmas-2\/#article","isPartOf":{"@id":"https:\/\/fundasp.org.br\/radar\/pos-graduacao-in-company-fundasp-aula-magna-marca-inicio-de-novas-turmas-2\/"},"author":{"name":"cjbraga","@id":"https:\/\/fundasp.org.br\/radar\/#\/schema\/person\/62a91b27992430f374cc86ce652c28a1"},"headline":"P\u00f3s-Gradua\u00e7\u00e3o In Company FUNDASP: aula magna marca in\u00edcio de novas turmas","datePublished":"2026-09-03T16:01:41+00:00","dateModified":"2026-09-03T19:01:46+00:00","mainEntityOfPage":{"@id":"https:\/\/fundasp.org.br\/radar\/pos-graduacao-in-company-fundasp-aula-magna-marca-inicio-de-novas-turmas-2\/"},"wordCount":343,"commentCount":0,"publisher":{"@id":"https:\/\/fundasp.org.br\/radar\/#organization"},"image":{"@id":"https:\/\/fundasp.org.br\/radar\/pos-graduacao-in-company-fundasp-aula-magna-marca-inicio-de-novas-turmas-2\/#primaryimage"},"thumbnailUrl":"https:\/\/radar.fundasp.org.br\/wp-content\/uploads\/2026\/08\/shared-image-66-e1787950029878.jpg","articleSection":["DH","fundasp"],"inLanguage":"pt-BR","potentialAction":[{"@type":"CommentAction","name":"Comment","target":["https:\/\/fundasp.org.br\/radar\/pos-graduacao-in-company-fundasp-aula-magna-marca-inicio-de-novas-turmas-2\/#respond"]}]},{"@type":"WebPage","@id":"https:\/\/fundasp.org.br\/radar\/pos-graduacao-in-company-fundasp-aula-magna-marca-inicio-de-novas-turmas-2\/","url":"https:\/\/fundasp.org.br\/radar\/pos-graduacao-in-company-fundasp-aula-magna-marca-inicio-de-novas-turmas-2\/","name":"P\u00f3s-Gradua\u00e7\u00e3o In Company FUNDASP: aula magna marca in\u00edcio de novas turmas | Radar FUNDASP","isPartOf":{"@id":"https:\/\/fundasp.org.br\/radar\/#website"},"primaryImageOfPage":{"@id":"https:\/\/fundasp.org.br\/radar\/pos-graduacao-in-company-fundasp-aula-magna-marca-inicio-de-novas-turmas-2\/#primaryimage"},"image":{"@id":"https:\/\/fundasp.org.br\/radar\/pos-graduacao-in-company-fundasp-aula-magna-marca-inicio-de-novas-turmas-2\/#primaryimage"},"thumbnailUrl":"https:\/\/radar.fundasp.org.br\/wp-content\/uploads\/2026\/08\/shared-image-66-e1787950029878.jpg","datePublished":"2026-09-03T16:01:41+00:00","dateModified":"2026-09-03T19:01:46+00:00","description":"Na \u00faltima sexta-feira (28\/8), foi realizada a aula magna dos cursos de P\u00f3s-Gradua\u00e7\u00e3o In Company \u201cHist\u00f3ria e Cultura da \u00c1frica: Educa\u00e7\u00e3o e Rela\u00e7\u00f5es","breadcrumb":{"@id":"https:\/\/fundasp.org.br\/radar\/pos-graduacao-in-company-fundasp-aula-magna-marca-inicio-de-novas-turmas-2\/#breadcrumb"},"inLanguage":"pt-BR","potentialAction":[{"@type":"ReadAction","target":["https:\/\/fundasp.org.br\/radar\/pos-graduacao-in-company-fundasp-aula-magna-marca-inicio-de-novas-turmas-2\/"]}]},{"@type":"ImageObject","inLanguage":"pt-BR","@id":"https:\/\/fundasp.org.br\/radar\/pos-graduacao-in-company-fundasp-aula-magna-marca-inicio-de-novas-turmas-2\/#primaryimage","url":"https:\/\/radar.fundasp.org.br\/wp-content\/uploads\/2026\/08\/shared-image-66-e1787950029878.jpg","contentUrl":"https:\/\/radar.fundasp.org.br\/wp-content\/uploads\/2026\/08\/shared-image-66-e1787950029878.jpg","width":2000,"height":1110},{"@type":"BreadcrumbList","@id":"https:\/\/fundasp.org.br\/radar\/pos-graduacao-in-company-fundasp-aula-magna-marca-inicio-de-novas-turmas-2\/#breadcrumb","itemListElement":[{"@type":"ListItem","position":1,"name":"Home","item":"https:\/\/fundasp.org.br\/radar\/"},{"@type":"ListItem","position":2,"name":"P\u00f3s-Gradua\u00e7\u00e3o In Company FUNDASP: aula magna marca in\u00edcio de novas turmas"}]},{"@type":"WebSite","@id":"https:\/\/fundasp.org.br\/radar\/#website","url":"https:\/\/fundasp.org.br\/radar\/","name":"RADAR | Funda\u00e7\u00e3o S\u00e3o Paulo - FUNDASP","description":"A FUNDA\u00c7\u00c3O S\u00c3O PAULO, Mantenedora da Pontif\u00edcia Universidade Cat\u00f3lica de S\u00e3o Paulo e desde 2019 do Centro Universit\u00e1rio Assun\u00e7\u00e3o, \u00e9 pessoa jur\u00eddica de fins n\u00e3o econ\u00f4micos, tendo sua sede na Capital do Estado de S\u00e3o Paulo.","publisher":{"@id":"https:\/\/fundasp.org.br\/radar\/#organization"},"alternateName":"fundasp.org.br\/radar\/","potentialAction":[{"@type":"SearchAction","target":{"@type":"EntryPoint","urlTemplate":"https:\/\/fundasp.org.br\/radar\/?s={search_term_string}"},"query-input":{"@type":"PropertyValueSpecification","valueRequired":true,"valueName":"search_term_string"}}],"inLanguage":"pt-BR"},{"@type":"Organization","@id":"https:\/\/fundasp.org.br\/radar\/#organization","name":"RADAR | Funda\u00e7\u00e3o S\u00e3o Paulo - FUNDASP","url":"https:\/\/fundasp.org.br\/radar\/","logo":{"@type":"ImageObject","inLanguage":"pt-BR","@id":"https:\/\/fundasp.org.br\/radar\/#\/schema\/logo\/image\/","url":"https:\/\/radar.fundasp.org.br\/wp-content\/uploads\/2025\/02\/img50.webp","contentUrl":"https:\/\/radar.fundasp.org.br\/wp-content\/uploads\/2025\/02\/img50.webp","width":650,"height":360,"caption":"RADAR | Funda\u00e7\u00e3o S\u00e3o Paulo - FUNDASP"},"image":{"@id":"https:\/\/fundasp.org.br\/radar\/#\/schema\/logo\/image\/"},"sameAs":["https:\/\/www.facebook.com\/Fundasp\/","https:\/\/www.instagram.com\/fundacaosaopaulo\/","https:\/\/br.linkedin.com\/company\/funda\u00e7\u00e3o-s\u00e3o-paulo"]},{"@type":"Person","@id":"https:\/\/fundasp.org.br\/radar\/#\/schema\/person\/62a91b27992430f374cc86ce652c28a1","name":"cjbraga","image":{"@type":"ImageObject","inLanguage":"pt-BR","@id":"https:\/\/secure.gravatar.com\/avatar\/f4ae8f4f19168adb99903e9ebd528cb40a0df6da3d912d7b72a5f9403f6294fe?s=96&d=mm&r=g","url":"https:\/\/secure.gravatar.com\/avatar\/f4ae8f4f19168adb99903e9ebd528cb40a0df6da3d912d7b72a5f9403f6294fe?s=96&d=mm&r=g","contentUrl":"https:\/\/secure.gravatar.com\/avatar\/f4ae8f4f19168adb99903e9ebd528cb40a0df6da3d912d7b72a5f9403f6294fe?s=96&d=mm&r=g","caption":"cjbraga"},"url":"https:\/\/fundasp.org.br\/radar\/author\/cjbraga\/"}]}},"_links":{"self":[{"href":"https:\/\/fundasp.org.br\/radar\/wp-json\/wp\/v2\/posts\/4154","targetHints":{"allow":["GET"]}}],"collection":[{"href":"https:\/\/fundasp.org.br\/radar\/wp-json\/wp\/v2\/posts"}],"about":[{"href":"https:\/\/fundasp.org.br\/radar\/wp-json\/wp\/v2\/types\/post"}],"author":[{"embeddable":true,"href":"https:\/\/fundasp.org.br\/radar\/wp-json\/wp\/v2\/users\/3"}],"replies":[{"embeddable":true,"href":"https:\/\/fundasp.org.br\/radar\/wp-json\/wp\/v2\/comments?post=4154"}],"version-history":[{"count":9,"href":"https:\/\/fundasp.org.br\/radar\/wp-json\/wp\/v2\/posts\/4154\/revisions"}],"predecessor-version":[{"id":4179,"href":"https:\/\/fundasp.org.br\/radar\/wp-json\/wp\/v2\/posts\/4154\/revisions\/4179"}],"wp:featuredmedia":[{"embeddable":true,"href":"https:\/\/fundasp.org.br\/radar\/wp-json\/wp\/v2\/media\/4155"}],"wp:attachment":[{"href":"https:\/\/fundasp.org.br\/radar\/wp-json\/wp\/v2\/media?parent=4154"}],"wp:term":[{"taxonomy":"category","embeddable":true,"href":"https:\/\/fundasp.org.br\/radar\/wp-json\/wp\/v2\/categories?post=4154"},{"taxonomy":"post_tag","embeddable":true,"href":"https:\/\/fundasp.org.br\/radar\/wp-json\/wp\/v2\/tags?post=4154"}],"curies":[{"name":"wp","href":"https:\/\/api.w.org\/{rel}","templated":true}]}}