{"id":4158,"date":"2026-08-31T11:00:21","date_gmt":"2026-08-31T11:00:21","guid":{"rendered":"https:\/\/fundasp.org.br\/radar\/?p=4158"},"modified":"2026-08-31T15:02:42","modified_gmt":"2026-08-31T15:02:42","slug":"nota-fundasp-sobre-bolsas-e-beneficios-a-bolsistas","status":"publish","type":"post","link":"https:\/\/fundasp.org.br\/radar\/nota-fundasp-sobre-bolsas-e-beneficios-a-bolsistas\/","title":{"rendered":"Nota FUNDASP: sobre bolsas e benef\u00edcios a bolsistas"},"content":{"rendered":"<p><span style=\"color: #000000;\">Diante de recente publica\u00e7\u00e3o, em rede social, feita por um grupo de alunos da PUC-SP, a Funda\u00e7\u00e3o S\u00e3o Paulo vem esclarecer:<\/span><\/p>\n<p><span style=\"color: #800000;\"><strong>\u2666<\/strong> <\/span><span style=\"color: #000000;\">Concede bolsas integrais e parciais, na gradua\u00e7\u00e3o e na p\u00f3s-gradua\u00e7\u00e3o <em>stricto sensu<\/em>, a 23% dos seus alunos(as) matriculados(as). Portanto, em percentual acima do exigido pela lei da filantropia;\u00a0<\/span><\/p>\n<p><span style=\"color: #800000;\"><strong>\u2666<\/strong> <\/span><span style=\"color: #000000;\">Al\u00e9m da bolsa de estudos, a Funda\u00e7\u00e3o concede outros benef\u00edcios como bolsa alimenta\u00e7\u00e3o a todos os alunos(as) Prounistas e aos alunos(as) com bolsa filantr\u00f3pica integral e parcial. Em cursos ministrados em dois per\u00edodos, a Funda\u00e7\u00e3o duplica a bolsa alimenta\u00e7\u00e3o;<\/span><\/p>\n<p><span style=\"color: #800000;\"><strong>\u2666<\/strong> <span style=\"color: #000000;\">Ap\u00f3s ouvir reclamos dos alunos bolsistas<\/span><\/span><span style=\"color: #000000;\"> sobre a necessidade de, periodicamente, renovar a documenta\u00e7\u00e3o que embasa a concess\u00e3o da bolsa por exig\u00eancia do programa Prouni, a Funda\u00e7\u00e3o conheceu uma solu\u00e7\u00e3o desenvolvida por ex-alunos bolsistas, na PUC-Rio. Chamada \u201cEducaopen\u201d, a solu\u00e7\u00e3o encontra-se h\u00e1 tempos implantada na referida universidade co-irm\u00e3 e em outras IES.<\/span><br \/>\n<span style=\"color: #000000;\">Trata-se de uma plataforma buscadora que, somente ap\u00f3s a autoriza\u00e7\u00e3o pr\u00e9via dos interessados, coleta os documentos necess\u00e1rios para a concess\u00e3o e manuten\u00e7\u00e3o das bolsas de estudo. N\u00e3o h\u00e1 qualquer custo de tempo ou financeiro para o aluno;<\/span><\/p>\n<p><span style=\"color: #800000;\"><strong>\u2666<\/strong> <\/span><span style=\"color: #000000;\"><strong><a href=\"https:\/\/www.fundasp.org.br\/radar\/bolsa-conecta-vai-agilizar-processo-de-concessao-e-manutencao-de-bolsas-filantropicas\/\">Em reuni\u00e3o com os alunos bolsistas PUC-SP<\/a><\/strong>, realizada na \u00faltima semana, a plataforma foi apresentada e ficou definido que, neste semestre, a plataforma ser\u00e1 testada por grupos de alunos e otimizada, antes de ser definitivamente implantada;<\/span><\/p>\n<p><span style=\"color: #800000;\"><strong>\u2666<\/strong> <\/span><span style=\"color: #000000;\">A an\u00e1lise da situa\u00e7\u00e3o socioecon\u00f4mica de cada aluno(a) continuar\u00e1 sendo feita por assistentes sociais e analistas do SABE, que continuar\u00e1 existindo. N\u00e3o haver\u00e1 uso de IA nesta an\u00e1lise. Os alunos que desejarem continuar\u00e3o contando com atendimento presencial no setor de bolsas da Universidade. O servi\u00e7o do SABE n\u00e3o ser\u00e1 prescindido, ficando a cargo da Reitoria a recep\u00e7\u00e3o, o tratamento e o controle dos alunos;<\/span><\/p>\n<p><span style=\"color: #800000;\"><strong>\u2666<\/strong> <\/span><span style=\"color: #000000;\">Por fim, a Funda\u00e7\u00e3o repudia toda forma de ofensa e desrespeito p\u00fablico cometida contra seus administradores. A FUNDASP prima pelo di\u00e1logo e acolhida das reivindica\u00e7\u00f5es justas e legais de suas Mantidas. O di\u00e1logo e o respeito, buscando a harmonia na diversidade, deveriam ser a marca daqueles que se preparam para fazer deles a chave das boas rela\u00e7\u00f5es entre as pessoas e os povos.<\/span><\/p>\n<p><span style=\"color: #800000;\"><strong>FUNDA\u00c7\u00c3O S\u00c3O PAULO<\/strong><\/span><\/p>\n<p><iframe loading=\"lazy\" title=\"Bolsa Conecta FUNDASP\" width=\"500\" height=\"281\" src=\"https:\/\/www.youtube.com\/embed\/qRJdnkXZWFY?feature=oembed\" frameborder=\"0\" allow=\"accelerometer; autoplay; clipboard-write; encrypted-media; gyroscope; picture-in-picture; web-share\" referrerpolicy=\"strict-origin-when-cross-origin\" allowfullscreen><\/iframe><\/p>\n","protected":false},"excerpt":{"rendered":"<p>Diante de recente publica\u00e7\u00e3o, em rede social, feita por um grupo de alunos da PUC-SP, a Funda\u00e7\u00e3o S\u00e3o Paulo vem esclarecer: \u2666 Concede bolsas integrais e parciais, na gradua\u00e7\u00e3o e na p\u00f3s-gradua\u00e7\u00e3o stricto sensu, a 23% dos seus alunos(as) matriculados(as). Portanto, em percentual acima do exigido pela lei da filantropia;\u00a0 \u2666 Al\u00e9m da bolsa de [&hellip;]<\/p>\n","protected":false},"author":11,"featured_media":4165,"comment_status":"open","ping_status":"open","sticky":false,"template":"","format":"standard","meta":{"footnotes":""},"categories":[3,9],"tags":[],"class_list":["post-4158","post","type-post","status-publish","format-standard","has-post-thumbnail","hentry","category-80-anos","category-fundasp"],"yoast_head":"<!-- This site is optimized with the Yoast SEO plugin v27.2 - https:\/\/yoast.com\/product\/yoast-seo-wordpress\/ -->\n<title>Nota FUNDASP: sobre bolsas e benef\u00edcios a bolsistas | Radar FUNDASP<\/title>\n<meta name=\"description\" content=\"Diante de recente publica\u00e7\u00e3o, em rede social, feita por um grupo de alunos da PUC-SP, a Funda\u00e7\u00e3o S\u00e3o Paulo vem esclarecer: \u2666 Concede bolsas integrais e\" \/>\n<meta name=\"robots\" content=\"index, follow, max-snippet:-1, max-image-preview:large, max-video-preview:-1\" \/>\n<link rel=\"canonical\" href=\"https:\/\/fundasp.org.br\/radar\/nota-fundasp-sobre-bolsas-e-beneficios-a-bolsistas\/\" \/>\n<meta property=\"og:locale\" content=\"en_US\" \/>\n<meta property=\"og:type\" content=\"article\" \/>\n<meta property=\"og:title\" content=\"Nota FUNDASP: sobre bolsas e benef\u00edcios a bolsistas | Radar FUNDASP\" \/>\n<meta property=\"og:description\" content=\"Diante de recente publica\u00e7\u00e3o, em rede social, feita por um grupo de alunos da PUC-SP, a Funda\u00e7\u00e3o S\u00e3o Paulo vem esclarecer: \u2666 Concede bolsas integrais e\" \/>\n<meta property=\"og:url\" content=\"https:\/\/fundasp.org.br\/radar\/nota-fundasp-sobre-bolsas-e-beneficios-a-bolsistas\/\" \/>\n<meta property=\"og:site_name\" content=\"Radar FUNDASP\" \/>\n<meta property=\"article:publisher\" content=\"https:\/\/www.facebook.com\/Fundasp\/\" \/>\n<meta property=\"article:published_time\" content=\"2026-08-31T11:00:21+00:00\" \/>\n<meta property=\"article:modified_time\" content=\"2026-08-31T15:02:42+00:00\" \/>\n<meta property=\"og:image\" content=\"https:\/\/radar.fundasp.org.br\/wp-content\/uploads\/2025\/08\/VALE-ESTA___RADAR____SOBRE-BOLSAS-E-BENEFICIOS-A-BOLSISTAS.jpg\" \/>\n\t<meta property=\"og:image:width\" content=\"650\" \/>\n\t<meta property=\"og:image:height\" content=\"360\" \/>\n\t<meta property=\"og:image:type\" content=\"image\/jpeg\" \/>\n<meta name=\"author\" content=\"thais polato\" \/>\n<meta name=\"twitter:card\" content=\"summary_large_image\" \/>\n<script type=\"application\/ld+json\" class=\"yoast-schema-graph\">{\"@context\":\"https:\/\/schema.org\",\"@graph\":[{\"@type\":\"Article\",\"@id\":\"https:\/\/fundasp.org.br\/radar\/nota-fundasp-sobre-bolsas-e-beneficios-a-bolsistas\/#article\",\"isPartOf\":{\"@id\":\"https:\/\/fundasp.org.br\/radar\/nota-fundasp-sobre-bolsas-e-beneficios-a-bolsistas\/\"},\"author\":{\"name\":\"thais polato\",\"@id\":\"https:\/\/fundasp.org.br\/radar\/#\/schema\/person\/8c9e3deb42dccae5f4f7b7e796cfa03e\"},\"headline\":\"Nota FUNDASP: sobre bolsas e benef\u00edcios a bolsistas\",\"datePublished\":\"2026-08-31T11:00:21+00:00\",\"dateModified\":\"2026-08-31T15:02:42+00:00\",\"mainEntityOfPage\":{\"@id\":\"https:\/\/fundasp.org.br\/radar\/nota-fundasp-sobre-bolsas-e-beneficios-a-bolsistas\/\"},\"wordCount\":406,\"commentCount\":0,\"publisher\":{\"@id\":\"https:\/\/fundasp.org.br\/radar\/#organization\"},\"image\":{\"@id\":\"https:\/\/fundasp.org.br\/radar\/nota-fundasp-sobre-bolsas-e-beneficios-a-bolsistas\/#primaryimage\"},\"thumbnailUrl\":\"https:\/\/radar.fundasp.org.br\/wp-content\/uploads\/2025\/08\/VALE-ESTA___RADAR____SOBRE-BOLSAS-E-BENEFICIOS-A-BOLSISTAS.jpg\",\"articleSection\":[\"80 ANOS\",\"fundasp\"],\"inLanguage\":\"pt-BR\",\"potentialAction\":[{\"@type\":\"CommentAction\",\"name\":\"Comment\",\"target\":[\"https:\/\/fundasp.org.br\/radar\/nota-fundasp-sobre-bolsas-e-beneficios-a-bolsistas\/#respond\"]}]},{\"@type\":\"WebPage\",\"@id\":\"https:\/\/fundasp.org.br\/radar\/nota-fundasp-sobre-bolsas-e-beneficios-a-bolsistas\/\",\"url\":\"https:\/\/fundasp.org.br\/radar\/nota-fundasp-sobre-bolsas-e-beneficios-a-bolsistas\/\",\"name\":\"Nota FUNDASP: sobre bolsas e benef\u00edcios a bolsistas | Radar FUNDASP\",\"isPartOf\":{\"@id\":\"https:\/\/fundasp.org.br\/radar\/#website\"},\"primaryImageOfPage\":{\"@id\":\"https:\/\/fundasp.org.br\/radar\/nota-fundasp-sobre-bolsas-e-beneficios-a-bolsistas\/#primaryimage\"},\"image\":{\"@id\":\"https:\/\/fundasp.org.br\/radar\/nota-fundasp-sobre-bolsas-e-beneficios-a-bolsistas\/#primaryimage\"},\"thumbnailUrl\":\"https:\/\/radar.fundasp.org.br\/wp-content\/uploads\/2025\/08\/VALE-ESTA___RADAR____SOBRE-BOLSAS-E-BENEFICIOS-A-BOLSISTAS.jpg\",\"datePublished\":\"2026-08-31T11:00:21+00:00\",\"dateModified\":\"2026-08-31T15:02:42+00:00\",\"description\":\"Diante de recente publica\u00e7\u00e3o, em rede social, feita por um grupo de alunos da PUC-SP, a Funda\u00e7\u00e3o S\u00e3o Paulo vem esclarecer: \u2666 Concede bolsas integrais e\",\"breadcrumb\":{\"@id\":\"https:\/\/fundasp.org.br\/radar\/nota-fundasp-sobre-bolsas-e-beneficios-a-bolsistas\/#breadcrumb\"},\"inLanguage\":\"pt-BR\",\"potentialAction\":[{\"@type\":\"ReadAction\",\"target\":[\"https:\/\/fundasp.org.br\/radar\/nota-fundasp-sobre-bolsas-e-beneficios-a-bolsistas\/\"]}]},{\"@type\":\"ImageObject\",\"inLanguage\":\"pt-BR\",\"@id\":\"https:\/\/fundasp.org.br\/radar\/nota-fundasp-sobre-bolsas-e-beneficios-a-bolsistas\/#primaryimage\",\"url\":\"https:\/\/radar.fundasp.org.br\/wp-content\/uploads\/2025\/08\/VALE-ESTA___RADAR____SOBRE-BOLSAS-E-BENEFICIOS-A-BOLSISTAS.jpg\",\"contentUrl\":\"https:\/\/radar.fundasp.org.br\/wp-content\/uploads\/2025\/08\/VALE-ESTA___RADAR____SOBRE-BOLSAS-E-BENEFICIOS-A-BOLSISTAS.jpg\",\"width\":650,\"height\":360},{\"@type\":\"BreadcrumbList\",\"@id\":\"https:\/\/fundasp.org.br\/radar\/nota-fundasp-sobre-bolsas-e-beneficios-a-bolsistas\/#breadcrumb\",\"itemListElement\":[{\"@type\":\"ListItem\",\"position\":1,\"name\":\"Home\",\"item\":\"https:\/\/fundasp.org.br\/radar\/\"},{\"@type\":\"ListItem\",\"position\":2,\"name\":\"Nota FUNDASP: sobre bolsas e benef\u00edcios a bolsistas\"}]},{\"@type\":\"WebSite\",\"@id\":\"https:\/\/fundasp.org.br\/radar\/#website\",\"url\":\"https:\/\/fundasp.org.br\/radar\/\",\"name\":\"RADAR | Funda\u00e7\u00e3o S\u00e3o Paulo - FUNDASP\",\"description\":\"A FUNDA\u00c7\u00c3O S\u00c3O PAULO, Mantenedora da Pontif\u00edcia Universidade Cat\u00f3lica de S\u00e3o Paulo e desde 2019 do Centro Universit\u00e1rio Assun\u00e7\u00e3o, \u00e9 pessoa jur\u00eddica de fins n\u00e3o econ\u00f4micos, tendo sua sede na Capital do Estado de S\u00e3o Paulo.\",\"publisher\":{\"@id\":\"https:\/\/fundasp.org.br\/radar\/#organization\"},\"alternateName\":\"fundasp.org.br\/radar\/\",\"potentialAction\":[{\"@type\":\"SearchAction\",\"target\":{\"@type\":\"EntryPoint\",\"urlTemplate\":\"https:\/\/fundasp.org.br\/radar\/?s={search_term_string}\"},\"query-input\":{\"@type\":\"PropertyValueSpecification\",\"valueRequired\":true,\"valueName\":\"search_term_string\"}}],\"inLanguage\":\"pt-BR\"},{\"@type\":\"Organization\",\"@id\":\"https:\/\/fundasp.org.br\/radar\/#organization\",\"name\":\"RADAR | Funda\u00e7\u00e3o S\u00e3o Paulo - FUNDASP\",\"url\":\"https:\/\/fundasp.org.br\/radar\/\",\"logo\":{\"@type\":\"ImageObject\",\"inLanguage\":\"pt-BR\",\"@id\":\"https:\/\/fundasp.org.br\/radar\/#\/schema\/logo\/image\/\",\"url\":\"https:\/\/radar.fundasp.org.br\/wp-content\/uploads\/2025\/02\/img50.webp\",\"contentUrl\":\"https:\/\/radar.fundasp.org.br\/wp-content\/uploads\/2025\/02\/img50.webp\",\"width\":650,\"height\":360,\"caption\":\"RADAR | Funda\u00e7\u00e3o S\u00e3o Paulo - FUNDASP\"},\"image\":{\"@id\":\"https:\/\/fundasp.org.br\/radar\/#\/schema\/logo\/image\/\"},\"sameAs\":[\"https:\/\/www.facebook.com\/Fundasp\/\",\"https:\/\/www.instagram.com\/fundacaosaopaulo\/\",\"https:\/\/br.linkedin.com\/company\/funda\u00e7\u00e3o-s\u00e3o-paulo\"]},{\"@type\":\"Person\",\"@id\":\"https:\/\/fundasp.org.br\/radar\/#\/schema\/person\/8c9e3deb42dccae5f4f7b7e796cfa03e\",\"name\":\"thais polato\",\"image\":{\"@type\":\"ImageObject\",\"inLanguage\":\"pt-BR\",\"@id\":\"https:\/\/secure.gravatar.com\/avatar\/ac558950c2302ee2529eec70b158436d8c86be25a46585805f7a070e213ff767?s=96&d=mm&r=g\",\"url\":\"https:\/\/secure.gravatar.com\/avatar\/ac558950c2302ee2529eec70b158436d8c86be25a46585805f7a070e213ff767?s=96&d=mm&r=g\",\"contentUrl\":\"https:\/\/secure.gravatar.com\/avatar\/ac558950c2302ee2529eec70b158436d8c86be25a46585805f7a070e213ff767?s=96&d=mm&r=g\",\"caption\":\"thais polato\"},\"url\":\"https:\/\/fundasp.org.br\/radar\/author\/thais-polato\/\"}]}<\/script>\n<!-- \/ Yoast SEO plugin. -->","yoast_head_json":{"title":"Nota FUNDASP: sobre bolsas e benef\u00edcios a bolsistas | Radar FUNDASP","description":"Diante de recente publica\u00e7\u00e3o, em rede social, feita por um grupo de alunos da PUC-SP, a Funda\u00e7\u00e3o S\u00e3o Paulo vem esclarecer: \u2666 Concede bolsas integrais e","robots":{"index":"index","follow":"follow","max-snippet":"max-snippet:-1","max-image-preview":"max-image-preview:large","max-video-preview":"max-video-preview:-1"},"canonical":"https:\/\/fundasp.org.br\/radar\/nota-fundasp-sobre-bolsas-e-beneficios-a-bolsistas\/","og_locale":"en_US","og_type":"article","og_title":"Nota FUNDASP: sobre bolsas e benef\u00edcios a bolsistas | Radar FUNDASP","og_description":"Diante de recente publica\u00e7\u00e3o, em rede social, feita por um grupo de alunos da PUC-SP, a Funda\u00e7\u00e3o S\u00e3o Paulo vem esclarecer: \u2666 Concede bolsas integrais e","og_url":"https:\/\/fundasp.org.br\/radar\/nota-fundasp-sobre-bolsas-e-beneficios-a-bolsistas\/","og_site_name":"Radar FUNDASP","article_publisher":"https:\/\/www.facebook.com\/Fundasp\/","article_published_time":"2026-08-31T11:00:21+00:00","article_modified_time":"2026-08-31T15:02:42+00:00","og_image":[{"width":650,"height":360,"url":"https:\/\/radar.fundasp.org.br\/wp-content\/uploads\/2025\/08\/VALE-ESTA___RADAR____SOBRE-BOLSAS-E-BENEFICIOS-A-BOLSISTAS.jpg","type":"image\/jpeg"}],"author":"thais polato","twitter_card":"summary_large_image","schema":{"@context":"https:\/\/schema.org","@graph":[{"@type":"Article","@id":"https:\/\/fundasp.org.br\/radar\/nota-fundasp-sobre-bolsas-e-beneficios-a-bolsistas\/#article","isPartOf":{"@id":"https:\/\/fundasp.org.br\/radar\/nota-fundasp-sobre-bolsas-e-beneficios-a-bolsistas\/"},"author":{"name":"thais polato","@id":"https:\/\/fundasp.org.br\/radar\/#\/schema\/person\/8c9e3deb42dccae5f4f7b7e796cfa03e"},"headline":"Nota FUNDASP: sobre bolsas e benef\u00edcios a bolsistas","datePublished":"2026-08-31T11:00:21+00:00","dateModified":"2026-08-31T15:02:42+00:00","mainEntityOfPage":{"@id":"https:\/\/fundasp.org.br\/radar\/nota-fundasp-sobre-bolsas-e-beneficios-a-bolsistas\/"},"wordCount":406,"commentCount":0,"publisher":{"@id":"https:\/\/fundasp.org.br\/radar\/#organization"},"image":{"@id":"https:\/\/fundasp.org.br\/radar\/nota-fundasp-sobre-bolsas-e-beneficios-a-bolsistas\/#primaryimage"},"thumbnailUrl":"https:\/\/radar.fundasp.org.br\/wp-content\/uploads\/2025\/08\/VALE-ESTA___RADAR____SOBRE-BOLSAS-E-BENEFICIOS-A-BOLSISTAS.jpg","articleSection":["80 ANOS","fundasp"],"inLanguage":"pt-BR","potentialAction":[{"@type":"CommentAction","name":"Comment","target":["https:\/\/fundasp.org.br\/radar\/nota-fundasp-sobre-bolsas-e-beneficios-a-bolsistas\/#respond"]}]},{"@type":"WebPage","@id":"https:\/\/fundasp.org.br\/radar\/nota-fundasp-sobre-bolsas-e-beneficios-a-bolsistas\/","url":"https:\/\/fundasp.org.br\/radar\/nota-fundasp-sobre-bolsas-e-beneficios-a-bolsistas\/","name":"Nota FUNDASP: sobre bolsas e benef\u00edcios a bolsistas | Radar FUNDASP","isPartOf":{"@id":"https:\/\/fundasp.org.br\/radar\/#website"},"primaryImageOfPage":{"@id":"https:\/\/fundasp.org.br\/radar\/nota-fundasp-sobre-bolsas-e-beneficios-a-bolsistas\/#primaryimage"},"image":{"@id":"https:\/\/fundasp.org.br\/radar\/nota-fundasp-sobre-bolsas-e-beneficios-a-bolsistas\/#primaryimage"},"thumbnailUrl":"https:\/\/radar.fundasp.org.br\/wp-content\/uploads\/2025\/08\/VALE-ESTA___RADAR____SOBRE-BOLSAS-E-BENEFICIOS-A-BOLSISTAS.jpg","datePublished":"2026-08-31T11:00:21+00:00","dateModified":"2026-08-31T15:02:42+00:00","description":"Diante de recente publica\u00e7\u00e3o, em rede social, feita por um grupo de alunos da PUC-SP, a Funda\u00e7\u00e3o S\u00e3o Paulo vem esclarecer: \u2666 Concede bolsas integrais e","breadcrumb":{"@id":"https:\/\/fundasp.org.br\/radar\/nota-fundasp-sobre-bolsas-e-beneficios-a-bolsistas\/#breadcrumb"},"inLanguage":"pt-BR","potentialAction":[{"@type":"ReadAction","target":["https:\/\/fundasp.org.br\/radar\/nota-fundasp-sobre-bolsas-e-beneficios-a-bolsistas\/"]}]},{"@type":"ImageObject","inLanguage":"pt-BR","@id":"https:\/\/fundasp.org.br\/radar\/nota-fundasp-sobre-bolsas-e-beneficios-a-bolsistas\/#primaryimage","url":"https:\/\/radar.fundasp.org.br\/wp-content\/uploads\/2025\/08\/VALE-ESTA___RADAR____SOBRE-BOLSAS-E-BENEFICIOS-A-BOLSISTAS.jpg","contentUrl":"https:\/\/radar.fundasp.org.br\/wp-content\/uploads\/2025\/08\/VALE-ESTA___RADAR____SOBRE-BOLSAS-E-BENEFICIOS-A-BOLSISTAS.jpg","width":650,"height":360},{"@type":"BreadcrumbList","@id":"https:\/\/fundasp.org.br\/radar\/nota-fundasp-sobre-bolsas-e-beneficios-a-bolsistas\/#breadcrumb","itemListElement":[{"@type":"ListItem","position":1,"name":"Home","item":"https:\/\/fundasp.org.br\/radar\/"},{"@type":"ListItem","position":2,"name":"Nota FUNDASP: sobre bolsas e benef\u00edcios a bolsistas"}]},{"@type":"WebSite","@id":"https:\/\/fundasp.org.br\/radar\/#website","url":"https:\/\/fundasp.org.br\/radar\/","name":"RADAR | Funda\u00e7\u00e3o S\u00e3o Paulo - FUNDASP","description":"A FUNDA\u00c7\u00c3O S\u00c3O PAULO, Mantenedora da Pontif\u00edcia Universidade Cat\u00f3lica de S\u00e3o Paulo e desde 2019 do Centro Universit\u00e1rio Assun\u00e7\u00e3o, \u00e9 pessoa jur\u00eddica de fins n\u00e3o econ\u00f4micos, tendo sua sede na Capital do Estado de S\u00e3o Paulo.","publisher":{"@id":"https:\/\/fundasp.org.br\/radar\/#organization"},"alternateName":"fundasp.org.br\/radar\/","potentialAction":[{"@type":"SearchAction","target":{"@type":"EntryPoint","urlTemplate":"https:\/\/fundasp.org.br\/radar\/?s={search_term_string}"},"query-input":{"@type":"PropertyValueSpecification","valueRequired":true,"valueName":"search_term_string"}}],"inLanguage":"pt-BR"},{"@type":"Organization","@id":"https:\/\/fundasp.org.br\/radar\/#organization","name":"RADAR | Funda\u00e7\u00e3o S\u00e3o Paulo - FUNDASP","url":"https:\/\/fundasp.org.br\/radar\/","logo":{"@type":"ImageObject","inLanguage":"pt-BR","@id":"https:\/\/fundasp.org.br\/radar\/#\/schema\/logo\/image\/","url":"https:\/\/radar.fundasp.org.br\/wp-content\/uploads\/2025\/02\/img50.webp","contentUrl":"https:\/\/radar.fundasp.org.br\/wp-content\/uploads\/2025\/02\/img50.webp","width":650,"height":360,"caption":"RADAR | Funda\u00e7\u00e3o S\u00e3o Paulo - FUNDASP"},"image":{"@id":"https:\/\/fundasp.org.br\/radar\/#\/schema\/logo\/image\/"},"sameAs":["https:\/\/www.facebook.com\/Fundasp\/","https:\/\/www.instagram.com\/fundacaosaopaulo\/","https:\/\/br.linkedin.com\/company\/funda\u00e7\u00e3o-s\u00e3o-paulo"]},{"@type":"Person","@id":"https:\/\/fundasp.org.br\/radar\/#\/schema\/person\/8c9e3deb42dccae5f4f7b7e796cfa03e","name":"thais polato","image":{"@type":"ImageObject","inLanguage":"pt-BR","@id":"https:\/\/secure.gravatar.com\/avatar\/ac558950c2302ee2529eec70b158436d8c86be25a46585805f7a070e213ff767?s=96&d=mm&r=g","url":"https:\/\/secure.gravatar.com\/avatar\/ac558950c2302ee2529eec70b158436d8c86be25a46585805f7a070e213ff767?s=96&d=mm&r=g","contentUrl":"https:\/\/secure.gravatar.com\/avatar\/ac558950c2302ee2529eec70b158436d8c86be25a46585805f7a070e213ff767?s=96&d=mm&r=g","caption":"thais polato"},"url":"https:\/\/fundasp.org.br\/radar\/author\/thais-polato\/"}]}},"_links":{"self":[{"href":"https:\/\/fundasp.org.br\/radar\/wp-json\/wp\/v2\/posts\/4158","targetHints":{"allow":["GET"]}}],"collection":[{"href":"https:\/\/fundasp.org.br\/radar\/wp-json\/wp\/v2\/posts"}],"about":[{"href":"https:\/\/fundasp.org.br\/radar\/wp-json\/wp\/v2\/types\/post"}],"author":[{"embeddable":true,"href":"https:\/\/fundasp.org.br\/radar\/wp-json\/wp\/v2\/users\/11"}],"replies":[{"embeddable":true,"href":"https:\/\/fundasp.org.br\/radar\/wp-json\/wp\/v2\/comments?post=4158"}],"version-history":[{"count":13,"href":"https:\/\/fundasp.org.br\/radar\/wp-json\/wp\/v2\/posts\/4158\/revisions"}],"predecessor-version":[{"id":4181,"href":"https:\/\/fundasp.org.br\/radar\/wp-json\/wp\/v2\/posts\/4158\/revisions\/4181"}],"wp:featuredmedia":[{"embeddable":true,"href":"https:\/\/fundasp.org.br\/radar\/wp-json\/wp\/v2\/media\/4165"}],"wp:attachment":[{"href":"https:\/\/fundasp.org.br\/radar\/wp-json\/wp\/v2\/media?parent=4158"}],"wp:term":[{"taxonomy":"category","embeddable":true,"href":"https:\/\/fundasp.org.br\/radar\/wp-json\/wp\/v2\/categories?post=4158"},{"taxonomy":"post_tag","embeddable":true,"href":"https:\/\/fundasp.org.br\/radar\/wp-json\/wp\/v2\/tags?post=4158"}],"curies":[{"name":"wp","href":"https:\/\/api.w.org\/{rel}","templated":true}]}}