{"id":4209,"date":"2026-09-02T10:27:18","date_gmt":"2026-09-02T10:27:18","guid":{"rendered":"https:\/\/fundasp.org.br\/radar\/?p=4209"},"modified":"2026-09-02T13:27:44","modified_gmt":"2026-09-02T13:27:44","slug":"nota-fundasp-bolsa-conecta","status":"publish","type":"post","link":"https:\/\/fundasp.org.br\/radar\/nota-fundasp-bolsa-conecta\/","title":{"rendered":"Nota FUNDASP: Bolsa Conecta"},"content":{"rendered":"<p>Em aten\u00e7\u00e3o \u00e0s manifesta\u00e7\u00f5es de alguns estudantes nas redes sociais, por meio de Centros Acad\u00eamicos da PUC-SP e de assembleias constitu\u00eddas para o mesmo fim, a Funda\u00e7\u00e3o S\u00e3o Paulo \u2013 FUNDASP \u2013 informa a suspens\u00e3o da utiliza\u00e7\u00e3o da plataforma digital Bolsa Conecta.<\/p>\n<p>Embora a Institui\u00e7\u00e3o tenha esclarecido que:<\/p>\n<p><span style=\"color: #800000;\">\u2666<\/span> a plataforma foi criada para FACILITAR a vida do estudante bolsista, reduzindo custos que at\u00e9 ent\u00e3o ficavam sob sua responsabilidade, al\u00e9m de deslocamentos e da burocracia inerente a um processo anal\u00f3gico;<\/p>\n<p><span style=\"color: #800000;\">\u2666<\/span> a documenta\u00e7\u00e3o solicitada \u00e9 aquela legalmente exigida para o PROUNI e para o sistema de demais gratuidades, da qual a Institui\u00e7\u00e3o n\u00e3o pode prescindir;<\/p>\n<p><span style=\"color: #800000;\">\u2666<\/span> a plataforma permitiria, sempre que legalmente poss\u00edvel, o aproveitamento de documentos j\u00e1 apresentados e a realiza\u00e7\u00e3o de novas consultas, somente mediante a necess\u00e1ria autoriza\u00e7\u00e3o do estudante, evitando a reapresenta\u00e7\u00e3o integral da documenta\u00e7\u00e3o nos processos de revalida\u00e7\u00e3o das bolsas;<\/p>\n<p><span style=\"color: #800000;\">\u2666<\/span> os documentos seriam armazenados em ambiente digital seguro, reduzindo os riscos pr\u00f3prios da circula\u00e7\u00e3o de documentos f\u00edsicos ou de seu envio por e-mail;<\/p>\n<p><span style=\"color: #800000;\">\u2666<\/span> a plataforma n\u00e3o utilizaria Intelig\u00eancia Artificial para an\u00e1lise ou decis\u00e3o sobre a vulnerabilidade socioecon\u00f4mica dos estudantes, diferentemente do que chegou a ser veiculado em algumas manifesta\u00e7\u00f5es, permanecendo a an\u00e1lise HUMANA, individualizada e realizada por assistente social e analistas do SABE.<\/p>\n<p>Ainda assim, os estudantes manifestantes entenderam de forma diversa e optaram pela rejei\u00e7\u00e3o da ferramenta antes de sua efetiva utiliza\u00e7\u00e3o.<\/p>\n<p>Lamenta-se, com isso, que n\u00e3o tenha sido poss\u00edvel avan\u00e7ar no di\u00e1logo e no aperfei\u00e7oamento de uma solu\u00e7\u00e3o desenvolvida por estudantes bolsistas e para estudantes bolsistas, inclusive a partir da escuta e de solicita\u00e7\u00f5es dos pr\u00f3prios alunos.<\/p>\n<p>Entretanto, em considera\u00e7\u00e3o \u00e0s manifesta\u00e7\u00f5es contr\u00e1rias \u00e0 iniciativa, fica suspensa a utiliza\u00e7\u00e3o da plataforma e, consequentemente, as facilidades que sua ado\u00e7\u00e3o proporcionaria.<\/p>\n<p>Fica, portanto, restabelecido o procedimento anterior,\u00a0 sob responsabilidade dos alunos:\u00a0 apresenta\u00e7\u00e3o da documenta\u00e7\u00e3o de forma f\u00edsica ou digitalizada e remetida por e-mail ao Setor de Atendimento ao Aluno Bolsista \u2013 SABE \u2013 da Universidade, para triagem, eventual solicita\u00e7\u00e3o de documentos complementares e posterior an\u00e1lise individual de cada processo, como sempre foi realizado e como, ali\u00e1s, nunca se prop\u00f4s alterar.<\/p>\n<p>Reafirmamos, por fim, que a suspens\u00e3o do uso da plataforma n\u00e3o afasta a necessidade de cumprimento das exig\u00eancias legais previstas na Lei Complementar n\u00ba 187\/2021 e nas normas do PROUNI (Portaria Normativa n\u00ba 19\/2008 e Portaria Normativa n\u00ba 1\/2015, com suas respectivas altera\u00e7\u00f5es), que estabelecem os procedimentos e a documenta\u00e7\u00e3o necess\u00e1ria para a concess\u00e3o e manuten\u00e7\u00e3o de bolsas.<\/p>\n<p>&nbsp;<\/p>\n<p><span style=\"color: #800000;\"><strong>FUNDA\u00c7\u00c3O S\u00c3O PAULO<\/strong><\/span><\/p>\n","protected":false},"excerpt":{"rendered":"<p>Em aten\u00e7\u00e3o \u00e0s manifesta\u00e7\u00f5es de alguns estudantes nas redes sociais, por meio de Centros Acad\u00eamicos da PUC-SP e de assembleias constitu\u00eddas para o mesmo fim, a Funda\u00e7\u00e3o S\u00e3o Paulo \u2013 FUNDASP \u2013 informa a suspens\u00e3o da utiliza\u00e7\u00e3o da plataforma digital Bolsa Conecta. Embora a Institui\u00e7\u00e3o tenha esclarecido que: \u2666 a plataforma foi criada para FACILITAR [&hellip;]<\/p>\n","protected":false},"author":11,"featured_media":4210,"comment_status":"open","ping_status":"open","sticky":false,"template":"","format":"standard","meta":{"footnotes":""},"categories":[9],"tags":[],"class_list":["post-4209","post","type-post","status-publish","format-standard","has-post-thumbnail","hentry","category-fundasp"],"yoast_head":"<!-- This site is optimized with the Yoast SEO plugin v27.2 - https:\/\/yoast.com\/product\/yoast-seo-wordpress\/ -->\n<title>Nota FUNDASP: Bolsa Conecta | Radar FUNDASP<\/title>\n<meta name=\"description\" content=\"Em aten\u00e7\u00e3o \u00e0s manifesta\u00e7\u00f5es de alguns estudantes nas redes sociais, por meio de Centros Acad\u00eamicos da PUC-SP e de assembleias constitu\u00eddas para o mesmo\" \/>\n<meta name=\"robots\" content=\"index, follow, max-snippet:-1, max-image-preview:large, max-video-preview:-1\" \/>\n<link rel=\"canonical\" href=\"https:\/\/fundasp.org.br\/radar\/nota-fundasp-bolsa-conecta\/\" \/>\n<meta property=\"og:locale\" content=\"en_US\" \/>\n<meta property=\"og:type\" content=\"article\" \/>\n<meta property=\"og:title\" content=\"Nota FUNDASP: Bolsa Conecta | Radar FUNDASP\" \/>\n<meta property=\"og:description\" content=\"Em aten\u00e7\u00e3o \u00e0s manifesta\u00e7\u00f5es de alguns estudantes nas redes sociais, por meio de Centros Acad\u00eamicos da PUC-SP e de assembleias constitu\u00eddas para o mesmo\" \/>\n<meta property=\"og:url\" content=\"https:\/\/fundasp.org.br\/radar\/nota-fundasp-bolsa-conecta\/\" \/>\n<meta property=\"og:site_name\" content=\"Radar FUNDASP\" \/>\n<meta property=\"article:publisher\" content=\"https:\/\/www.facebook.com\/Fundasp\/\" \/>\n<meta property=\"article:published_time\" content=\"2026-09-02T10:27:18+00:00\" \/>\n<meta property=\"article:modified_time\" content=\"2026-09-02T13:27:44+00:00\" \/>\n<meta property=\"og:image\" content=\"https:\/\/radar.fundasp.org.br\/wp-content\/uploads\/2026\/09\/RADAR_bolsa-conecta__.jpg\" \/>\n\t<meta property=\"og:image:width\" content=\"650\" \/>\n\t<meta property=\"og:image:height\" content=\"360\" \/>\n\t<meta property=\"og:image:type\" content=\"image\/jpeg\" \/>\n<meta name=\"author\" content=\"thais polato\" \/>\n<meta name=\"twitter:card\" content=\"summary_large_image\" \/>\n<script type=\"application\/ld+json\" class=\"yoast-schema-graph\">{\"@context\":\"https:\/\/schema.org\",\"@graph\":[{\"@type\":\"Article\",\"@id\":\"https:\/\/fundasp.org.br\/radar\/nota-fundasp-bolsa-conecta\/#article\",\"isPartOf\":{\"@id\":\"https:\/\/fundasp.org.br\/radar\/nota-fundasp-bolsa-conecta\/\"},\"author\":{\"name\":\"thais polato\",\"@id\":\"https:\/\/fundasp.org.br\/radar\/#\/schema\/person\/8c9e3deb42dccae5f4f7b7e796cfa03e\"},\"headline\":\"Nota FUNDASP: Bolsa Conecta\",\"datePublished\":\"2026-09-02T10:27:18+00:00\",\"dateModified\":\"2026-09-02T13:27:44+00:00\",\"mainEntityOfPage\":{\"@id\":\"https:\/\/fundasp.org.br\/radar\/nota-fundasp-bolsa-conecta\/\"},\"wordCount\":462,\"commentCount\":0,\"publisher\":{\"@id\":\"https:\/\/fundasp.org.br\/radar\/#organization\"},\"image\":{\"@id\":\"https:\/\/fundasp.org.br\/radar\/nota-fundasp-bolsa-conecta\/#primaryimage\"},\"thumbnailUrl\":\"https:\/\/radar.fundasp.org.br\/wp-content\/uploads\/2026\/09\/RADAR_bolsa-conecta__.jpg\",\"articleSection\":[\"fundasp\"],\"inLanguage\":\"pt-BR\",\"potentialAction\":[{\"@type\":\"CommentAction\",\"name\":\"Comment\",\"target\":[\"https:\/\/fundasp.org.br\/radar\/nota-fundasp-bolsa-conecta\/#respond\"]}]},{\"@type\":\"WebPage\",\"@id\":\"https:\/\/fundasp.org.br\/radar\/nota-fundasp-bolsa-conecta\/\",\"url\":\"https:\/\/fundasp.org.br\/radar\/nota-fundasp-bolsa-conecta\/\",\"name\":\"Nota FUNDASP: Bolsa Conecta | Radar FUNDASP\",\"isPartOf\":{\"@id\":\"https:\/\/fundasp.org.br\/radar\/#website\"},\"primaryImageOfPage\":{\"@id\":\"https:\/\/fundasp.org.br\/radar\/nota-fundasp-bolsa-conecta\/#primaryimage\"},\"image\":{\"@id\":\"https:\/\/fundasp.org.br\/radar\/nota-fundasp-bolsa-conecta\/#primaryimage\"},\"thumbnailUrl\":\"https:\/\/radar.fundasp.org.br\/wp-content\/uploads\/2026\/09\/RADAR_bolsa-conecta__.jpg\",\"datePublished\":\"2026-09-02T10:27:18+00:00\",\"dateModified\":\"2026-09-02T13:27:44+00:00\",\"description\":\"Em aten\u00e7\u00e3o \u00e0s manifesta\u00e7\u00f5es de alguns estudantes nas redes sociais, por meio de Centros Acad\u00eamicos da PUC-SP e de assembleias constitu\u00eddas para o mesmo\",\"breadcrumb\":{\"@id\":\"https:\/\/fundasp.org.br\/radar\/nota-fundasp-bolsa-conecta\/#breadcrumb\"},\"inLanguage\":\"pt-BR\",\"potentialAction\":[{\"@type\":\"ReadAction\",\"target\":[\"https:\/\/fundasp.org.br\/radar\/nota-fundasp-bolsa-conecta\/\"]}]},{\"@type\":\"ImageObject\",\"inLanguage\":\"pt-BR\",\"@id\":\"https:\/\/fundasp.org.br\/radar\/nota-fundasp-bolsa-conecta\/#primaryimage\",\"url\":\"https:\/\/radar.fundasp.org.br\/wp-content\/uploads\/2026\/09\/RADAR_bolsa-conecta__.jpg\",\"contentUrl\":\"https:\/\/radar.fundasp.org.br\/wp-content\/uploads\/2026\/09\/RADAR_bolsa-conecta__.jpg\",\"width\":650,\"height\":360},{\"@type\":\"BreadcrumbList\",\"@id\":\"https:\/\/fundasp.org.br\/radar\/nota-fundasp-bolsa-conecta\/#breadcrumb\",\"itemListElement\":[{\"@type\":\"ListItem\",\"position\":1,\"name\":\"Home\",\"item\":\"https:\/\/fundasp.org.br\/radar\/\"},{\"@type\":\"ListItem\",\"position\":2,\"name\":\"Nota FUNDASP: Bolsa Conecta\"}]},{\"@type\":\"WebSite\",\"@id\":\"https:\/\/fundasp.org.br\/radar\/#website\",\"url\":\"https:\/\/fundasp.org.br\/radar\/\",\"name\":\"RADAR | Funda\u00e7\u00e3o S\u00e3o Paulo - FUNDASP\",\"description\":\"A FUNDA\u00c7\u00c3O S\u00c3O PAULO, Mantenedora da Pontif\u00edcia Universidade Cat\u00f3lica de S\u00e3o Paulo e desde 2019 do Centro Universit\u00e1rio Assun\u00e7\u00e3o, \u00e9 pessoa jur\u00eddica de fins n\u00e3o econ\u00f4micos, tendo sua sede na Capital do Estado de S\u00e3o Paulo.\",\"publisher\":{\"@id\":\"https:\/\/fundasp.org.br\/radar\/#organization\"},\"alternateName\":\"fundasp.org.br\/radar\/\",\"potentialAction\":[{\"@type\":\"SearchAction\",\"target\":{\"@type\":\"EntryPoint\",\"urlTemplate\":\"https:\/\/fundasp.org.br\/radar\/?s={search_term_string}\"},\"query-input\":{\"@type\":\"PropertyValueSpecification\",\"valueRequired\":true,\"valueName\":\"search_term_string\"}}],\"inLanguage\":\"pt-BR\"},{\"@type\":\"Organization\",\"@id\":\"https:\/\/fundasp.org.br\/radar\/#organization\",\"name\":\"RADAR | Funda\u00e7\u00e3o S\u00e3o Paulo - FUNDASP\",\"url\":\"https:\/\/fundasp.org.br\/radar\/\",\"logo\":{\"@type\":\"ImageObject\",\"inLanguage\":\"pt-BR\",\"@id\":\"https:\/\/fundasp.org.br\/radar\/#\/schema\/logo\/image\/\",\"url\":\"https:\/\/radar.fundasp.org.br\/wp-content\/uploads\/2025\/02\/img50.webp\",\"contentUrl\":\"https:\/\/radar.fundasp.org.br\/wp-content\/uploads\/2025\/02\/img50.webp\",\"width\":650,\"height\":360,\"caption\":\"RADAR | Funda\u00e7\u00e3o S\u00e3o Paulo - FUNDASP\"},\"image\":{\"@id\":\"https:\/\/fundasp.org.br\/radar\/#\/schema\/logo\/image\/\"},\"sameAs\":[\"https:\/\/www.facebook.com\/Fundasp\/\",\"https:\/\/www.instagram.com\/fundacaosaopaulo\/\",\"https:\/\/br.linkedin.com\/company\/funda\u00e7\u00e3o-s\u00e3o-paulo\"]},{\"@type\":\"Person\",\"@id\":\"https:\/\/fundasp.org.br\/radar\/#\/schema\/person\/8c9e3deb42dccae5f4f7b7e796cfa03e\",\"name\":\"thais polato\",\"image\":{\"@type\":\"ImageObject\",\"inLanguage\":\"pt-BR\",\"@id\":\"https:\/\/secure.gravatar.com\/avatar\/ac558950c2302ee2529eec70b158436d8c86be25a46585805f7a070e213ff767?s=96&d=mm&r=g\",\"url\":\"https:\/\/secure.gravatar.com\/avatar\/ac558950c2302ee2529eec70b158436d8c86be25a46585805f7a070e213ff767?s=96&d=mm&r=g\",\"contentUrl\":\"https:\/\/secure.gravatar.com\/avatar\/ac558950c2302ee2529eec70b158436d8c86be25a46585805f7a070e213ff767?s=96&d=mm&r=g\",\"caption\":\"thais polato\"},\"url\":\"https:\/\/fundasp.org.br\/radar\/author\/thais-polato\/\"}]}<\/script>\n<!-- \/ Yoast SEO plugin. -->","yoast_head_json":{"title":"Nota FUNDASP: Bolsa Conecta | Radar FUNDASP","description":"Em aten\u00e7\u00e3o \u00e0s manifesta\u00e7\u00f5es de alguns estudantes nas redes sociais, por meio de Centros Acad\u00eamicos da PUC-SP e de assembleias constitu\u00eddas para o mesmo","robots":{"index":"index","follow":"follow","max-snippet":"max-snippet:-1","max-image-preview":"max-image-preview:large","max-video-preview":"max-video-preview:-1"},"canonical":"https:\/\/fundasp.org.br\/radar\/nota-fundasp-bolsa-conecta\/","og_locale":"en_US","og_type":"article","og_title":"Nota FUNDASP: Bolsa Conecta | Radar FUNDASP","og_description":"Em aten\u00e7\u00e3o \u00e0s manifesta\u00e7\u00f5es de alguns estudantes nas redes sociais, por meio de Centros Acad\u00eamicos da PUC-SP e de assembleias constitu\u00eddas para o mesmo","og_url":"https:\/\/fundasp.org.br\/radar\/nota-fundasp-bolsa-conecta\/","og_site_name":"Radar FUNDASP","article_publisher":"https:\/\/www.facebook.com\/Fundasp\/","article_published_time":"2026-09-02T10:27:18+00:00","article_modified_time":"2026-09-02T13:27:44+00:00","og_image":[{"width":650,"height":360,"url":"https:\/\/radar.fundasp.org.br\/wp-content\/uploads\/2026\/09\/RADAR_bolsa-conecta__.jpg","type":"image\/jpeg"}],"author":"thais polato","twitter_card":"summary_large_image","schema":{"@context":"https:\/\/schema.org","@graph":[{"@type":"Article","@id":"https:\/\/fundasp.org.br\/radar\/nota-fundasp-bolsa-conecta\/#article","isPartOf":{"@id":"https:\/\/fundasp.org.br\/radar\/nota-fundasp-bolsa-conecta\/"},"author":{"name":"thais polato","@id":"https:\/\/fundasp.org.br\/radar\/#\/schema\/person\/8c9e3deb42dccae5f4f7b7e796cfa03e"},"headline":"Nota FUNDASP: Bolsa Conecta","datePublished":"2026-09-02T10:27:18+00:00","dateModified":"2026-09-02T13:27:44+00:00","mainEntityOfPage":{"@id":"https:\/\/fundasp.org.br\/radar\/nota-fundasp-bolsa-conecta\/"},"wordCount":462,"commentCount":0,"publisher":{"@id":"https:\/\/fundasp.org.br\/radar\/#organization"},"image":{"@id":"https:\/\/fundasp.org.br\/radar\/nota-fundasp-bolsa-conecta\/#primaryimage"},"thumbnailUrl":"https:\/\/radar.fundasp.org.br\/wp-content\/uploads\/2026\/09\/RADAR_bolsa-conecta__.jpg","articleSection":["fundasp"],"inLanguage":"pt-BR","potentialAction":[{"@type":"CommentAction","name":"Comment","target":["https:\/\/fundasp.org.br\/radar\/nota-fundasp-bolsa-conecta\/#respond"]}]},{"@type":"WebPage","@id":"https:\/\/fundasp.org.br\/radar\/nota-fundasp-bolsa-conecta\/","url":"https:\/\/fundasp.org.br\/radar\/nota-fundasp-bolsa-conecta\/","name":"Nota FUNDASP: Bolsa Conecta | Radar FUNDASP","isPartOf":{"@id":"https:\/\/fundasp.org.br\/radar\/#website"},"primaryImageOfPage":{"@id":"https:\/\/fundasp.org.br\/radar\/nota-fundasp-bolsa-conecta\/#primaryimage"},"image":{"@id":"https:\/\/fundasp.org.br\/radar\/nota-fundasp-bolsa-conecta\/#primaryimage"},"thumbnailUrl":"https:\/\/radar.fundasp.org.br\/wp-content\/uploads\/2026\/09\/RADAR_bolsa-conecta__.jpg","datePublished":"2026-09-02T10:27:18+00:00","dateModified":"2026-09-02T13:27:44+00:00","description":"Em aten\u00e7\u00e3o \u00e0s manifesta\u00e7\u00f5es de alguns estudantes nas redes sociais, por meio de Centros Acad\u00eamicos da PUC-SP e de assembleias constitu\u00eddas para o mesmo","breadcrumb":{"@id":"https:\/\/fundasp.org.br\/radar\/nota-fundasp-bolsa-conecta\/#breadcrumb"},"inLanguage":"pt-BR","potentialAction":[{"@type":"ReadAction","target":["https:\/\/fundasp.org.br\/radar\/nota-fundasp-bolsa-conecta\/"]}]},{"@type":"ImageObject","inLanguage":"pt-BR","@id":"https:\/\/fundasp.org.br\/radar\/nota-fundasp-bolsa-conecta\/#primaryimage","url":"https:\/\/radar.fundasp.org.br\/wp-content\/uploads\/2026\/09\/RADAR_bolsa-conecta__.jpg","contentUrl":"https:\/\/radar.fundasp.org.br\/wp-content\/uploads\/2026\/09\/RADAR_bolsa-conecta__.jpg","width":650,"height":360},{"@type":"BreadcrumbList","@id":"https:\/\/fundasp.org.br\/radar\/nota-fundasp-bolsa-conecta\/#breadcrumb","itemListElement":[{"@type":"ListItem","position":1,"name":"Home","item":"https:\/\/fundasp.org.br\/radar\/"},{"@type":"ListItem","position":2,"name":"Nota FUNDASP: Bolsa Conecta"}]},{"@type":"WebSite","@id":"https:\/\/fundasp.org.br\/radar\/#website","url":"https:\/\/fundasp.org.br\/radar\/","name":"RADAR | Funda\u00e7\u00e3o S\u00e3o Paulo - FUNDASP","description":"A FUNDA\u00c7\u00c3O S\u00c3O PAULO, Mantenedora da Pontif\u00edcia Universidade Cat\u00f3lica de S\u00e3o Paulo e desde 2019 do Centro Universit\u00e1rio Assun\u00e7\u00e3o, \u00e9 pessoa jur\u00eddica de fins n\u00e3o econ\u00f4micos, tendo sua sede na Capital do Estado de S\u00e3o Paulo.","publisher":{"@id":"https:\/\/fundasp.org.br\/radar\/#organization"},"alternateName":"fundasp.org.br\/radar\/","potentialAction":[{"@type":"SearchAction","target":{"@type":"EntryPoint","urlTemplate":"https:\/\/fundasp.org.br\/radar\/?s={search_term_string}"},"query-input":{"@type":"PropertyValueSpecification","valueRequired":true,"valueName":"search_term_string"}}],"inLanguage":"pt-BR"},{"@type":"Organization","@id":"https:\/\/fundasp.org.br\/radar\/#organization","name":"RADAR | Funda\u00e7\u00e3o S\u00e3o Paulo - FUNDASP","url":"https:\/\/fundasp.org.br\/radar\/","logo":{"@type":"ImageObject","inLanguage":"pt-BR","@id":"https:\/\/fundasp.org.br\/radar\/#\/schema\/logo\/image\/","url":"https:\/\/radar.fundasp.org.br\/wp-content\/uploads\/2025\/02\/img50.webp","contentUrl":"https:\/\/radar.fundasp.org.br\/wp-content\/uploads\/2025\/02\/img50.webp","width":650,"height":360,"caption":"RADAR | Funda\u00e7\u00e3o S\u00e3o Paulo - FUNDASP"},"image":{"@id":"https:\/\/fundasp.org.br\/radar\/#\/schema\/logo\/image\/"},"sameAs":["https:\/\/www.facebook.com\/Fundasp\/","https:\/\/www.instagram.com\/fundacaosaopaulo\/","https:\/\/br.linkedin.com\/company\/funda\u00e7\u00e3o-s\u00e3o-paulo"]},{"@type":"Person","@id":"https:\/\/fundasp.org.br\/radar\/#\/schema\/person\/8c9e3deb42dccae5f4f7b7e796cfa03e","name":"thais polato","image":{"@type":"ImageObject","inLanguage":"pt-BR","@id":"https:\/\/secure.gravatar.com\/avatar\/ac558950c2302ee2529eec70b158436d8c86be25a46585805f7a070e213ff767?s=96&d=mm&r=g","url":"https:\/\/secure.gravatar.com\/avatar\/ac558950c2302ee2529eec70b158436d8c86be25a46585805f7a070e213ff767?s=96&d=mm&r=g","contentUrl":"https:\/\/secure.gravatar.com\/avatar\/ac558950c2302ee2529eec70b158436d8c86be25a46585805f7a070e213ff767?s=96&d=mm&r=g","caption":"thais polato"},"url":"https:\/\/fundasp.org.br\/radar\/author\/thais-polato\/"}]}},"_links":{"self":[{"href":"https:\/\/fundasp.org.br\/radar\/wp-json\/wp\/v2\/posts\/4209","targetHints":{"allow":["GET"]}}],"collection":[{"href":"https:\/\/fundasp.org.br\/radar\/wp-json\/wp\/v2\/posts"}],"about":[{"href":"https:\/\/fundasp.org.br\/radar\/wp-json\/wp\/v2\/types\/post"}],"author":[{"embeddable":true,"href":"https:\/\/fundasp.org.br\/radar\/wp-json\/wp\/v2\/users\/11"}],"replies":[{"embeddable":true,"href":"https:\/\/fundasp.org.br\/radar\/wp-json\/wp\/v2\/comments?post=4209"}],"version-history":[{"count":2,"href":"https:\/\/fundasp.org.br\/radar\/wp-json\/wp\/v2\/posts\/4209\/revisions"}],"predecessor-version":[{"id":4212,"href":"https:\/\/fundasp.org.br\/radar\/wp-json\/wp\/v2\/posts\/4209\/revisions\/4212"}],"wp:featuredmedia":[{"embeddable":true,"href":"https:\/\/fundasp.org.br\/radar\/wp-json\/wp\/v2\/media\/4210"}],"wp:attachment":[{"href":"https:\/\/fundasp.org.br\/radar\/wp-json\/wp\/v2\/media?parent=4209"}],"wp:term":[{"taxonomy":"category","embeddable":true,"href":"https:\/\/fundasp.org.br\/radar\/wp-json\/wp\/v2\/categories?post=4209"},{"taxonomy":"post_tag","embeddable":true,"href":"https:\/\/fundasp.org.br\/radar\/wp-json\/wp\/v2\/tags?post=4209"}],"curies":[{"name":"wp","href":"https:\/\/api.w.org\/{rel}","templated":true}]}}