{"id":900,"date":"2025-06-10T11:20:12","date_gmt":"2025-06-10T14:20:12","guid":{"rendered":"https:\/\/wp01-dev.pucsp.br\/?p=900"},"modified":"2025-09-16T12:08:43","modified_gmt":"2025-09-16T12:08:43","slug":"lumen-palestra-aberta-amazonia-cultivada","status":"publish","type":"post","link":"https:\/\/fundasp.org.br\/radar\/lumen-palestra-aberta-amazonia-cultivada\/","title":{"rendered":"Lumen: palestra aberta Amaz\u00f4nia Cultivada"},"content":{"rendered":"<p>O N\u00facleo Lumen, subordinado \u00e0 Funda\u00e7\u00e3o, realizada na pr\u00f3xima sexta (13\/06), 11h, o evento online Amaz\u00f4nia cultivada: saberes ind\u00edgenas na constru\u00e7\u00e3o da biodiversidade e dos ecossistemas.<\/p>\n<p>No encontro ser\u00e1 destacado como povos ind\u00edgenas moldam seus ecossistemas h\u00e1 mil\u00eanios em contraposi\u00e7\u00e3o \u00e0 ideia de uma Amaz\u00f4nia intocada. Ideia apoiada pela ci\u00eancia que, por muito tempo, negligenciou as contribui\u00e7\u00f5es dos aut\u00f3ctones, influenciando pol\u00edticas p\u00fablicas.<\/p>\n<p>Ser\u00e3o apontadas evid\u00eancias arqueol\u00f3gicas de pr\u00e1ticas antigas de manejo e cultivo, baseadas numa cosmologia em que cultura e natureza s\u00e3o insepar\u00e1veis, revelando saberes fundamentais para a resili\u00eancia ecol\u00f3gica diante das crises atuais.<\/p>\n<p>Jo\u00e3o Rivelino R. Barreto, ind\u00edgena Tukano nascido em S\u00e3o Gabriel da Cachoeira (AM), \u00e9 fil\u00f3sofo e antrop\u00f3logo, com mestrado e doutorado em Antropologia Social. Desde 2024, \u00e9 professor no Departamento de Antropologia da UFSC, onde atua na forma\u00e7\u00e3o docente e pesquisa em ecologias e epistemologias ind\u00edgenas, \u00e9 ainda membro da rede do Instituto Serrapilheira.<\/p>\n<p>Carolina Levis \u00e9 bi\u00f3loga pela UFRJ, com doutorado em Ecologia pelo INPA e Wageningen University. Atua na interface entre Ecologia, Antropologia e Arqueologia, pesquisando como povos ind\u00edgenas moldam ecossistemas amaz\u00f4nicos. \u00c9 professora colaboradora na UFSC, pesquisadora do Brazil LAB (Princeton) e integra a rede do Instituto Serrapilheira.<\/p>\n<p>Inscreva-se e receba o link do evento enviando e-mail para pucsp.br\/lumen.<\/p>\n","protected":false},"excerpt":{"rendered":"<p>O N\u00facleo Lumen, subordinado \u00e0 Funda\u00e7\u00e3o, realizada na pr\u00f3xima sexta (13\/06), 11h, o evento online Amaz\u00f4nia cultivada: saberes ind\u00edgenas na constru\u00e7\u00e3o da biodiversidade e dos ecossistemas. No encontro ser\u00e1 destacado como povos ind\u00edgenas moldam seus ecossistemas h\u00e1 mil\u00eanios em contraposi\u00e7\u00e3o \u00e0 ideia de uma Amaz\u00f4nia intocada. Ideia apoiada pela ci\u00eancia que, por muito tempo, negligenciou [&hellip;]<\/p>\n","protected":false},"author":3,"featured_media":903,"comment_status":"open","ping_status":"open","sticky":false,"template":"","format":"standard","meta":{"footnotes":""},"categories":[13],"tags":[],"class_list":["post-900","post","type-post","status-publish","format-standard","has-post-thumbnail","hentry","category-lumen"],"yoast_head":"<!-- This site is optimized with the Yoast SEO plugin v27.2 - https:\/\/yoast.com\/product\/yoast-seo-wordpress\/ -->\n<title>Lumen: palestra aberta Amaz\u00f4nia Cultivada | Radar FUNDASP<\/title>\n<meta name=\"description\" content=\"O N\u00facleo Lumen, subordinado \u00e0 Funda\u00e7\u00e3o, realizada na pr\u00f3xima sexta (13\/06), 11h, o evento online Amaz\u00f4nia cultivada: saberes ind\u00edgenas na constru\u00e7\u00e3o da\" \/>\n<meta name=\"robots\" content=\"index, follow, max-snippet:-1, max-image-preview:large, max-video-preview:-1\" \/>\n<link rel=\"canonical\" href=\"https:\/\/fundasp.org.br\/radar\/lumen-palestra-aberta-amazonia-cultivada\/\" \/>\n<meta property=\"og:locale\" content=\"en_US\" \/>\n<meta property=\"og:type\" content=\"article\" \/>\n<meta property=\"og:title\" content=\"Lumen: palestra aberta Amaz\u00f4nia Cultivada | Radar FUNDASP\" \/>\n<meta property=\"og:description\" content=\"O N\u00facleo Lumen, subordinado \u00e0 Funda\u00e7\u00e3o, realizada na pr\u00f3xima sexta (13\/06), 11h, o evento online Amaz\u00f4nia cultivada: saberes ind\u00edgenas na constru\u00e7\u00e3o da\" \/>\n<meta property=\"og:url\" content=\"https:\/\/fundasp.org.br\/radar\/lumen-palestra-aberta-amazonia-cultivada\/\" \/>\n<meta property=\"og:site_name\" content=\"Radar FUNDASP\" \/>\n<meta property=\"article:publisher\" content=\"https:\/\/www.facebook.com\/Fundasp\/\" \/>\n<meta property=\"article:published_time\" content=\"2025-06-10T14:20:12+00:00\" \/>\n<meta property=\"article:modified_time\" content=\"2025-09-16T12:08:43+00:00\" \/>\n<meta property=\"og:image\" content=\"https:\/\/radar.fundasp.org.br\/wp-content\/uploads\/2025\/06\/09062025-lumen-palestra-aberta-op2-1-e1755267727158.jpg\" \/>\n\t<meta property=\"og:image:width\" content=\"1080\" \/>\n\t<meta property=\"og:image:height\" content=\"600\" \/>\n\t<meta property=\"og:image:type\" content=\"image\/jpeg\" \/>\n<meta name=\"author\" content=\"cjbraga\" \/>\n<meta name=\"twitter:card\" content=\"summary_large_image\" \/>\n<script type=\"application\/ld+json\" class=\"yoast-schema-graph\">{\"@context\":\"https:\/\/schema.org\",\"@graph\":[{\"@type\":\"Article\",\"@id\":\"https:\/\/fundasp.org.br\/radar\/lumen-palestra-aberta-amazonia-cultivada\/#article\",\"isPartOf\":{\"@id\":\"https:\/\/fundasp.org.br\/radar\/lumen-palestra-aberta-amazonia-cultivada\/\"},\"author\":{\"name\":\"cjbraga\",\"@id\":\"https:\/\/fundasp.org.br\/radar\/#\/schema\/person\/62a91b27992430f374cc86ce652c28a1\"},\"headline\":\"Lumen: palestra aberta Amaz\u00f4nia Cultivada\",\"datePublished\":\"2025-06-10T14:20:12+00:00\",\"dateModified\":\"2025-09-16T12:08:43+00:00\",\"mainEntityOfPage\":{\"@id\":\"https:\/\/fundasp.org.br\/radar\/lumen-palestra-aberta-amazonia-cultivada\/\"},\"wordCount\":238,\"commentCount\":0,\"publisher\":{\"@id\":\"https:\/\/fundasp.org.br\/radar\/#organization\"},\"image\":{\"@id\":\"https:\/\/fundasp.org.br\/radar\/lumen-palestra-aberta-amazonia-cultivada\/#primaryimage\"},\"thumbnailUrl\":\"https:\/\/radar.fundasp.org.br\/wp-content\/uploads\/2025\/06\/09062025-lumen-palestra-aberta-op2-1-e1755267727158.jpg\",\"articleSection\":[\"Lumen\"],\"inLanguage\":\"pt-BR\",\"potentialAction\":[{\"@type\":\"CommentAction\",\"name\":\"Comment\",\"target\":[\"https:\/\/fundasp.org.br\/radar\/lumen-palestra-aberta-amazonia-cultivada\/#respond\"]}]},{\"@type\":\"WebPage\",\"@id\":\"https:\/\/fundasp.org.br\/radar\/lumen-palestra-aberta-amazonia-cultivada\/\",\"url\":\"https:\/\/fundasp.org.br\/radar\/lumen-palestra-aberta-amazonia-cultivada\/\",\"name\":\"Lumen: palestra aberta Amaz\u00f4nia Cultivada | Radar FUNDASP\",\"isPartOf\":{\"@id\":\"https:\/\/fundasp.org.br\/radar\/#website\"},\"primaryImageOfPage\":{\"@id\":\"https:\/\/fundasp.org.br\/radar\/lumen-palestra-aberta-amazonia-cultivada\/#primaryimage\"},\"image\":{\"@id\":\"https:\/\/fundasp.org.br\/radar\/lumen-palestra-aberta-amazonia-cultivada\/#primaryimage\"},\"thumbnailUrl\":\"https:\/\/radar.fundasp.org.br\/wp-content\/uploads\/2025\/06\/09062025-lumen-palestra-aberta-op2-1-e1755267727158.jpg\",\"datePublished\":\"2025-06-10T14:20:12+00:00\",\"dateModified\":\"2025-09-16T12:08:43+00:00\",\"description\":\"O N\u00facleo Lumen, subordinado \u00e0 Funda\u00e7\u00e3o, realizada na pr\u00f3xima sexta (13\/06), 11h, o evento online Amaz\u00f4nia cultivada: saberes ind\u00edgenas na constru\u00e7\u00e3o da\",\"breadcrumb\":{\"@id\":\"https:\/\/fundasp.org.br\/radar\/lumen-palestra-aberta-amazonia-cultivada\/#breadcrumb\"},\"inLanguage\":\"pt-BR\",\"potentialAction\":[{\"@type\":\"ReadAction\",\"target\":[\"https:\/\/fundasp.org.br\/radar\/lumen-palestra-aberta-amazonia-cultivada\/\"]}]},{\"@type\":\"ImageObject\",\"inLanguage\":\"pt-BR\",\"@id\":\"https:\/\/fundasp.org.br\/radar\/lumen-palestra-aberta-amazonia-cultivada\/#primaryimage\",\"url\":\"https:\/\/radar.fundasp.org.br\/wp-content\/uploads\/2025\/06\/09062025-lumen-palestra-aberta-op2-1-e1755267727158.jpg\",\"contentUrl\":\"https:\/\/radar.fundasp.org.br\/wp-content\/uploads\/2025\/06\/09062025-lumen-palestra-aberta-op2-1-e1755267727158.jpg\",\"width\":1080,\"height\":600},{\"@type\":\"BreadcrumbList\",\"@id\":\"https:\/\/fundasp.org.br\/radar\/lumen-palestra-aberta-amazonia-cultivada\/#breadcrumb\",\"itemListElement\":[{\"@type\":\"ListItem\",\"position\":1,\"name\":\"Home\",\"item\":\"https:\/\/fundasp.org.br\/radar\/\"},{\"@type\":\"ListItem\",\"position\":2,\"name\":\"Lumen: palestra aberta Amaz\u00f4nia Cultivada\"}]},{\"@type\":\"WebSite\",\"@id\":\"https:\/\/fundasp.org.br\/radar\/#website\",\"url\":\"https:\/\/fundasp.org.br\/radar\/\",\"name\":\"RADAR | Funda\u00e7\u00e3o S\u00e3o Paulo - FUNDASP\",\"description\":\"A FUNDA\u00c7\u00c3O S\u00c3O PAULO, Mantenedora da Pontif\u00edcia Universidade Cat\u00f3lica de S\u00e3o Paulo e desde 2019 do Centro Universit\u00e1rio Assun\u00e7\u00e3o, \u00e9 pessoa jur\u00eddica de fins n\u00e3o econ\u00f4micos, tendo sua sede na Capital do Estado de S\u00e3o Paulo.\",\"publisher\":{\"@id\":\"https:\/\/fundasp.org.br\/radar\/#organization\"},\"alternateName\":\"fundasp.org.br\/radar\/\",\"potentialAction\":[{\"@type\":\"SearchAction\",\"target\":{\"@type\":\"EntryPoint\",\"urlTemplate\":\"https:\/\/fundasp.org.br\/radar\/?s={search_term_string}\"},\"query-input\":{\"@type\":\"PropertyValueSpecification\",\"valueRequired\":true,\"valueName\":\"search_term_string\"}}],\"inLanguage\":\"pt-BR\"},{\"@type\":\"Organization\",\"@id\":\"https:\/\/fundasp.org.br\/radar\/#organization\",\"name\":\"RADAR | Funda\u00e7\u00e3o S\u00e3o Paulo - FUNDASP\",\"url\":\"https:\/\/fundasp.org.br\/radar\/\",\"logo\":{\"@type\":\"ImageObject\",\"inLanguage\":\"pt-BR\",\"@id\":\"https:\/\/fundasp.org.br\/radar\/#\/schema\/logo\/image\/\",\"url\":\"https:\/\/radar.fundasp.org.br\/wp-content\/uploads\/2025\/02\/img50.webp\",\"contentUrl\":\"https:\/\/radar.fundasp.org.br\/wp-content\/uploads\/2025\/02\/img50.webp\",\"width\":650,\"height\":360,\"caption\":\"RADAR | Funda\u00e7\u00e3o S\u00e3o Paulo - FUNDASP\"},\"image\":{\"@id\":\"https:\/\/fundasp.org.br\/radar\/#\/schema\/logo\/image\/\"},\"sameAs\":[\"https:\/\/www.facebook.com\/Fundasp\/\",\"https:\/\/www.instagram.com\/fundacaosaopaulo\/\",\"https:\/\/br.linkedin.com\/company\/funda\u00e7\u00e3o-s\u00e3o-paulo\"]},{\"@type\":\"Person\",\"@id\":\"https:\/\/fundasp.org.br\/radar\/#\/schema\/person\/62a91b27992430f374cc86ce652c28a1\",\"name\":\"cjbraga\",\"image\":{\"@type\":\"ImageObject\",\"inLanguage\":\"pt-BR\",\"@id\":\"https:\/\/secure.gravatar.com\/avatar\/f4ae8f4f19168adb99903e9ebd528cb40a0df6da3d912d7b72a5f9403f6294fe?s=96&d=mm&r=g\",\"url\":\"https:\/\/secure.gravatar.com\/avatar\/f4ae8f4f19168adb99903e9ebd528cb40a0df6da3d912d7b72a5f9403f6294fe?s=96&d=mm&r=g\",\"contentUrl\":\"https:\/\/secure.gravatar.com\/avatar\/f4ae8f4f19168adb99903e9ebd528cb40a0df6da3d912d7b72a5f9403f6294fe?s=96&d=mm&r=g\",\"caption\":\"cjbraga\"},\"url\":\"https:\/\/fundasp.org.br\/radar\/author\/cjbraga\/\"}]}<\/script>\n<!-- \/ Yoast SEO plugin. -->","yoast_head_json":{"title":"Lumen: palestra aberta Amaz\u00f4nia Cultivada | Radar FUNDASP","description":"O N\u00facleo Lumen, subordinado \u00e0 Funda\u00e7\u00e3o, realizada na pr\u00f3xima sexta (13\/06), 11h, o evento online Amaz\u00f4nia cultivada: saberes ind\u00edgenas na constru\u00e7\u00e3o da","robots":{"index":"index","follow":"follow","max-snippet":"max-snippet:-1","max-image-preview":"max-image-preview:large","max-video-preview":"max-video-preview:-1"},"canonical":"https:\/\/fundasp.org.br\/radar\/lumen-palestra-aberta-amazonia-cultivada\/","og_locale":"en_US","og_type":"article","og_title":"Lumen: palestra aberta Amaz\u00f4nia Cultivada | Radar FUNDASP","og_description":"O N\u00facleo Lumen, subordinado \u00e0 Funda\u00e7\u00e3o, realizada na pr\u00f3xima sexta (13\/06), 11h, o evento online Amaz\u00f4nia cultivada: saberes ind\u00edgenas na constru\u00e7\u00e3o da","og_url":"https:\/\/fundasp.org.br\/radar\/lumen-palestra-aberta-amazonia-cultivada\/","og_site_name":"Radar FUNDASP","article_publisher":"https:\/\/www.facebook.com\/Fundasp\/","article_published_time":"2025-06-10T14:20:12+00:00","article_modified_time":"2025-09-16T12:08:43+00:00","og_image":[{"width":1080,"height":600,"url":"https:\/\/radar.fundasp.org.br\/wp-content\/uploads\/2025\/06\/09062025-lumen-palestra-aberta-op2-1-e1755267727158.jpg","type":"image\/jpeg"}],"author":"cjbraga","twitter_card":"summary_large_image","schema":{"@context":"https:\/\/schema.org","@graph":[{"@type":"Article","@id":"https:\/\/fundasp.org.br\/radar\/lumen-palestra-aberta-amazonia-cultivada\/#article","isPartOf":{"@id":"https:\/\/fundasp.org.br\/radar\/lumen-palestra-aberta-amazonia-cultivada\/"},"author":{"name":"cjbraga","@id":"https:\/\/fundasp.org.br\/radar\/#\/schema\/person\/62a91b27992430f374cc86ce652c28a1"},"headline":"Lumen: palestra aberta Amaz\u00f4nia Cultivada","datePublished":"2025-06-10T14:20:12+00:00","dateModified":"2025-09-16T12:08:43+00:00","mainEntityOfPage":{"@id":"https:\/\/fundasp.org.br\/radar\/lumen-palestra-aberta-amazonia-cultivada\/"},"wordCount":238,"commentCount":0,"publisher":{"@id":"https:\/\/fundasp.org.br\/radar\/#organization"},"image":{"@id":"https:\/\/fundasp.org.br\/radar\/lumen-palestra-aberta-amazonia-cultivada\/#primaryimage"},"thumbnailUrl":"https:\/\/radar.fundasp.org.br\/wp-content\/uploads\/2025\/06\/09062025-lumen-palestra-aberta-op2-1-e1755267727158.jpg","articleSection":["Lumen"],"inLanguage":"pt-BR","potentialAction":[{"@type":"CommentAction","name":"Comment","target":["https:\/\/fundasp.org.br\/radar\/lumen-palestra-aberta-amazonia-cultivada\/#respond"]}]},{"@type":"WebPage","@id":"https:\/\/fundasp.org.br\/radar\/lumen-palestra-aberta-amazonia-cultivada\/","url":"https:\/\/fundasp.org.br\/radar\/lumen-palestra-aberta-amazonia-cultivada\/","name":"Lumen: palestra aberta Amaz\u00f4nia Cultivada | Radar FUNDASP","isPartOf":{"@id":"https:\/\/fundasp.org.br\/radar\/#website"},"primaryImageOfPage":{"@id":"https:\/\/fundasp.org.br\/radar\/lumen-palestra-aberta-amazonia-cultivada\/#primaryimage"},"image":{"@id":"https:\/\/fundasp.org.br\/radar\/lumen-palestra-aberta-amazonia-cultivada\/#primaryimage"},"thumbnailUrl":"https:\/\/radar.fundasp.org.br\/wp-content\/uploads\/2025\/06\/09062025-lumen-palestra-aberta-op2-1-e1755267727158.jpg","datePublished":"2025-06-10T14:20:12+00:00","dateModified":"2025-09-16T12:08:43+00:00","description":"O N\u00facleo Lumen, subordinado \u00e0 Funda\u00e7\u00e3o, realizada na pr\u00f3xima sexta (13\/06), 11h, o evento online Amaz\u00f4nia cultivada: saberes ind\u00edgenas na constru\u00e7\u00e3o da","breadcrumb":{"@id":"https:\/\/fundasp.org.br\/radar\/lumen-palestra-aberta-amazonia-cultivada\/#breadcrumb"},"inLanguage":"pt-BR","potentialAction":[{"@type":"ReadAction","target":["https:\/\/fundasp.org.br\/radar\/lumen-palestra-aberta-amazonia-cultivada\/"]}]},{"@type":"ImageObject","inLanguage":"pt-BR","@id":"https:\/\/fundasp.org.br\/radar\/lumen-palestra-aberta-amazonia-cultivada\/#primaryimage","url":"https:\/\/radar.fundasp.org.br\/wp-content\/uploads\/2025\/06\/09062025-lumen-palestra-aberta-op2-1-e1755267727158.jpg","contentUrl":"https:\/\/radar.fundasp.org.br\/wp-content\/uploads\/2025\/06\/09062025-lumen-palestra-aberta-op2-1-e1755267727158.jpg","width":1080,"height":600},{"@type":"BreadcrumbList","@id":"https:\/\/fundasp.org.br\/radar\/lumen-palestra-aberta-amazonia-cultivada\/#breadcrumb","itemListElement":[{"@type":"ListItem","position":1,"name":"Home","item":"https:\/\/fundasp.org.br\/radar\/"},{"@type":"ListItem","position":2,"name":"Lumen: palestra aberta Amaz\u00f4nia Cultivada"}]},{"@type":"WebSite","@id":"https:\/\/fundasp.org.br\/radar\/#website","url":"https:\/\/fundasp.org.br\/radar\/","name":"RADAR | Funda\u00e7\u00e3o S\u00e3o Paulo - FUNDASP","description":"A FUNDA\u00c7\u00c3O S\u00c3O PAULO, Mantenedora da Pontif\u00edcia Universidade Cat\u00f3lica de S\u00e3o Paulo e desde 2019 do Centro Universit\u00e1rio Assun\u00e7\u00e3o, \u00e9 pessoa jur\u00eddica de fins n\u00e3o econ\u00f4micos, tendo sua sede na Capital do Estado de S\u00e3o Paulo.","publisher":{"@id":"https:\/\/fundasp.org.br\/radar\/#organization"},"alternateName":"fundasp.org.br\/radar\/","potentialAction":[{"@type":"SearchAction","target":{"@type":"EntryPoint","urlTemplate":"https:\/\/fundasp.org.br\/radar\/?s={search_term_string}"},"query-input":{"@type":"PropertyValueSpecification","valueRequired":true,"valueName":"search_term_string"}}],"inLanguage":"pt-BR"},{"@type":"Organization","@id":"https:\/\/fundasp.org.br\/radar\/#organization","name":"RADAR | Funda\u00e7\u00e3o S\u00e3o Paulo - FUNDASP","url":"https:\/\/fundasp.org.br\/radar\/","logo":{"@type":"ImageObject","inLanguage":"pt-BR","@id":"https:\/\/fundasp.org.br\/radar\/#\/schema\/logo\/image\/","url":"https:\/\/radar.fundasp.org.br\/wp-content\/uploads\/2025\/02\/img50.webp","contentUrl":"https:\/\/radar.fundasp.org.br\/wp-content\/uploads\/2025\/02\/img50.webp","width":650,"height":360,"caption":"RADAR | Funda\u00e7\u00e3o S\u00e3o Paulo - FUNDASP"},"image":{"@id":"https:\/\/fundasp.org.br\/radar\/#\/schema\/logo\/image\/"},"sameAs":["https:\/\/www.facebook.com\/Fundasp\/","https:\/\/www.instagram.com\/fundacaosaopaulo\/","https:\/\/br.linkedin.com\/company\/funda\u00e7\u00e3o-s\u00e3o-paulo"]},{"@type":"Person","@id":"https:\/\/fundasp.org.br\/radar\/#\/schema\/person\/62a91b27992430f374cc86ce652c28a1","name":"cjbraga","image":{"@type":"ImageObject","inLanguage":"pt-BR","@id":"https:\/\/secure.gravatar.com\/avatar\/f4ae8f4f19168adb99903e9ebd528cb40a0df6da3d912d7b72a5f9403f6294fe?s=96&d=mm&r=g","url":"https:\/\/secure.gravatar.com\/avatar\/f4ae8f4f19168adb99903e9ebd528cb40a0df6da3d912d7b72a5f9403f6294fe?s=96&d=mm&r=g","contentUrl":"https:\/\/secure.gravatar.com\/avatar\/f4ae8f4f19168adb99903e9ebd528cb40a0df6da3d912d7b72a5f9403f6294fe?s=96&d=mm&r=g","caption":"cjbraga"},"url":"https:\/\/fundasp.org.br\/radar\/author\/cjbraga\/"}]}},"_links":{"self":[{"href":"https:\/\/fundasp.org.br\/radar\/wp-json\/wp\/v2\/posts\/900","targetHints":{"allow":["GET"]}}],"collection":[{"href":"https:\/\/fundasp.org.br\/radar\/wp-json\/wp\/v2\/posts"}],"about":[{"href":"https:\/\/fundasp.org.br\/radar\/wp-json\/wp\/v2\/types\/post"}],"author":[{"embeddable":true,"href":"https:\/\/fundasp.org.br\/radar\/wp-json\/wp\/v2\/users\/3"}],"replies":[{"embeddable":true,"href":"https:\/\/fundasp.org.br\/radar\/wp-json\/wp\/v2\/comments?post=900"}],"version-history":[{"count":1,"href":"https:\/\/fundasp.org.br\/radar\/wp-json\/wp\/v2\/posts\/900\/revisions"}],"predecessor-version":[{"id":1135,"href":"https:\/\/fundasp.org.br\/radar\/wp-json\/wp\/v2\/posts\/900\/revisions\/1135"}],"wp:featuredmedia":[{"embeddable":true,"href":"https:\/\/fundasp.org.br\/radar\/wp-json\/wp\/v2\/media\/903"}],"wp:attachment":[{"href":"https:\/\/fundasp.org.br\/radar\/wp-json\/wp\/v2\/media?parent=900"}],"wp:term":[{"taxonomy":"category","embeddable":true,"href":"https:\/\/fundasp.org.br\/radar\/wp-json\/wp\/v2\/categories?post=900"},{"taxonomy":"post_tag","embeddable":true,"href":"https:\/\/fundasp.org.br\/radar\/wp-json\/wp\/v2\/tags?post=900"}],"curies":[{"name":"wp","href":"https:\/\/api.w.org\/{rel}","templated":true}]}}